{"id":39975,"date":"2023-02-01T09:54:38","date_gmt":"2023-02-01T15:54:38","guid":{"rendered":"https:\/\/informativoelvalledeaguascalientes.online\/?p=39975"},"modified":"2023-02-01T09:54:38","modified_gmt":"2023-02-01T15:54:38","slug":"anuncia-iea-periodo-de-inscripciones-para-alumnos-de-educacion-basica-para-el-ciclo-escolar-2023-2024","status":"publish","type":"post","link":"https:\/\/informativoelvalledeaguascalientes.online\/?p=39975","title":{"rendered":"ANUNCIA IEA PERIODO DE INSCRIPCIONES PARA ALUMNOS DE EDUCACI\u00d3N B\u00c1SICA PARA EL CICLO ESCOLAR 2023-2024"},"content":{"rendered":"<p><strong><a href=\"https:\/\/www.facebook.com\/hashtag\/informativoelvalledeaguascalientes\">#informativoelvalledeaguascalientes<\/a><\/strong><\/p>\n<p><strong><a href=\"https:\/\/www.facebook.com\/hashtag\/novaradioaguascalientes\">#novaradioaguascalientes<\/a><\/strong><\/p>\n<p><strong><a href=\"https:\/\/www.facebook.com\/GobiernodeAguascalientes\">#ElGiganteDeMexico<\/a><\/strong><\/p>\n<p>&nbsp;<\/p>\n<p>&nbsp;<\/p>\n<ul class=\"public-DraftStyleDefault-ul\">\n<li id=\"viewer-foo\" class=\"_3Kjjs _78FBa public-DraftStyleDefault-unorderedListItem public-DraftStyleDefault-depth0 public-DraftStyleDefault-list-ltr fixed-tab-size public-DraftStyleDefault-reset _1FoOD _78FBa\">\n<p class=\"_1j-51 _1FoOD _78FBa undefined\"><strong><em>odos los alumnos que ingresan por primera vez a preescolar, a 1\u00b0 de primaria y 1\u00b0 de secundaria, pueden realizar su proceso de inscripci\u00f3n en l\u00ednea a trav\u00e9s de la p\u00e1gina: <\/em><\/strong><a class=\"_3Bkfb _1lsz7\" href=\"http:\/\/inscripciones.iea.edu.mx\/\" target=\"_self\" rel=\"noopener noreferrer\" data-hook=\"linkViewer\"><strong><em><u class=\"_3zM-5\">http:\/\/inscripciones.iea.edu.mx<\/u><\/em><\/strong><\/a><\/p>\n<\/li>\n<li id=\"viewer-bz4tz370\" class=\"_3Kjjs _78FBa public-DraftStyleDefault-unorderedListItem public-DraftStyleDefault-depth0 public-DraftStyleDefault-list-ltr fixed-tab-size _1FoOD _78FBa\">\n<p class=\"_1j-51 _1FoOD _78FBa undefined\"><strong><em>La etapa para realizar el registro, asignar plantel y hacer solicitud de cambio, se llevar\u00e1 a cabo del 1 al 15 de febrero de 2023<\/em><\/strong><\/p>\n<\/li>\n<\/ul>\n<div id=\"viewer-lb3xo372\" class=\"mm8Nw _1j-51 _1FoOD _3M0Fe public-DraftStyleDefault-block-depth0 fixed-tab-size public-DraftStyleDefault-text-ltr\"><span class=\"_2PHJq public-DraftStyleDefault-ltr\">\u00a0<\/span><\/div>\n<p id=\"viewer-p4nnd373\" class=\"mm8Nw _1j-51 _1FoOD _78FBa public-DraftStyleDefault-block-depth0 fixed-tab-size public-DraftStyleDefault-text-ltr\"><span class=\"_2PHJq public-DraftStyleDefault-ltr\">El Instituto de Educaci\u00f3n de Aguascalientes informa que las inscripciones para el ciclo escolar 2023-2024 ser\u00e1n en l\u00ednea, por lo que las alumnas y alumnos que ingresar\u00e1n por primera vez a preescolar, a primer grado de primaria y a primer grado de secundaria en escuelas p\u00fablicas, podr\u00e1n realizar su registro en la p\u00e1gina <a class=\"_3Bkfb _1lsz7\" href=\"http:\/\/inscripciones.iea.edu.mx\/\" target=\"_self\" rel=\"noopener noreferrer\" data-hook=\"linkViewer\"><u class=\"_3zM-5\">http:\/\/inscripciones.iea.edu.mx<\/u><\/a> del 1 al 15 de febrero.\u00a0<\/span><\/p>\n<div id=\"viewer-p4k9u377\" class=\"mm8Nw _1j-51 _1FoOD _78FBa public-DraftStyleDefault-block-depth0 fixed-tab-size public-DraftStyleDefault-text-ltr\"><span class=\"_2PHJq public-DraftStyleDefault-ltr\">\u00a0<\/span><\/div>\n<p id=\"viewer-2vdlu378\" class=\"mm8Nw _1j-51 _1FoOD _78FBa public-DraftStyleDefault-block-depth0 fixed-tab-size public-DraftStyleDefault-text-ltr\"><span class=\"_2PHJq public-DraftStyleDefault-ltr\">Para realizar este proceso se requiere la CURP del alumno, y una vez que se haya llenado el formulario con los datos solicitados y haber elegido hasta tres opciones de escuelas cercanas a su domicilio, ser\u00e1 indispensable imprimir el comprobante correspondiente.\u00a0<\/span><\/p>\n<div id=\"viewer-gc3em380\" class=\"mm8Nw _1j-51 _1FoOD _78FBa public-DraftStyleDefault-block-depth0 fixed-tab-size public-DraftStyleDefault-text-ltr\"><span class=\"_2PHJq public-DraftStyleDefault-ltr\">\u00a0<\/span><\/div>\n<p id=\"viewer-4pfh0381\" class=\"mm8Nw _1j-51 _1FoOD _78FBa public-DraftStyleDefault-block-depth0 fixed-tab-size public-DraftStyleDefault-text-ltr\"><span class=\"_2PHJq public-DraftStyleDefault-ltr\">Los estudiantes que ya forman parte del sistema educativo estatal podr\u00e1n ingresar a la p\u00e1gina web utilizando su CURP y la del padre, madre o tutor, de manera que, cuando ingresen, podr\u00e1n verificar la escuela que les fue asignada; si dicho plantel no est\u00e1 acorde a sus necesidades, tendr\u00e1n la oportunidad de realizar una Solicitud de Cambio y podr\u00e1n elegir la o las escuelas deseadas para imprimir su comprobante.<\/span><\/p>\n<div id=\"viewer-c3z9v383\" class=\"mm8Nw _1j-51 _1FoOD _78FBa public-DraftStyleDefault-block-depth0 fixed-tab-size public-DraftStyleDefault-text-ltr\"><span class=\"_2PHJq public-DraftStyleDefault-ltr\">\u00a0<\/span><\/div>\n<p id=\"viewer-vnjhx384\" class=\"mm8Nw _1j-51 _1FoOD _78FBa public-DraftStyleDefault-block-depth0 fixed-tab-size public-DraftStyleDefault-text-ltr\"><span class=\"_2PHJq public-DraftStyleDefault-ltr\">Los criterios de asignaci\u00f3n ser\u00e1n los siguientes: tener hermanas o hermanos que estudian actualmente en la escuela solicitada, as\u00ed como la cercan\u00eda del plantel de procedencia. Para estudiantes de nuevo ingreso a preescolar, primaria y secundaria provenientes de escuelas particulares, rezagados o for\u00e1neos, se mantiene el criterio de la cercan\u00eda del domicilio con la escuela solicitada.<\/span><\/p>\n<div id=\"viewer-zae9f386\" class=\"mm8Nw _1j-51 _1FoOD _78FBa public-DraftStyleDefault-block-depth0 fixed-tab-size public-DraftStyleDefault-text-ltr\"><span class=\"_2PHJq public-DraftStyleDefault-ltr\">\u00a0<\/span><\/div>\n<p id=\"viewer-zvvg0387\" class=\"mm8Nw _1j-51 _1FoOD _78FBa public-DraftStyleDefault-block-depth0 fixed-tab-size public-DraftStyleDefault-text-ltr\"><span class=\"_2PHJq public-DraftStyleDefault-ltr\">Las asignaciones de los cambios de plantel solicitados, se podr\u00e1n consultar del 17 al 21 de julio en la p\u00e1gina de internet del IEA <a class=\"_3Bkfb _1lsz7\" href=\"http:\/\/www.iea.gob.mx\/\" target=\"_self\" rel=\"noopener noreferrer\" data-hook=\"linkViewer\"><u class=\"_3zM-5\">www.iea.gob.mx<\/u><\/a> o bien, a trav\u00e9s de <a class=\"_3Bkfb _1lsz7\" href=\"http:\/\/inscripciones.iea.edu.mx\/\" target=\"_self\" rel=\"noopener noreferrer\" data-hook=\"linkViewer\"><u class=\"_3zM-5\">http:\/\/inscripciones.iea.edu.mx<\/u><\/a>.<\/span><\/p>\n<div id=\"viewer-lro7h393\" class=\"mm8Nw _1j-51 _1FoOD _78FBa public-DraftStyleDefault-block-depth0 fixed-tab-size public-DraftStyleDefault-text-ltr\"><span class=\"_2PHJq public-DraftStyleDefault-ltr\">\u00a0<\/span><\/div>\n<p id=\"viewer-y06x5394\" class=\"mm8Nw _1j-51 _1FoOD _78FBa public-DraftStyleDefault-block-depth0 fixed-tab-size public-DraftStyleDefault-text-ltr\"><span class=\"_2PHJq public-DraftStyleDefault-ltr\">Las y los interesados pueden recibir orientaci\u00f3n para llevar a cabo el tr\u00e1mite en l\u00ednea directamente en la escuela de procedencia o la m\u00e1s cercana a su domicilio, as\u00ed como en cualquiera de los Sistema de Asesor\u00eda y Acompa\u00f1amiento a las Escuelas (Sisaae).\u00a0<\/span><\/p>\n<div id=\"viewer-brczv396\" class=\"mm8Nw _1j-51 _1FoOD _78FBa public-DraftStyleDefault-block-depth0 fixed-tab-size public-DraftStyleDefault-text-ltr\"><span class=\"_2PHJq public-DraftStyleDefault-ltr\">\u00a0<\/span><\/div>\n<p id=\"viewer-zoivu397\" class=\"mm8Nw _1j-51 _1FoOD _78FBa public-DraftStyleDefault-block-depth0 fixed-tab-size public-DraftStyleDefault-text-ltr\"><span class=\"_2PHJq public-DraftStyleDefault-ltr\">Adem\u00e1s, se pueden asesorar en la l\u00ednea Educatel 449 974 06 06, con atenci\u00f3n de lunes a viernes de 8:00 a 14:00 horas. El tr\u00e1mite es sencillo y se puede efectuar desde cualquier tel\u00e9fono celular, tableta o computadora con conexi\u00f3n a internet.<\/span><\/p>\n","protected":false},"excerpt":{"rendered":"<p>#informativoelvalledeaguascalientes #novaradioaguascalientes #ElGiganteDeMexico &nbsp; &nbsp; odos los alumnos que ingresan por primera vez a preescolar, a 1\u00b0 de primaria y 1\u00b0 de secundaria, pueden realizar su proceso de inscripci\u00f3n en l\u00ednea a trav\u00e9s de la p\u00e1gina: http:\/\/inscripciones.iea.edu.mx La etapa para realizar el registro, asignar plantel y hacer solicitud de cambio, se llevar\u00e1 a cabo del [&hellip;]<\/p>\n","protected":false},"author":1,"featured_media":39976,"comment_status":"closed","ping_status":"open","sticky":false,"template":"","format":"standard","meta":{"advanced_seo_description":"","jetpack_seo_html_title":"","jetpack_seo_noindex":false,"_jetpack_memberships_contains_paid_content":false,"footnotes":"","jetpack_publicize_message":"","jetpack_publicize_feature_enabled":true,"jetpack_social_post_already_shared":true,"jetpack_social_options":{"image_generator_settings":{"template":"highway","default_image_id":0,"font":"","enabled":false},"version":2}},"categories":[21,4],"tags":[22,161,39],"class_list":["post-39975","post","type-post","status-publish","format-standard","has-post-thumbnail","hentry","category-aguascalientes","category-gobierno-del-estado-aguascalientes","tag-aguascalientes","tag-gobierno-del-estado-aguascalientes","tag-iea"],"jetpack_publicize_connections":[],"jetpack_featured_media_url":"https:\/\/i0.wp.com\/informativoelvalledeaguascalientes.online\/wp-content\/uploads\/2023\/02\/iea_inscripciones_en_lnea_.jpg?fit=2248%2C1938&ssl=1","jetpack-related-posts":[],"jetpack_sharing_enabled":true,"jetpack_likes_enabled":true,"_links":{"self":[{"href":"https:\/\/informativoelvalledeaguascalientes.online\/index.php?rest_route=\/wp\/v2\/posts\/39975","targetHints":{"allow":["GET"]}}],"collection":[{"href":"https:\/\/informativoelvalledeaguascalientes.online\/index.php?rest_route=\/wp\/v2\/posts"}],"about":[{"href":"https:\/\/informativoelvalledeaguascalientes.online\/index.php?rest_route=\/wp\/v2\/types\/post"}],"author":[{"embeddable":true,"href":"https:\/\/informativoelvalledeaguascalientes.online\/index.php?rest_route=\/wp\/v2\/users\/1"}],"replies":[{"embeddable":true,"href":"https:\/\/informativoelvalledeaguascalientes.online\/index.php?rest_route=%2Fwp%2Fv2%2Fcomments&post=39975"}],"version-history":[{"count":1,"href":"https:\/\/informativoelvalledeaguascalientes.online\/index.php?rest_route=\/wp\/v2\/posts\/39975\/revisions"}],"predecessor-version":[{"id":39977,"href":"https:\/\/informativoelvalledeaguascalientes.online\/index.php?rest_route=\/wp\/v2\/posts\/39975\/revisions\/39977"}],"wp:featuredmedia":[{"embeddable":true,"href":"https:\/\/informativoelvalledeaguascalientes.online\/index.php?rest_route=\/wp\/v2\/media\/39976"}],"wp:attachment":[{"href":"https:\/\/informativoelvalledeaguascalientes.online\/index.php?rest_route=%2Fwp%2Fv2%2Fmedia&parent=39975"}],"wp:term":[{"taxonomy":"category","embeddable":true,"href":"https:\/\/informativoelvalledeaguascalientes.online\/index.php?rest_route=%2Fwp%2Fv2%2Fcategories&post=39975"},{"taxonomy":"post_tag","embeddable":true,"href":"https:\/\/informativoelvalledeaguascalientes.online\/index.php?rest_route=%2Fwp%2Fv2%2Ftags&post=39975"}],"curies":[{"name":"wp","href":"https:\/\/api.w.org\/{rel}","templated":true}]}}