{"id":39971,"date":"2023-02-01T09:45:15","date_gmt":"2023-02-01T15:45:15","guid":{"rendered":"https:\/\/informativoelvalledeaguascalientes.online\/?p=39971"},"modified":"2023-02-01T09:45:15","modified_gmt":"2023-02-01T15:45:15","slug":"anuncia-municipio-la-apertura-de-las-laterales-de-av-aguascalientes-en-el-puente-del-fraccionamiento-mexico","status":"publish","type":"post","link":"https:\/\/informativoelvalledeaguascalientes.online\/?p=39971","title":{"rendered":"ANUNCIA MUNICIPIO LA APERTURA DE LAS LATERALES DE AV. AGUASCALIENTES EN EL PUENTE DEL FRACCIONAMIENTO M\u00c9XICO"},"content":{"rendered":"<p><strong><a href=\"https:\/\/www.facebook.com\/hashtag\/informativoelvalledeaguascalientes\">#informativoelvalledeaguascalientes<\/a><\/strong><\/p>\n<p><strong><a href=\"https:\/\/www.facebook.com\/hashtag\/novaradioaguascalientes\">#novaradioaguascalientes<\/a><\/strong><\/p>\n<p><strong><a class=\"x1i10hfl xjbqb8w x6umtig x1b1mbwd xaqea5y xav7gou x9f619 x1ypdohk xt0psk2 xe8uvvx xdj266r x11i5rnm xat24cr x1mh8g0r xexx8yu x4uap5 x18d9i69 xkhd6sd x16tdsg8 x1hl2dhg xggy1nq x1a2a7pz xt0b8zv x1qq9wsj xo1l8bm\" tabindex=\"0\" role=\"link\" href=\"https:\/\/www.facebook.com\/hashtag\/laciudaddetuvida?__eep__=6&amp;__cft__[0]=AZVUzG-uzEgkHBxlWi4clX4-qXx_nfGicugdShvx3oYxvDeUIl1My5bfFXiXTmVU7O9FCNwHdVuQiVqIjO99-u7dxeUq1S3CqcB1PNpBXLQtm-Q1JLiRFFX8c4SEMe3VqRRgSs9kS8-Ajp6HnW6ebLd3GeB3j-SCsEGrTUVXz1WdbDeQs8bs0Dry33nLaV6fVU4&amp;__tn__=*NK-R\">#LaCiudadDeTuVida<\/a><\/strong><\/p>\n<p>&nbsp;<\/p>\n<ul>\n<li><strong><em>La reapertura se dar\u00e1 a partir de este mi\u00e9rcoles 1 de febrero y ser\u00e1 temporal e intermitente de acuerdo a los avances en la obra de rehabilitaci\u00f3n<\/em><\/strong><\/li>\n<\/ul>\n<p>&nbsp;<\/p>\n<p>La Presidencia Municipal de Aguascalientes dio a conocer que a partir de este mi\u00e9rcoles 1 de febrero se abrir\u00e1n a la circulaci\u00f3n vehicular las laterales de la avenida Aguascalientes Sur a la altura del fraccionamiento M\u00e9xico, para dar mayor fluidez vial a la zona mientras se realizan los trabajos de rehabilitaci\u00f3n del puente que se ubica en este punto.<\/p>\n<p>&nbsp;<\/p>\n<p>El presidente municipal,\u00a0<strong>Leo Monta\u00f1ez<\/strong>, encabez\u00f3 la apertura de las laterales y dijo que autoridades de la Secretar\u00eda de Obras P\u00fablicas Municipales, de la Secretar\u00eda de Infraestructura, Comunicaciones y Transportes, de la Coordinaci\u00f3n General de Movilidad en el Estado, de la Direcci\u00f3n de Movilidad de la Secretar\u00eda de Seguridad P\u00fablica Municipal y el perito responsable de la obra, acordaron autorizar esta reapertura, luego de constatar que el lugar cuenta con los se\u00f1alamientos viales horizontales y verticales adecuados y acordes a la normatividad vigente, y que adem\u00e1s existen las condiciones de seguridad para el paso de veh\u00edculos y peatones.<\/p>\n<p>&nbsp;<\/p>\n<p>El presidente municipal anunci\u00f3 tambi\u00e9n que se contar\u00e1 con el apoyo de patrullas de la Polic\u00eda Vial en puntos estrat\u00e9gicos que supervisar\u00e1n que los conductores transiten a baja velocidad, y que, adem\u00e1s, brindar\u00e1n apoyo para la incorporaci\u00f3n de los veh\u00edculos a las laterales, especialmente a las horas de entrada y salida de las escuelas de la zona.<\/p>\n<p>&nbsp;<\/p>\n<p>Cabe se\u00f1alar que por el momento no se permitir\u00e1 el acceso a las laterales al transporte pesado que exceda las 3.5 toneladas, ni de productos peligrosos.<\/p>\n<p>&nbsp;<\/p>\n<p>Esta apertura ser\u00e1 temporal e intermitente, con cierres ocasionales, pues se estima que en cuatro semanas inicie el proceso de montaje de la estructura met\u00e1lica, por lo que se tendr\u00e1 que cerrar temporalmente el carril sur y posteriormente el norte, trabajos de los cuales se avisar\u00e1 oportunamente a la ciudadan\u00eda para que tomen las debidas precauciones.<\/p>\n<p>&nbsp;<\/p>\n<p>Finalmente,\u00a0<strong>Leo Monta\u00f1ez<\/strong>\u00a0se\u00f1al\u00f3 que estas medidas buscan garantizar la seguridad de los vecinos, peatones y conductores, adem\u00e1s de continuar con las obras de rehabilitaci\u00f3n del puente de la M\u00e9xico de una manera fluida.<\/p>\n<p>A la reapertura de las laterales tambi\u00e9n asisti\u00f3 la regidora<strong>\u00a0Mar\u00eda Guadalupe Arellano Espinosa,<\/strong>\u00a0el secretario de Obras P\u00fablicas Municipales,\u00a0<strong>Miguel \u00c1ngel Hu\u00edzar Botello<\/strong>\u00a0y el director de Movilidad de la SSPM,\u00a0<strong>Arturo Mart\u00ednez Morales.<\/strong><\/p>\n","protected":false},"excerpt":{"rendered":"<p>#informativoelvalledeaguascalientes #novaradioaguascalientes #LaCiudadDeTuVida &nbsp; La reapertura se dar\u00e1 a partir de este mi\u00e9rcoles 1 de febrero y ser\u00e1 temporal e intermitente de acuerdo a los avances en la obra de rehabilitaci\u00f3n &nbsp; La Presidencia Municipal de Aguascalientes dio a conocer que a partir de este mi\u00e9rcoles 1 de febrero se abrir\u00e1n a la circulaci\u00f3n vehicular [&hellip;]<\/p>\n","protected":false},"author":1,"featured_media":39972,"comment_status":"closed","ping_status":"open","sticky":false,"template":"","format":"standard","meta":{"advanced_seo_description":"","jetpack_seo_html_title":"","jetpack_seo_noindex":false,"_jetpack_memberships_contains_paid_content":false,"footnotes":"","jetpack_publicize_message":"","jetpack_publicize_feature_enabled":true,"jetpack_social_post_already_shared":true,"jetpack_social_options":{"image_generator_settings":{"template":"highway","default_image_id":0,"font":"","enabled":false},"version":2}},"categories":[21,3],"tags":[22,25,133],"class_list":["post-39971","post","type-post","status-publish","format-standard","has-post-thumbnail","hentry","category-aguascalientes","category-municipio-aguascalientes","tag-aguascalientes","tag-mpio-aguascalientes","tag-mpio-aguascalientes-sopma"],"jetpack_publicize_connections":[],"jetpack_featured_media_url":"https:\/\/i0.wp.com\/informativoelvalledeaguascalientes.online\/wp-content\/uploads\/2023\/02\/mpio-ags-laterales-de-la-mex.jpeg?fit=1600%2C1600&ssl=1","jetpack-related-posts":[],"jetpack_sharing_enabled":true,"jetpack_likes_enabled":true,"_links":{"self":[{"href":"https:\/\/informativoelvalledeaguascalientes.online\/index.php?rest_route=\/wp\/v2\/posts\/39971","targetHints":{"allow":["GET"]}}],"collection":[{"href":"https:\/\/informativoelvalledeaguascalientes.online\/index.php?rest_route=\/wp\/v2\/posts"}],"about":[{"href":"https:\/\/informativoelvalledeaguascalientes.online\/index.php?rest_route=\/wp\/v2\/types\/post"}],"author":[{"embeddable":true,"href":"https:\/\/informativoelvalledeaguascalientes.online\/index.php?rest_route=\/wp\/v2\/users\/1"}],"replies":[{"embeddable":true,"href":"https:\/\/informativoelvalledeaguascalientes.online\/index.php?rest_route=%2Fwp%2Fv2%2Fcomments&post=39971"}],"version-history":[{"count":1,"href":"https:\/\/informativoelvalledeaguascalientes.online\/index.php?rest_route=\/wp\/v2\/posts\/39971\/revisions"}],"predecessor-version":[{"id":39973,"href":"https:\/\/informativoelvalledeaguascalientes.online\/index.php?rest_route=\/wp\/v2\/posts\/39971\/revisions\/39973"}],"wp:featuredmedia":[{"embeddable":true,"href":"https:\/\/informativoelvalledeaguascalientes.online\/index.php?rest_route=\/wp\/v2\/media\/39972"}],"wp:attachment":[{"href":"https:\/\/informativoelvalledeaguascalientes.online\/index.php?rest_route=%2Fwp%2Fv2%2Fmedia&parent=39971"}],"wp:term":[{"taxonomy":"category","embeddable":true,"href":"https:\/\/informativoelvalledeaguascalientes.online\/index.php?rest_route=%2Fwp%2Fv2%2Fcategories&post=39971"},{"taxonomy":"post_tag","embeddable":true,"href":"https:\/\/informativoelvalledeaguascalientes.online\/index.php?rest_route=%2Fwp%2Fv2%2Ftags&post=39971"}],"curies":[{"name":"wp","href":"https:\/\/api.w.org\/{rel}","templated":true}]}}