{"id":39944,"date":"2023-01-31T01:15:01","date_gmt":"2023-01-31T07:15:01","guid":{"rendered":"https:\/\/informativoelvalledeaguascalientes.online\/?p=39944"},"modified":"2023-01-31T01:15:01","modified_gmt":"2023-01-31T07:15:01","slug":"inaugura-tere-jimenez-nueva-terminal-de-camiones-en-el-sur-oriente-de-la-capital","status":"publish","type":"post","link":"https:\/\/informativoelvalledeaguascalientes.online\/?p=39944","title":{"rendered":"INAUGURA TERE JIM\u00c9NEZ NUEVA TERMINAL DE CAMIONES EN EL SUR-ORIENTE DE LA CAPITAL"},"content":{"rendered":"<p><strong><a href=\"https:\/\/www.facebook.com\/hashtag\/informativoelvalledeaguascalientes\">#informativoelvalledeaguascalientes<\/a> <\/strong><\/p>\n<p><strong><a href=\"https:\/\/www.facebook.com\/hashtag\/novaradioaguascalientes\">#novaradioaguascalientes<\/a><\/strong><\/p>\n<p><strong><a href=\"https:\/\/www.facebook.com\/GobiernodeAguascalientes\">#ElGiganteDeMexico<\/a><\/strong><\/p>\n<ul class=\"public-DraftStyleDefault-ul\">\n<li id=\"viewer-m5s9o536\" class=\"_3Kjjs _78FBa public-DraftStyleDefault-unorderedListItem public-DraftStyleDefault-depth0 public-DraftStyleDefault-list-ltr fixed-tab-size public-DraftStyleDefault-reset _1FoOD _78FBa\">\n<p class=\"_1j-51 _1FoOD _78FBa undefined\"><strong><em>Con ello se mejora la calidad en el servicio que se brinda a los cerca de 12 mil usuarios de camiones urbanos que a diario utilizan rutas como la 2, 27 y 45<\/em><\/strong><\/p>\n<\/li>\n<li id=\"viewer-v0bvu539\" class=\"_3Kjjs _78FBa public-DraftStyleDefault-unorderedListItem public-DraftStyleDefault-depth0 public-DraftStyleDefault-list-ltr fixed-tab-size _1FoOD _78FBa\">\n<p class=\"_1j-51 _1FoOD _78FBa undefined\"><strong><em>El objetivo es que la poblaci\u00f3n tenga espacios dignos, seguros y confiables para abordar el transporte p\u00fablico: Tere Jim\u00e9nez<\/em><\/strong><\/p>\n<\/li>\n<li id=\"viewer-h1vn3542\" class=\"_3Kjjs _78FBa public-DraftStyleDefault-unorderedListItem public-DraftStyleDefault-depth0 public-DraftStyleDefault-list-ltr fixed-tab-size _1FoOD _78FBa\">\n<p class=\"_1j-51 _1FoOD _78FBa undefined\"><strong><em>En estas terminales, las y los choferes cuentan con ba\u00f1os, regaderas, enfermer\u00eda, zonas de descanso, comedores y vestidores, entre otros beneficios<\/em><\/strong><\/p>\n<\/li>\n<\/ul>\n<div id=\"viewer-xdwgy544\" class=\"mm8Nw _1j-51 _1FoOD _78FBa public-DraftStyleDefault-block-depth0 fixed-tab-size public-DraftStyleDefault-text-ltr\"><span class=\"_2PHJq public-DraftStyleDefault-ltr\">\u00a0<\/span><\/div>\n<p id=\"viewer-4nnh0545\" class=\"mm8Nw _1j-51 _1FoOD _78FBa public-DraftStyleDefault-block-depth0 fixed-tab-size public-DraftStyleDefault-text-ltr\"><span class=\"_2PHJq public-DraftStyleDefault-ltr\">La gobernadora Tere Jim\u00e9nez inaugur\u00f3 la terminal YOVOY Sur-Oriente \u201cValle de los Cactus\u201d, con lo que se mejora la calidad en el servicio que se brinda a los cerca de 12 mil usuarios de camiones urbanos que a diario utilizan las rutas que circulan por esa zona de la ciudad capital.<\/span><\/p>\n<div id=\"viewer-99x0k547\" class=\"mm8Nw _1j-51 _1FoOD _78FBa public-DraftStyleDefault-block-depth0 fixed-tab-size public-DraftStyleDefault-text-ltr\"><span class=\"_2PHJq public-DraftStyleDefault-ltr\">\u00a0<\/span><\/div>\n<p id=\"viewer-3bkkn548\" class=\"mm8Nw _1j-51 _1FoOD _78FBa public-DraftStyleDefault-block-depth0 fixed-tab-size public-DraftStyleDefault-text-ltr\"><span class=\"_2PHJq public-DraftStyleDefault-ltr\">\u201cLas terminales YOVOY son para beneficio de todos, tanto de los usuarios como de los choferes. El objetivo es que la poblaci\u00f3n tenga espacios dignos, seguros y confiables para abordar las unidades del transporte p\u00fablico y que las y los operadores tengan condiciones favorables para desempe\u00f1ar su trabajo\u201d, dijo.<\/span><\/p>\n<div id=\"viewer-kmsi4550\" class=\"mm8Nw _1j-51 _1FoOD _78FBa public-DraftStyleDefault-block-depth0 fixed-tab-size public-DraftStyleDefault-text-ltr\"><span class=\"_2PHJq public-DraftStyleDefault-ltr\">\u00a0<\/span><\/div>\n<p id=\"viewer-to5hk551\" class=\"mm8Nw _1j-51 _1FoOD _78FBa public-DraftStyleDefault-block-depth0 fixed-tab-size public-DraftStyleDefault-text-ltr\"><span class=\"_2PHJq public-DraftStyleDefault-ltr\">Tere Jim\u00e9nez coment\u00f3 que esta infraestructura, en la que se invirtieron 70 millones de pesos, contribuye a mejorar y modernizar el sistema de transporte p\u00fablico y sienta las bases para futuros proyectos, como incluir en este esquema a las \u201ccombis\u201d, taxis y transporte escolar, para utilizar la misma forma de pago en todas las modalidades, realizar trasbordos y facilitar la movilidad multimodal.<\/span><\/p>\n<div id=\"viewer-o3n1m553\" class=\"mm8Nw _1j-51 _1FoOD _78FBa public-DraftStyleDefault-block-depth0 fixed-tab-size public-DraftStyleDefault-text-ltr\"><span class=\"_2PHJq public-DraftStyleDefault-ltr\">\u00a0<\/span><\/div>\n<p id=\"viewer-h7hkz554\" class=\"mm8Nw _1j-51 _1FoOD _78FBa public-DraftStyleDefault-block-depth0 fixed-tab-size public-DraftStyleDefault-text-ltr\"><span class=\"_2PHJq public-DraftStyleDefault-ltr\">Explic\u00f3 que este nuevo espacio albergar\u00e1 a m\u00e1s de 100 autobuses y permitir\u00e1 conectarse con los ejes Norte-Sur y el eje troncal Siglo XXI, adem\u00e1s de facilitar el trasbordo con el transporte colectivo for\u00e1neo que une la zona metropolitana con el municipio de El Llano y la delegaci\u00f3n urbana de Calvillito, as\u00ed como el traslado de la comunidad escolar de la Universidad Tecnol\u00f3gica El Reto\u00f1o.<\/span><\/p>\n<div id=\"viewer-or1gp556\" class=\"mm8Nw _1j-51 _1FoOD _78FBa public-DraftStyleDefault-block-depth0 fixed-tab-size public-DraftStyleDefault-text-ltr\"><span class=\"_2PHJq public-DraftStyleDefault-ltr\">\u00a0<\/span><\/div>\n<p id=\"viewer-w3v0q557\" class=\"mm8Nw _1j-51 _1FoOD _78FBa public-DraftStyleDefault-block-depth0 fixed-tab-size public-DraftStyleDefault-text-ltr\"><span class=\"_2PHJq public-DraftStyleDefault-ltr\">Por su parte, el coordinador general de Movilidad en el estado, Ricardo Serrano Rangel, precis\u00f3 que esta nueva terminal se suma a las cuatro que ya funcionan en puntos estrat\u00e9gicos de la zona metropolitana: Sur, en Av. Mahatma Gandhi; Norte, en Av. Independencia; Poniente, en Los Negritos; y Oriente, en Av. Miguel \u00c1ngel Barberena Vega.<\/span><\/p>\n<div id=\"viewer-zvv4a559\" class=\"mm8Nw _1j-51 _1FoOD _78FBa public-DraftStyleDefault-block-depth0 fixed-tab-size public-DraftStyleDefault-text-ltr\"><span class=\"_2PHJq public-DraftStyleDefault-ltr\">\u00a0<\/span><\/div>\n<p id=\"viewer-un7pp560\" class=\"mm8Nw _1j-51 _1FoOD _78FBa public-DraftStyleDefault-block-depth0 fixed-tab-size public-DraftStyleDefault-text-ltr\"><span class=\"_2PHJq public-DraftStyleDefault-ltr\">Detall\u00f3 que las terminales tambi\u00e9n cuentan con estacionamientos para que usuarios de bicicletas que requieran hacer uso del transporte p\u00fablico puedan resguardarlas en un lugar seguro, hacer su viaje y, posteriormente, regresar por ellas.<\/span><\/p>\n<div id=\"viewer-2baui562\" class=\"mm8Nw _1j-51 _1FoOD _78FBa public-DraftStyleDefault-block-depth0 fixed-tab-size public-DraftStyleDefault-text-ltr\"><span class=\"_2PHJq public-DraftStyleDefault-ltr\">\u00a0<\/span><\/div>\n<p id=\"viewer-6cshv563\" class=\"mm8Nw _1j-51 _1FoOD _78FBa public-DraftStyleDefault-block-depth0 fixed-tab-size public-DraftStyleDefault-text-ltr\"><span class=\"_2PHJq public-DraftStyleDefault-ltr\">De igual manera, hizo hincapi\u00e9 en que buscando dignificar la importante labor de las y los operadores del transporte p\u00fablico, las instalaciones de su base ahora cuentan con ba\u00f1os, regaderas, enfermer\u00eda, zonas de descanso, comedores, vestidores, taller mec\u00e1nico, patio de encierro y \u00e1rea de lavado; adem\u00e1s de todas las prestaciones de ley, como seguro social, bonos salariales, vacaciones, aguinaldo, entre otras.<\/span><\/p>\n<div id=\"viewer-h0j27565\" class=\"mm8Nw _1j-51 _1FoOD _78FBa public-DraftStyleDefault-block-depth0 fixed-tab-size public-DraftStyleDefault-text-ltr\"><span class=\"_2PHJq public-DraftStyleDefault-ltr\">\u00a0<\/span><\/div>\n<p id=\"viewer-tt9lk566\" class=\"mm8Nw _1j-51 _1FoOD _78FBa public-DraftStyleDefault-block-depth0 fixed-tab-size public-DraftStyleDefault-text-ltr\"><span class=\"_2PHJq public-DraftStyleDefault-ltr\">El titular de la CMOV anunci\u00f3 la creaci\u00f3n de 200 Comit\u00e9s de Gesti\u00f3n e Innovaci\u00f3n para Garantizar el Transporte Estatal, con el objetivo de tener contacto directo con la ciudadan\u00eda para conocer, reconocer y subsanar las oportunidades de mejora, fallas, denuncias, propuestas y gestiones que sirvan para hacer m\u00e1s eficiente el transporte colectivo urbano.<\/span><\/p>\n<div id=\"viewer-cbyrk568\" class=\"mm8Nw _1j-51 _1FoOD _78FBa public-DraftStyleDefault-block-depth0 fixed-tab-size public-DraftStyleDefault-text-ltr\"><span class=\"_2PHJq public-DraftStyleDefault-ltr\">\u00a0<\/span><\/div>\n<p id=\"viewer-k76um569\" class=\"mm8Nw _1j-51 _1FoOD _78FBa public-DraftStyleDefault-block-depth0 fixed-tab-size public-DraftStyleDefault-text-ltr\"><span class=\"_2PHJq public-DraftStyleDefault-ltr\">Por \u00faltimo, Miriam Elizabeth Salinas Cabrera, operadora de camiones urbanos, agradeci\u00f3 a la gobernadora el que promueva oportunidades para el sector femenino, especialmente en \u00e1reas que antes eran exclusivas para hombres y dijo que gracias a ello, hoy las mujeres se sienten m\u00e1s seguras al hacer uso del transporte p\u00fablico.<\/span><\/p>\n<div id=\"viewer-i6p9q571\" class=\"mm8Nw _1j-51 _1FoOD _78FBa public-DraftStyleDefault-block-depth0 fixed-tab-size public-DraftStyleDefault-text-ltr\"><span class=\"_2PHJq public-DraftStyleDefault-ltr\">\u00a0<\/span><\/div>\n<p id=\"viewer-wd1or572\" class=\"mm8Nw _1j-51 _1FoOD _78FBa public-DraftStyleDefault-block-depth0 fixed-tab-size public-DraftStyleDefault-text-ltr\"><span class=\"_2PHJq public-DraftStyleDefault-ltr\">Acompa\u00f1aron a la gobernadora el alcalde de Aguascalientes, Leonardo Monta\u00f1ez Castro; el secretario general de Gobierno, Florentino Reyes Berlie; la secretaria de Obras P\u00fablicas, Carolina L\u00f3pez L\u00f3pez; la diputada Mayra Guadalupe Torres Mercado; la secretaria de Desarrollo Social, Patricia Castillo Romero; el gerente ejecutivo de BANOBRAS en Aguascalientes, Jos\u00e9 Alejandro D\u00edaz Lozano; y Miriam Elizabeth Salinas Cabrera, conductora de transporte urbano.<\/span><\/p>\n","protected":false},"excerpt":{"rendered":"<p>#informativoelvalledeaguascalientes #novaradioaguascalientes #ElGiganteDeMexico Con ello se mejora la calidad en el servicio que se brinda a los cerca de 12 mil usuarios de camiones urbanos que a diario utilizan rutas como la 2, 27 y 45 El objetivo es que la poblaci\u00f3n tenga espacios dignos, seguros y confiables para abordar el transporte p\u00fablico: Tere Jim\u00e9nez [&hellip;]<\/p>\n","protected":false},"author":1,"featured_media":39945,"comment_status":"closed","ping_status":"open","sticky":false,"template":"","format":"standard","meta":{"advanced_seo_description":"","jetpack_seo_html_title":"","jetpack_seo_noindex":false,"_jetpack_memberships_contains_paid_content":false,"footnotes":"","jetpack_publicize_message":"","jetpack_publicize_feature_enabled":true,"jetpack_social_post_already_shared":true,"jetpack_social_options":{"image_generator_settings":{"template":"highway","default_image_id":0,"font":"","enabled":false},"version":2}},"categories":[21,4],"tags":[22,53,161,320],"class_list":["post-39944","post","type-post","status-publish","format-standard","has-post-thumbnail","hentry","category-aguascalientes","category-gobierno-del-estado-aguascalientes","tag-aguascalientes","tag-cmov","tag-gobierno-del-estado-aguascalientes","tag-tere-jimenez"],"jetpack_publicize_connections":[],"jetpack_featured_media_url":"https:\/\/i0.wp.com\/informativoelvalledeaguascalientes.online\/wp-content\/uploads\/2023\/01\/terminal-valle-cactus-8.jpg?fit=1440%2C1080&ssl=1","jetpack-related-posts":[],"jetpack_sharing_enabled":true,"jetpack_likes_enabled":true,"_links":{"self":[{"href":"https:\/\/informativoelvalledeaguascalientes.online\/index.php?rest_route=\/wp\/v2\/posts\/39944","targetHints":{"allow":["GET"]}}],"collection":[{"href":"https:\/\/informativoelvalledeaguascalientes.online\/index.php?rest_route=\/wp\/v2\/posts"}],"about":[{"href":"https:\/\/informativoelvalledeaguascalientes.online\/index.php?rest_route=\/wp\/v2\/types\/post"}],"author":[{"embeddable":true,"href":"https:\/\/informativoelvalledeaguascalientes.online\/index.php?rest_route=\/wp\/v2\/users\/1"}],"replies":[{"embeddable":true,"href":"https:\/\/informativoelvalledeaguascalientes.online\/index.php?rest_route=%2Fwp%2Fv2%2Fcomments&post=39944"}],"version-history":[{"count":1,"href":"https:\/\/informativoelvalledeaguascalientes.online\/index.php?rest_route=\/wp\/v2\/posts\/39944\/revisions"}],"predecessor-version":[{"id":39946,"href":"https:\/\/informativoelvalledeaguascalientes.online\/index.php?rest_route=\/wp\/v2\/posts\/39944\/revisions\/39946"}],"wp:featuredmedia":[{"embeddable":true,"href":"https:\/\/informativoelvalledeaguascalientes.online\/index.php?rest_route=\/wp\/v2\/media\/39945"}],"wp:attachment":[{"href":"https:\/\/informativoelvalledeaguascalientes.online\/index.php?rest_route=%2Fwp%2Fv2%2Fmedia&parent=39944"}],"wp:term":[{"taxonomy":"category","embeddable":true,"href":"https:\/\/informativoelvalledeaguascalientes.online\/index.php?rest_route=%2Fwp%2Fv2%2Fcategories&post=39944"},{"taxonomy":"post_tag","embeddable":true,"href":"https:\/\/informativoelvalledeaguascalientes.online\/index.php?rest_route=%2Fwp%2Fv2%2Ftags&post=39944"}],"curies":[{"name":"wp","href":"https:\/\/api.w.org\/{rel}","templated":true}]}}