{"id":39941,"date":"2023-01-31T01:11:23","date_gmt":"2023-01-31T07:11:23","guid":{"rendered":"https:\/\/informativoelvalledeaguascalientes.online\/?p=39941"},"modified":"2023-01-31T01:11:23","modified_gmt":"2023-01-31T07:11:23","slug":"seguiremos-impulsando-los-suenos-de-los-estudiantes-con-becas-e-infraestructura-de-calidad-tere-jimenez","status":"publish","type":"post","link":"https:\/\/informativoelvalledeaguascalientes.online\/?p=39941","title":{"rendered":"SEGUIREMOS IMPULSANDO LOS SUE\u00d1OS DE LOS ESTUDIANTES CON BECAS E INFRAESTRUCTURA DE CALIDAD: TERE JIM\u00c9NEZ"},"content":{"rendered":"<p><strong><a href=\"https:\/\/www.facebook.com\/hashtag\/informativoelvalledeaguascalientes\">#informativoelvalledeaguascalientes<\/a> <\/strong><\/p>\n<p><strong><a href=\"https:\/\/www.facebook.com\/hashtag\/novaradioaguascalientes\">#novaradioaguascalientes<\/a><\/strong><\/p>\n<p><strong><a href=\"https:\/\/www.facebook.com\/GobiernodeAguascalientes\">#ElGiganteDeMexico<\/a><\/strong><\/p>\n<div class=\"\" data-mesh-id=\"comp-l7sh9ubr2inlineContent\" data-testid=\"inline-content\">\n<div data-mesh-id=\"comp-l7sh9ubr2inlineContent-gridContainer\" data-testid=\"mesh-container-content\">\n<div id=\"comp-l7sh9ubx\" class=\"TWFxr5\">\n<div class=\"comp-l7sh9ubx\">\n<div class=\"s1IW4bz comp-l7sh9ubx\" data-hook=\"ricosviewer-wrapper\">\n<div class=\"kvdbP _1O7aH\" dir=\"ltr\" data-id=\"rich-content-viewer\">\n<div class=\"_1hN1O _3EPBy\">\n<p id=\"viewer-foo\" class=\"mm8Nw _1j-51 _1FoOD _78FBa public-DraftStyleDefault-block-depth0 fixed-tab-size public-DraftStyleDefault-text-ltr\"><span class=\"_2PHJq public-DraftStyleDefault-ltr\">La gobernadora de Aguascalientes, Tere Jim\u00e9nez, encabez\u00f3 la ceremonia de honores a la bandera en la escuela primaria \u201cMar\u00eda Elena Cabral Medina\u201d, en donde reafirm\u00f3 su compromiso de fortalecer los programas de becas y la infraestructura en las escuelas p\u00fablicas de la entidad.<\/span><\/p>\n<div id=\"viewer-hae6d6060\" class=\"mm8Nw _1j-51 _1FoOD _78FBa public-DraftStyleDefault-block-depth0 fixed-tab-size public-DraftStyleDefault-text-ltr\"><span class=\"_2PHJq public-DraftStyleDefault-ltr\">\u00a0<\/span><\/div>\n<p id=\"viewer-zvihj6061\" class=\"mm8Nw _1j-51 _1FoOD _78FBa public-DraftStyleDefault-block-depth0 fixed-tab-size public-DraftStyleDefault-text-ltr\"><span class=\"_2PHJq public-DraftStyleDefault-ltr\">&#8220;Los invito a que se esfuercen porque los sue\u00f1os s\u00ed se cumplen y nosotros los impulsaremos para que lo logren; les daremos becas y vamos a construir m\u00e1s aulas para motivarlos a que sigan estudiando&#8221;, dijo la gobernadora a los peque\u00f1os alumnos.\u00a0<\/span><\/p>\n<div id=\"viewer-sx3fu6063\" class=\"mm8Nw _1j-51 _1FoOD _78FBa public-DraftStyleDefault-block-depth0 fixed-tab-size public-DraftStyleDefault-text-ltr\"><span class=\"_2PHJq public-DraftStyleDefault-ltr\">\u00a0<\/span><\/div>\n<p id=\"viewer-z2pa66064\" class=\"mm8Nw _1j-51 _1FoOD _78FBa public-DraftStyleDefault-block-depth0 fixed-tab-size public-DraftStyleDefault-text-ltr\"><span class=\"_2PHJq public-DraftStyleDefault-ltr\">En su visita a dicha escuela, Tere Jim\u00e9nez inaugur\u00f3 un nuevo sal\u00f3n did\u00e1ctico y entreg\u00f3 reconocimientos a las y los ni\u00f1os m\u00e1s destacados de la instituci\u00f3n.<\/span><\/p>\n<div id=\"viewer-mvefv6066\" class=\"mm8Nw _1j-51 _1FoOD _78FBa public-DraftStyleDefault-block-depth0 fixed-tab-size public-DraftStyleDefault-text-ltr\"><span class=\"_2PHJq public-DraftStyleDefault-ltr\">\u00a0<\/span><\/div>\n<p id=\"viewer-4smmo6067\" class=\"mm8Nw _1j-51 _1FoOD _78FBa public-DraftStyleDefault-block-depth0 fixed-tab-size public-DraftStyleDefault-text-ltr\"><span class=\"_2PHJq public-DraftStyleDefault-ltr\">En la ceremonia tambi\u00e9n estuvieron presentes Lourdes de Martha Ambriz Salazar, directora del plantel; Ra\u00fal Silva Perezchica, presidente de la Comisi\u00f3n de Educaci\u00f3n, Arte y Cultura del H. Congreso del Estado; autoridades y alumnos de la instituci\u00f3n.<\/span><\/p>\n<\/div>\n<\/div>\n<\/div>\n<\/div>\n<\/div>\n<\/div>\n<\/div>\n","protected":false},"excerpt":{"rendered":"<p>#informativoelvalledeaguascalientes #novaradioaguascalientes #ElGiganteDeMexico La gobernadora de Aguascalientes, Tere Jim\u00e9nez, encabez\u00f3 la ceremonia de honores a la bandera en la escuela primaria \u201cMar\u00eda Elena Cabral Medina\u201d, en donde reafirm\u00f3 su compromiso de fortalecer los programas de becas y la infraestructura en las escuelas p\u00fablicas de la entidad. \u00a0 &#8220;Los invito a que se esfuercen porque los [&hellip;]<\/p>\n","protected":false},"author":1,"featured_media":39942,"comment_status":"closed","ping_status":"open","sticky":false,"template":"","format":"standard","meta":{"advanced_seo_description":"","jetpack_seo_html_title":"","jetpack_seo_noindex":false,"_jetpack_memberships_contains_paid_content":false,"footnotes":"","jetpack_publicize_message":"","jetpack_publicize_feature_enabled":true,"jetpack_social_post_already_shared":true,"jetpack_social_options":{"image_generator_settings":{"template":"highway","default_image_id":0,"font":"","enabled":false},"version":2}},"categories":[21,4],"tags":[],"class_list":["post-39941","post","type-post","status-publish","format-standard","has-post-thumbnail","hentry","category-aguascalientes","category-gobierno-del-estado-aguascalientes"],"jetpack_publicize_connections":[],"jetpack_featured_media_url":"https:\/\/i0.wp.com\/informativoelvalledeaguascalientes.online\/wp-content\/uploads\/2023\/01\/t-2.jpeg?fit=1236%2C926&ssl=1","jetpack-related-posts":[],"jetpack_sharing_enabled":true,"jetpack_likes_enabled":true,"_links":{"self":[{"href":"https:\/\/informativoelvalledeaguascalientes.online\/index.php?rest_route=\/wp\/v2\/posts\/39941","targetHints":{"allow":["GET"]}}],"collection":[{"href":"https:\/\/informativoelvalledeaguascalientes.online\/index.php?rest_route=\/wp\/v2\/posts"}],"about":[{"href":"https:\/\/informativoelvalledeaguascalientes.online\/index.php?rest_route=\/wp\/v2\/types\/post"}],"author":[{"embeddable":true,"href":"https:\/\/informativoelvalledeaguascalientes.online\/index.php?rest_route=\/wp\/v2\/users\/1"}],"replies":[{"embeddable":true,"href":"https:\/\/informativoelvalledeaguascalientes.online\/index.php?rest_route=%2Fwp%2Fv2%2Fcomments&post=39941"}],"version-history":[{"count":1,"href":"https:\/\/informativoelvalledeaguascalientes.online\/index.php?rest_route=\/wp\/v2\/posts\/39941\/revisions"}],"predecessor-version":[{"id":39943,"href":"https:\/\/informativoelvalledeaguascalientes.online\/index.php?rest_route=\/wp\/v2\/posts\/39941\/revisions\/39943"}],"wp:featuredmedia":[{"embeddable":true,"href":"https:\/\/informativoelvalledeaguascalientes.online\/index.php?rest_route=\/wp\/v2\/media\/39942"}],"wp:attachment":[{"href":"https:\/\/informativoelvalledeaguascalientes.online\/index.php?rest_route=%2Fwp%2Fv2%2Fmedia&parent=39941"}],"wp:term":[{"taxonomy":"category","embeddable":true,"href":"https:\/\/informativoelvalledeaguascalientes.online\/index.php?rest_route=%2Fwp%2Fv2%2Fcategories&post=39941"},{"taxonomy":"post_tag","embeddable":true,"href":"https:\/\/informativoelvalledeaguascalientes.online\/index.php?rest_route=%2Fwp%2Fv2%2Ftags&post=39941"}],"curies":[{"name":"wp","href":"https:\/\/api.w.org\/{rel}","templated":true}]}}