{"id":39935,"date":"2023-01-31T01:08:36","date_gmt":"2023-01-31T07:08:36","guid":{"rendered":"https:\/\/informativoelvalledeaguascalientes.online\/?p=39935"},"modified":"2023-01-31T01:08:36","modified_gmt":"2023-01-31T07:08:36","slug":"los-municipios-tendran-presencia-en-la-fnsm-calvillo-sera-el-municipio-invitado-en-la-edicion-2023","status":"publish","type":"post","link":"https:\/\/informativoelvalledeaguascalientes.online\/?p=39935","title":{"rendered":"LOS MUNICIPIOS TENDR\u00c1N PRESENCIA EN LA FNSM, CALVILLO SER\u00c1 EL MUNICIPIO INVITADO EN LA EDICI\u00d3N 2023"},"content":{"rendered":"<p><strong><a href=\"https:\/\/www.facebook.com\/hashtag\/informativoelvalledeaguascalientes\">#informativoelvalledeaguascalientes<\/a> <\/strong><\/p>\n<p><strong><a href=\"https:\/\/www.facebook.com\/hashtag\/novaradioaguascalientes\">#novaradioaguascalientes<\/a><\/strong><\/p>\n<p><strong><a href=\"https:\/\/www.facebook.com\/GobiernodeAguascalientes\">#ElGiganteDeMexico<\/a><\/strong><\/p>\n<ul class=\"public-DraftStyleDefault-ul\">\n<li id=\"viewer-foo\" class=\"_3Kjjs _78FBa public-DraftStyleDefault-unorderedListItem public-DraftStyleDefault-depth0 public-DraftStyleDefault-list-ltr fixed-tab-size public-DraftStyleDefault-reset _1FoOD _78FBa\">\n<p class=\"_1j-51 _1FoOD _78FBa undefined\"><strong><em>Ser\u00e1 un importante escaparate para que muestren su riqueza cultural y tur\u00edstica a nivel nacional e internacional <\/em><\/strong><\/p>\n<\/li>\n<li id=\"viewer-7sfsg5185\" class=\"_3Kjjs _78FBa public-DraftStyleDefault-unorderedListItem public-DraftStyleDefault-depth0 public-DraftStyleDefault-list-ltr fixed-tab-size _1FoOD _78FBa\">\n<p class=\"_1j-51 _1FoOD _78FBa undefined\"><strong><em>Tere Jim\u00e9nez busca detonar el turismo en todo Aguascalientes para generar m\u00e1s oportunidades de desarrollo a la poblaci\u00f3n <\/em><\/strong><\/p>\n<\/li>\n<li id=\"viewer-jcmai5187\" class=\"_3Kjjs _78FBa public-DraftStyleDefault-unorderedListItem public-DraftStyleDefault-depth0 public-DraftStyleDefault-list-ltr fixed-tab-size _1FoOD _78FBa\">\n<p class=\"_1j-51 _1FoOD _78FBa undefined\"><strong><em>En las pr\u00f3ximas ferias se nombrar\u00e1 a m\u00e1s municipios como invitados a la FNSM<\/em><\/strong><\/p>\n<\/li>\n<\/ul>\n<div id=\"viewer-0ecbu5233\" class=\"mm8Nw _1j-51 _1FoOD _78FBa public-DraftStyleDefault-block-depth0 fixed-tab-size public-DraftStyleDefault-text-ltr\"><span class=\"_2PHJq public-DraftStyleDefault-ltr\">\u00a0<\/span><\/div>\n<p id=\"viewer-u1nt85240\" class=\"mm8Nw _1j-51 _1FoOD _78FBa public-DraftStyleDefault-block-depth0 fixed-tab-size public-DraftStyleDefault-text-ltr\"><span class=\"_2PHJq public-DraftStyleDefault-ltr\">Por primera vez en la historia de la Feria Nacional de San Marcos (FNSM), los municipios de Aguascalientes ser\u00e1n invitados de honor en esta celebraci\u00f3n, con el fin de aprovechar este escaparate reconocido a nivel internacional para mostrar el patrimonio tur\u00edstico, artesanal, art\u00edstico y gastron\u00f3mico que tiene el interior del estado y potenciar el turismo en estas localidades. <\/span><\/p>\n<div id=\"viewer-gdaiw5262\" class=\"mm8Nw _1j-51 _1FoOD _78FBa public-DraftStyleDefault-block-depth0 fixed-tab-size public-DraftStyleDefault-text-ltr\"><span class=\"_2PHJq public-DraftStyleDefault-ltr\">\u00a0<\/span><\/div>\n<p id=\"viewer-3u1xt5248\" class=\"mm8Nw _1j-51 _1FoOD _78FBa public-DraftStyleDefault-block-depth0 fixed-tab-size public-DraftStyleDefault-text-ltr\"><span class=\"_2PHJq public-DraftStyleDefault-ltr\">La gobernadora de Aguascalientes, Tere Jim\u00e9nez, acompa\u00f1ada del presidente del Patronato de la FNSM, Jos\u00e9 \u00c1ngel Gonz\u00e1lez Serna, entreg\u00f3 de manera oficial a Daniel Romo Urrutia, alcalde de Calvillo, la invitaci\u00f3n para que este municipio sea el invitado de honor durante la edici\u00f3n 2023 de la verbena abrile\u00f1a que se celebrar\u00e1 del 15 de abril al 7 de mayo. <\/span><\/p>\n<div id=\"viewer-uwoiz5273\" class=\"mm8Nw _1j-51 _1FoOD _78FBa public-DraftStyleDefault-block-depth0 fixed-tab-size public-DraftStyleDefault-text-ltr\"><span class=\"_2PHJq public-DraftStyleDefault-ltr\">\u00a0<\/span><\/div>\n<p id=\"viewer-86mlo5250\" class=\"mm8Nw _1j-51 _1FoOD _78FBa public-DraftStyleDefault-block-depth0 fixed-tab-size public-DraftStyleDefault-text-ltr\"><span class=\"_2PHJq public-DraftStyleDefault-ltr\">\u201cQueremos que todo el mundo conozca los atractivos que tenemos en Aguascalientes y consolidar el turismo en los municipios del interior para generar una importante derrama econ\u00f3mica y m\u00e1s oportunidades de desarrollo para los habitantes de cada regi\u00f3n\u201d, expres\u00f3 la gobernadora.<\/span><\/p>\n<div id=\"viewer-dabr15284\" class=\"mm8Nw _1j-51 _1FoOD _78FBa public-DraftStyleDefault-block-depth0 fixed-tab-size public-DraftStyleDefault-text-ltr\"><span class=\"_2PHJq public-DraftStyleDefault-ltr\">\u00a0<\/span><\/div>\n<p id=\"viewer-lqqh55252\" class=\"mm8Nw _1j-51 _1FoOD _78FBa public-DraftStyleDefault-block-depth0 fixed-tab-size public-DraftStyleDefault-text-ltr\"><span class=\"_2PHJq public-DraftStyleDefault-ltr\">La invitaci\u00f3n para ser parte de la feria de ferias se realiz\u00f3 en una reuni\u00f3n con los 11 presidentes municipales del estado en el municipio de Calvillo, donde su alcalde, Daniel Romo Urrutia, acept\u00f3 participar con entusiasmo en la edici\u00f3n 2023 de la FNSM, pues ser\u00e1 la oportunidad de mostrar a los visitantes, las bellezas y atractivos con que cuenta este Pueblo M\u00e1gico. <\/span><\/p>\n<div id=\"viewer-cn96l5295\" class=\"mm8Nw _1j-51 _1FoOD _78FBa public-DraftStyleDefault-block-depth0 fixed-tab-size public-DraftStyleDefault-text-ltr\"><span class=\"_2PHJq public-DraftStyleDefault-ltr\">\u00a0<\/span><\/div>\n<p id=\"viewer-11g4w5254\" class=\"mm8Nw _1j-51 _1FoOD _78FBa public-DraftStyleDefault-block-depth0 fixed-tab-size public-DraftStyleDefault-text-ltr\"><span class=\"_2PHJq public-DraftStyleDefault-ltr\">Tere Jim\u00e9nez coment\u00f3 a los alcaldes de los 11 ayuntamientos que esta iniciativa busca reactivar su econom\u00eda generando una importante derrama econ\u00f3mica y mejores oportunidades laborales; se\u00f1al\u00f3 que durante las siguientes emisiones de la feria, cada uno de los municipios tendr\u00e1 la oportunidad de mostrar la riqueza, artesan\u00edas, productos y servicios que ofrece su regi\u00f3n. <\/span><\/p>\n<div id=\"viewer-ztnau5306\" class=\"mm8Nw _1j-51 _1FoOD _78FBa public-DraftStyleDefault-block-depth0 fixed-tab-size public-DraftStyleDefault-text-ltr\"><span class=\"_2PHJq public-DraftStyleDefault-ltr\">\u00a0<\/span><\/div>\n<p id=\"viewer-xllt35256\" class=\"mm8Nw _1j-51 _1FoOD _78FBa public-DraftStyleDefault-block-depth0 fixed-tab-size public-DraftStyleDefault-text-ltr\"><span class=\"_2PHJq public-DraftStyleDefault-ltr\">Cabe mencionar que en la FNSM de este a\u00f1o, se volver\u00e1 a tener un estado y un pa\u00eds invitados para que los aguascalentenses y los visitantes al per\u00edmetro ferial tengan la oportunidad de conocer la cultura y las tradiciones de dichos lugares, y de esta manera promover el intercambio tur\u00edstico.<\/span><\/p>\n","protected":false},"excerpt":{"rendered":"<p>#informativoelvalledeaguascalientes #novaradioaguascalientes #ElGiganteDeMexico Ser\u00e1 un importante escaparate para que muestren su riqueza cultural y tur\u00edstica a nivel nacional e internacional Tere Jim\u00e9nez busca detonar el turismo en todo Aguascalientes para generar m\u00e1s oportunidades de desarrollo a la poblaci\u00f3n En las pr\u00f3ximas ferias se nombrar\u00e1 a m\u00e1s municipios como invitados a la FNSM \u00a0 Por primera [&hellip;]<\/p>\n","protected":false},"author":1,"featured_media":39938,"comment_status":"closed","ping_status":"open","sticky":false,"template":"","format":"standard","meta":{"advanced_seo_description":"","jetpack_seo_html_title":"","jetpack_seo_noindex":false,"_jetpack_memberships_contains_paid_content":false,"footnotes":"","jetpack_publicize_message":"","jetpack_publicize_feature_enabled":true,"jetpack_social_post_already_shared":true,"jetpack_social_options":{"image_generator_settings":{"template":"highway","default_image_id":0,"font":"","enabled":false},"version":2}},"categories":[21,4],"tags":[22,627,161,320],"class_list":["post-39935","post","type-post","status-publish","format-standard","has-post-thumbnail","hentry","category-aguascalientes","category-gobierno-del-estado-aguascalientes","tag-aguascalientes","tag-fnsm-2023","tag-gobierno-del-estado-aguascalientes","tag-tere-jimenez"],"jetpack_publicize_connections":[],"jetpack_featured_media_url":"https:\/\/i0.wp.com\/informativoelvalledeaguascalientes.online\/wp-content\/uploads\/2023\/01\/lumii_20230128_124454740.jpg?fit=1958%2C893&ssl=1","jetpack-related-posts":[],"jetpack_sharing_enabled":true,"jetpack_likes_enabled":true,"_links":{"self":[{"href":"https:\/\/informativoelvalledeaguascalientes.online\/index.php?rest_route=\/wp\/v2\/posts\/39935","targetHints":{"allow":["GET"]}}],"collection":[{"href":"https:\/\/informativoelvalledeaguascalientes.online\/index.php?rest_route=\/wp\/v2\/posts"}],"about":[{"href":"https:\/\/informativoelvalledeaguascalientes.online\/index.php?rest_route=\/wp\/v2\/types\/post"}],"author":[{"embeddable":true,"href":"https:\/\/informativoelvalledeaguascalientes.online\/index.php?rest_route=\/wp\/v2\/users\/1"}],"replies":[{"embeddable":true,"href":"https:\/\/informativoelvalledeaguascalientes.online\/index.php?rest_route=%2Fwp%2Fv2%2Fcomments&post=39935"}],"version-history":[{"count":1,"href":"https:\/\/informativoelvalledeaguascalientes.online\/index.php?rest_route=\/wp\/v2\/posts\/39935\/revisions"}],"predecessor-version":[{"id":39940,"href":"https:\/\/informativoelvalledeaguascalientes.online\/index.php?rest_route=\/wp\/v2\/posts\/39935\/revisions\/39940"}],"wp:featuredmedia":[{"embeddable":true,"href":"https:\/\/informativoelvalledeaguascalientes.online\/index.php?rest_route=\/wp\/v2\/media\/39938"}],"wp:attachment":[{"href":"https:\/\/informativoelvalledeaguascalientes.online\/index.php?rest_route=%2Fwp%2Fv2%2Fmedia&parent=39935"}],"wp:term":[{"taxonomy":"category","embeddable":true,"href":"https:\/\/informativoelvalledeaguascalientes.online\/index.php?rest_route=%2Fwp%2Fv2%2Fcategories&post=39935"},{"taxonomy":"post_tag","embeddable":true,"href":"https:\/\/informativoelvalledeaguascalientes.online\/index.php?rest_route=%2Fwp%2Fv2%2Ftags&post=39935"}],"curies":[{"name":"wp","href":"https:\/\/api.w.org\/{rel}","templated":true}]}}