{"id":39932,"date":"2023-01-31T01:04:20","date_gmt":"2023-01-31T07:04:20","guid":{"rendered":"https:\/\/informativoelvalledeaguascalientes.online\/?p=39932"},"modified":"2023-01-31T01:04:20","modified_gmt":"2023-01-31T07:04:20","slug":"%f0%9d%90%84%f0%9d%90%8b-%f0%9d%9f%92o-%f0%9d%90%85%f0%9d%90%84%f0%9d%90%92%f0%9d%90%93%f0%9d%90%88%f0%9d%90%95%f0%9d%90%80%f0%9d%90%8b-%f0%9d%90%83%f0%9d%90%84%f0%9d%90%8b-%f0%9d%90%93%f0%9d%90%80","status":"publish","type":"post","link":"https:\/\/informativoelvalledeaguascalientes.online\/?p=39932","title":{"rendered":"\ud835\udc04\ud835\udc0b \ud835\udfd2\u00ba \ud835\udc05\ud835\udc04\ud835\udc12\ud835\udc13\ud835\udc08\ud835\udc15\ud835\udc00\ud835\udc0b \ud835\udc03\ud835\udc04\ud835\udc0b \ud835\udc13\ud835\udc00\ud835\udc0c\ud835\udc00\ud835\udc0b \ud835\udc18 \ud835\udc04\ud835\udc0b \ud835\udc00\ud835\udc13\ud835\udc0e\ud835\udc0b\ud835\udc04 \ud835\udc03\ud835\udc04 \ud835\udc02\ud835\udc00\ud835\udc0b\ud835\udc15\ud835\udc08\ud835\udc0b\ud835\udc0b\ud835\udc0e \ud835\udc0e\ud835\udc05\ud835\udc11\ud835\udc04\ud835\udc02\ud835\udc04\ud835\udc11\ud835\udc00\u0301 \ud835\udc14\ud835\udc0d\ud835\udc00 \ud835\udc00\ud835\udc0c\ud835\udc0f\ud835\udc0b\ud835\udc08\ud835\udc00 \ud835\udc06\ud835\udc00\ud835\udc0c\ud835\udc00 \ud835\udc03\ud835\udc04 \ud835\udc12\ud835\udc00\ud835\udc01\ud835\udc0e\ud835\udc11\ud835\udc04\ud835\udc12"},"content":{"rendered":"<p>&nbsp;<\/p>\n<p><strong><a href=\"https:\/\/www.facebook.com\/hashtag\/informativoelvalledeaguascalientes\">#informativoelvalledeaguascalientes<\/a><\/strong><\/p>\n<p><strong><a href=\"https:\/\/www.facebook.com\/hashtag\/novaradioaguascalientes\">#novaradioaguascalientes<\/a><\/strong><\/p>\n<p>\uf0b7 La cita es este domingo 5 de febrero a partir de las 11:00 horas en la<br \/>\nPlaza Principal del municipio<br \/>\n\uf0b7 Tambi\u00e9n se realizar\u00e1 la segunda edici\u00f3n del \u201cConcurso del Mejor Tamal\u201d,<br \/>\ny un programa cultural<br \/>\nEl gobierno municipal de Calvillo invita a la poblaci\u00f3n a que asistan al 4\u00ba Festival<br \/>\ndel Tamal y el Atole, el pr\u00f3ximo domingo 5 de febrero, a partir de las 11:00 horas<br \/>\nen la Plaza Principal del Pueblo M\u00e1gico, en la que se ofrecer\u00e1 una amplia gama<br \/>\nde sabores de este alimento precolombino.<br \/>\nEl alcalde de Calvillo, Daniel Romo Urrutia, se\u00f1al\u00f3 que este festival tiene como<br \/>\nobjetivo preservar y promover la cocina tradicional de la regi\u00f3n, fortalecer la<br \/>\neconom\u00eda local y fomentar la participaci\u00f3n de las y los calvillenses, para mostrar la<br \/>\nriqueza gastron\u00f3mica del municipio, en un entorno de seguridad y sana<br \/>\nconvivencia familiar para visitantes y locales.<br \/>\nVer\u00f3nica Ball\u00edn de Luna, Secretaria de Turismo y Cultura, explic\u00f3 que en esta<br \/>\nedici\u00f3n del festival, se busca destacar las particularidades y saz\u00f3n especial de<br \/>\nnuestra regi\u00f3n, y para ello, adem\u00e1s de los puntos de venta instalados en la Plaza,<br \/>\nse realizar\u00e1 la segunda edici\u00f3n del \u201cConcurso del Mejor Tamal de Calvillo\u201d, con la<br \/>\nparticipaci\u00f3n de 12 cocineras y cocineros.<br \/>\nEntre la variedad de tamales que se podr\u00e1n adquirir, se encuentran los de<br \/>\noaxaque\u00f1o, costilla en salsa verde molcajeteada, elote, carne con chile rojo y con<br \/>\nchile verde, picadillo de res con chiles curtidos, entre otros, junto con una amplia<br \/>\noferta de atoles de diferentes sabores.<br \/>\nComo parte del festival, se desarrollar\u00e1 un programa cultural, que incluye las<br \/>\npresentaciones de los grupos de danza folcl\u00f3rica Cherekis Aguascalientes, Grupo<br \/>\nFolcl\u00f3rico de Aguascalientes y el Grupo de Danza Mitotiani.<\/p>\n","protected":false},"excerpt":{"rendered":"<p>&nbsp; #informativoelvalledeaguascalientes #novaradioaguascalientes \uf0b7 La cita es este domingo 5 de febrero a partir de las 11:00 horas en la Plaza Principal del municipio \uf0b7 Tambi\u00e9n se realizar\u00e1 la segunda edici\u00f3n del \u201cConcurso del Mejor Tamal\u201d, y un programa cultural El gobierno municipal de Calvillo invita a la poblaci\u00f3n a que asistan al 4\u00ba Festival [&hellip;]<\/p>\n","protected":false},"author":1,"featured_media":39936,"comment_status":"closed","ping_status":"open","sticky":false,"template":"","format":"standard","meta":{"advanced_seo_description":"","jetpack_seo_html_title":"","jetpack_seo_noindex":false,"_jetpack_memberships_contains_paid_content":false,"footnotes":"","jetpack_publicize_message":"","jetpack_publicize_feature_enabled":true,"jetpack_social_post_already_shared":true,"jetpack_social_options":{"image_generator_settings":{"template":"highway","default_image_id":0,"font":"","enabled":false},"version":2}},"categories":[21,13],"tags":[22,88,29],"class_list":["post-39932","post","type-post","status-publish","format-standard","has-post-thumbnail","hentry","category-aguascalientes","category-calvillo-aguascalientes","tag-aguascalientes","tag-calvillo","tag-calvillo-aguascalientes"],"jetpack_publicize_connections":[],"jetpack_featured_media_url":"https:\/\/i0.wp.com\/informativoelvalledeaguascalientes.online\/wp-content\/uploads\/2023\/01\/537eb20a-3e69-4fc4-96d1-60111ed5e358.jpeg?fit=1080%2C720&ssl=1","jetpack-related-posts":[],"jetpack_sharing_enabled":true,"jetpack_likes_enabled":true,"_links":{"self":[{"href":"https:\/\/informativoelvalledeaguascalientes.online\/index.php?rest_route=\/wp\/v2\/posts\/39932","targetHints":{"allow":["GET"]}}],"collection":[{"href":"https:\/\/informativoelvalledeaguascalientes.online\/index.php?rest_route=\/wp\/v2\/posts"}],"about":[{"href":"https:\/\/informativoelvalledeaguascalientes.online\/index.php?rest_route=\/wp\/v2\/types\/post"}],"author":[{"embeddable":true,"href":"https:\/\/informativoelvalledeaguascalientes.online\/index.php?rest_route=\/wp\/v2\/users\/1"}],"replies":[{"embeddable":true,"href":"https:\/\/informativoelvalledeaguascalientes.online\/index.php?rest_route=%2Fwp%2Fv2%2Fcomments&post=39932"}],"version-history":[{"count":1,"href":"https:\/\/informativoelvalledeaguascalientes.online\/index.php?rest_route=\/wp\/v2\/posts\/39932\/revisions"}],"predecessor-version":[{"id":39937,"href":"https:\/\/informativoelvalledeaguascalientes.online\/index.php?rest_route=\/wp\/v2\/posts\/39932\/revisions\/39937"}],"wp:featuredmedia":[{"embeddable":true,"href":"https:\/\/informativoelvalledeaguascalientes.online\/index.php?rest_route=\/wp\/v2\/media\/39936"}],"wp:attachment":[{"href":"https:\/\/informativoelvalledeaguascalientes.online\/index.php?rest_route=%2Fwp%2Fv2%2Fmedia&parent=39932"}],"wp:term":[{"taxonomy":"category","embeddable":true,"href":"https:\/\/informativoelvalledeaguascalientes.online\/index.php?rest_route=%2Fwp%2Fv2%2Fcategories&post=39932"},{"taxonomy":"post_tag","embeddable":true,"href":"https:\/\/informativoelvalledeaguascalientes.online\/index.php?rest_route=%2Fwp%2Fv2%2Ftags&post=39932"}],"curies":[{"name":"wp","href":"https:\/\/api.w.org\/{rel}","templated":true}]}}