{"id":39908,"date":"2023-01-29T01:03:47","date_gmt":"2023-01-29T07:03:47","guid":{"rendered":"https:\/\/informativoelvalledeaguascalientes.online\/?p=39908"},"modified":"2023-01-29T01:03:47","modified_gmt":"2023-01-29T07:03:47","slug":"trabajaremos-sin-descanso-por-la-seguridad-de-aguascalientes-tere-jimenez","status":"publish","type":"post","link":"https:\/\/informativoelvalledeaguascalientes.online\/?p=39908","title":{"rendered":"TRABAJAREMOS SIN DESCANSO POR LA SEGURIDAD DE AGUASCALIENTES: TERE JIM\u00c9NEZ"},"content":{"rendered":"<p><strong><a href=\"https:\/\/www.facebook.com\/hashtag\/informativoelvalledeaguascalientes\">#informativoelvalledeaguascalientes<\/a> <\/strong><\/p>\n<p><strong><a href=\"https:\/\/www.facebook.com\/hashtag\/novaradioaguascalientes\">#novaradioaguascalientes<\/a><\/strong><\/p>\n<p><strong><a href=\"https:\/\/www.facebook.com\/GobiernodeAguascalientes\">#ElGiganteDeMexico<\/a><\/strong><\/p>\n<p>&nbsp;<\/p>\n<ul class=\"public-DraftStyleDefault-ul\">\n<li id=\"viewer-smuzb276\" class=\"_3Kjjs _78FBa public-DraftStyleDefault-unorderedListItem public-DraftStyleDefault-depth0 public-DraftStyleDefault-list-ltr fixed-tab-size public-DraftStyleDefault-reset _1FoOD _78FBa\">\n<p class=\"_1j-51 _1FoOD _78FBa undefined\"><strong><em>Se coloc\u00f3 la primera piedra de la Puerta de Acceso de Seguridad en el municipio de Calvillo<\/em><\/strong><\/p>\n<\/li>\n<li id=\"viewer-iqviy226\" class=\"_3Kjjs _78FBa public-DraftStyleDefault-unorderedListItem public-DraftStyleDefault-depth0 public-DraftStyleDefault-list-ltr fixed-tab-size _1FoOD _78FBa\">\n<p class=\"_1j-51 _1FoOD _78FBa undefined\"><strong><em>Esta obra contar\u00e1 con tecnolog\u00eda de punta y estar\u00e1 lista en cuatro meses\u00a0<\/em><\/strong><\/p>\n<\/li>\n<li id=\"viewer-uxwry229\" class=\"_3Kjjs _78FBa public-DraftStyleDefault-unorderedListItem public-DraftStyleDefault-depth0 public-DraftStyleDefault-list-ltr fixed-tab-size _1FoOD _78FBa\">\n<p class=\"_1j-51 _1FoOD _78FBa undefined\"><strong><em>Como parte del \u201cBlindaje Aguascalientes\u201d, se trabaja en la integraci\u00f3n de Polic\u00edas especializadas, como la Tur\u00edstica, Rosa, Metropolitana y de Carreteras<\/em><\/strong><\/p>\n<\/li>\n<\/ul>\n<div id=\"viewer-fgvl9231\" class=\"mm8Nw _1j-51 _1FoOD _78FBa public-DraftStyleDefault-block-depth0 fixed-tab-size public-DraftStyleDefault-text-ltr\"><span class=\"_2PHJq public-DraftStyleDefault-ltr\">\u00a0<\/span><\/div>\n<p id=\"viewer-sqrb0232\" class=\"mm8Nw _1j-51 _1FoOD _78FBa public-DraftStyleDefault-block-depth0 fixed-tab-size public-DraftStyleDefault-text-ltr\"><span class=\"_2PHJq public-DraftStyleDefault-ltr\">La gobernadora de Aguascalientes, Tere Jim\u00e9nez, encabez\u00f3 la colocaci\u00f3n de la primera piedra de la Puerta de Acceso de Seguridad en el municipio de Calvillo, la cual vendr\u00e1 a reforzar el blindaje del territorio estatal y con ello tener un control puntual de las rutas de acceso a la entidad.\u00a0<\/span><\/p>\n<div id=\"viewer-8mnjf234\" class=\"mm8Nw _1j-51 _1FoOD _78FBa public-DraftStyleDefault-block-depth0 fixed-tab-size public-DraftStyleDefault-text-ltr\"><span class=\"_2PHJq public-DraftStyleDefault-ltr\">\u00a0<\/span><\/div>\n<p id=\"viewer-yn5dp235\" class=\"mm8Nw _1j-51 _1FoOD _78FBa public-DraftStyleDefault-block-depth0 fixed-tab-size public-DraftStyleDefault-text-ltr\"><span class=\"_2PHJq public-DraftStyleDefault-ltr\">Tere Jim\u00e9nez detall\u00f3 que en esta infraestructura se invertir\u00e1n 25 millones de pesos y contar\u00e1 con tecnolog\u00eda de punta y vigilancia permanente; esta obra se ubicar\u00e1 en la comunidad de Ojo de Agua y estar\u00e1 lista en cuatro meses.<\/span><\/p>\n<div id=\"viewer-efjnt237\" class=\"mm8Nw _1j-51 _1FoOD _78FBa public-DraftStyleDefault-block-depth0 fixed-tab-size public-DraftStyleDefault-text-ltr\"><span class=\"_2PHJq public-DraftStyleDefault-ltr\">\u00a0<\/span><\/div>\n<p id=\"viewer-z3gnu238\" class=\"mm8Nw _1j-51 _1FoOD _78FBa public-DraftStyleDefault-block-depth0 fixed-tab-size public-DraftStyleDefault-text-ltr\"><span class=\"_2PHJq public-DraftStyleDefault-ltr\">\u201cCuando se trata de la paz y tranquilidad de nuestra gente, no escatimaremos en presupuesto, por eso esta Puerta de Seguridad contar\u00e1 con puntos de revisi\u00f3n militar, sistema de reconocimiento facial y de placas, c\u00e1maras con visi\u00f3n nocturna y resoluci\u00f3n 4K, entre otros equipamientos\u201d, dijo.<\/span><\/p>\n<div id=\"viewer-p1zl1240\" class=\"mm8Nw _1j-51 _1FoOD _78FBa public-DraftStyleDefault-block-depth0 fixed-tab-size public-DraftStyleDefault-text-ltr\"><span class=\"_2PHJq public-DraftStyleDefault-ltr\">\u00a0<\/span><\/div>\n<p id=\"viewer-xn9dv241\" class=\"mm8Nw _1j-51 _1FoOD _78FBa public-DraftStyleDefault-block-depth0 fixed-tab-size public-DraftStyleDefault-text-ltr\"><span class=\"_2PHJq public-DraftStyleDefault-ltr\">La gobernadora precis\u00f3 que la estrategia \u201cBlindaje Aguascalientes\u201d no solo contempla crear infraestructura y equipamiento, sino que tambi\u00e9n se enfoca a promover la proximidad social, por lo que ya se trabaja en integrar grupos especializados como la Polic\u00eda Rosa, Polic\u00eda Metropolitana, Polic\u00eda de Carreteras y Polic\u00eda Tur\u00edstica.<\/span><\/p>\n<div id=\"viewer-qrqrl243\" class=\"mm8Nw _1j-51 _1FoOD _78FBa public-DraftStyleDefault-block-depth0 fixed-tab-size public-DraftStyleDefault-text-ltr\"><span class=\"_2PHJq public-DraftStyleDefault-ltr\">\u00a0<\/span><\/div>\n<p id=\"viewer-bij7i244\" class=\"mm8Nw _1j-51 _1FoOD _78FBa public-DraftStyleDefault-block-depth0 fixed-tab-size public-DraftStyleDefault-text-ltr\"><span class=\"_2PHJq public-DraftStyleDefault-ltr\">El objetivo, indic\u00f3, es trabajar en prevenir el delito y garantizar que tanto residentes como turistas y visitantes gocen de un entorno de seguridad, paz y tranquilidad, lo que a su vez permitir\u00e1 detonar el turismo nacional e internacional y consolidar a Aguascalientes como El Gigante de M\u00e9xico.<\/span><\/p>\n<div id=\"viewer-ga6rx246\" class=\"mm8Nw _1j-51 _1FoOD _78FBa public-DraftStyleDefault-block-depth0 fixed-tab-size public-DraftStyleDefault-text-ltr\"><span class=\"_2PHJq public-DraftStyleDefault-ltr\">\u00a0<\/span><\/div>\n<p id=\"viewer-unvgj247\" class=\"mm8Nw _1j-51 _1FoOD _78FBa public-DraftStyleDefault-block-depth0 fixed-tab-size public-DraftStyleDefault-text-ltr\"><span class=\"_2PHJq public-DraftStyleDefault-ltr\">Por su parte, Manuel Alonso Garc\u00eda, secretario de Seguridad P\u00fablica estatal, dijo que por primera vez se lleva a cabo una coordinaci\u00f3n interestatal, ya que se trabaja de la mano con las autoridades de los estados circunvecinos para blindar las carreteras de la regi\u00f3n; asimismo, mencion\u00f3 que se est\u00e1 poniendo especial inter\u00e9s en profesionalizar a los elementos policiacos y en mejorar sus condiciones de laborales.<\/span><\/p>\n<div id=\"viewer-8zq5j249\" class=\"mm8Nw _1j-51 _1FoOD _78FBa public-DraftStyleDefault-block-depth0 fixed-tab-size public-DraftStyleDefault-text-ltr\"><span class=\"_2PHJq public-DraftStyleDefault-ltr\">\u00a0<\/span><\/div>\n<p id=\"viewer-7hj11250\" class=\"mm8Nw _1j-51 _1FoOD _78FBa public-DraftStyleDefault-block-depth0 fixed-tab-size public-DraftStyleDefault-text-ltr\"><span class=\"_2PHJq public-DraftStyleDefault-ltr\">Durante el evento tambi\u00e9n estuvieron presentes Daniel Romo Urrutia, presidente municipal de Calvillo; Florentino Reyes Berlie, secretario general de Gobierno del Estado; Carolina L\u00f3pez L\u00f3pez, secretaria de Obras P\u00fablicas del Estado; el coronel de infanter\u00eda, Agust\u00edn Cuevas Trejo, comandante del Octavo Grupo de Infanter\u00eda Motorizado; Gregorio Ledesma Quirarte, delegado de la Secretar\u00eda de Comunicaciones y Transportes en Aguascalientes; Jes\u00fas Figueroa Ortega, fiscal general del Estado; David Ram\u00edrez Pi\u00f1\u00f3n, coordinador general de la Guardia Nacional en Aguascalientes, as\u00ed como diputados y presidentes municipales.<\/span><\/p>\n","protected":false},"excerpt":{"rendered":"<p>#informativoelvalledeaguascalientes #novaradioaguascalientes #ElGiganteDeMexico &nbsp; Se coloc\u00f3 la primera piedra de la Puerta de Acceso de Seguridad en el municipio de Calvillo Esta obra contar\u00e1 con tecnolog\u00eda de punta y estar\u00e1 lista en cuatro meses\u00a0 Como parte del \u201cBlindaje Aguascalientes\u201d, se trabaja en la integraci\u00f3n de Polic\u00edas especializadas, como la Tur\u00edstica, Rosa, Metropolitana y de Carreteras [&hellip;]<\/p>\n","protected":false},"author":1,"featured_media":39910,"comment_status":"closed","ping_status":"open","sticky":false,"template":"","format":"standard","meta":{"advanced_seo_description":"","jetpack_seo_html_title":"","jetpack_seo_noindex":false,"_jetpack_memberships_contains_paid_content":false,"footnotes":"","jetpack_publicize_message":"","jetpack_publicize_feature_enabled":true,"jetpack_social_post_already_shared":true,"jetpack_social_options":{"image_generator_settings":{"template":"highway","default_image_id":0,"font":"","enabled":false},"version":2}},"categories":[21,4],"tags":[22,161,320],"class_list":["post-39908","post","type-post","status-publish","format-standard","has-post-thumbnail","hentry","category-aguascalientes","category-gobierno-del-estado-aguascalientes","tag-aguascalientes","tag-gobierno-del-estado-aguascalientes","tag-tere-jimenez"],"jetpack_publicize_connections":[],"jetpack_featured_media_url":"https:\/\/i0.wp.com\/informativoelvalledeaguascalientes.online\/wp-content\/uploads\/2023\/01\/whatsapp-image-2023-01-28-at-2.10.30-pm.jpeg?fit=1600%2C1066&ssl=1","jetpack-related-posts":[],"jetpack_sharing_enabled":true,"jetpack_likes_enabled":true,"_links":{"self":[{"href":"https:\/\/informativoelvalledeaguascalientes.online\/index.php?rest_route=\/wp\/v2\/posts\/39908","targetHints":{"allow":["GET"]}}],"collection":[{"href":"https:\/\/informativoelvalledeaguascalientes.online\/index.php?rest_route=\/wp\/v2\/posts"}],"about":[{"href":"https:\/\/informativoelvalledeaguascalientes.online\/index.php?rest_route=\/wp\/v2\/types\/post"}],"author":[{"embeddable":true,"href":"https:\/\/informativoelvalledeaguascalientes.online\/index.php?rest_route=\/wp\/v2\/users\/1"}],"replies":[{"embeddable":true,"href":"https:\/\/informativoelvalledeaguascalientes.online\/index.php?rest_route=%2Fwp%2Fv2%2Fcomments&post=39908"}],"version-history":[{"count":1,"href":"https:\/\/informativoelvalledeaguascalientes.online\/index.php?rest_route=\/wp\/v2\/posts\/39908\/revisions"}],"predecessor-version":[{"id":39911,"href":"https:\/\/informativoelvalledeaguascalientes.online\/index.php?rest_route=\/wp\/v2\/posts\/39908\/revisions\/39911"}],"wp:featuredmedia":[{"embeddable":true,"href":"https:\/\/informativoelvalledeaguascalientes.online\/index.php?rest_route=\/wp\/v2\/media\/39910"}],"wp:attachment":[{"href":"https:\/\/informativoelvalledeaguascalientes.online\/index.php?rest_route=%2Fwp%2Fv2%2Fmedia&parent=39908"}],"wp:term":[{"taxonomy":"category","embeddable":true,"href":"https:\/\/informativoelvalledeaguascalientes.online\/index.php?rest_route=%2Fwp%2Fv2%2Fcategories&post=39908"},{"taxonomy":"post_tag","embeddable":true,"href":"https:\/\/informativoelvalledeaguascalientes.online\/index.php?rest_route=%2Fwp%2Fv2%2Ftags&post=39908"}],"curies":[{"name":"wp","href":"https:\/\/api.w.org\/{rel}","templated":true}]}}