{"id":39904,"date":"2023-01-29T00:56:58","date_gmt":"2023-01-29T06:56:58","guid":{"rendered":"https:\/\/informativoelvalledeaguascalientes.online\/?p=39904"},"modified":"2023-01-29T00:56:58","modified_gmt":"2023-01-29T06:56:58","slug":"reconoce-tere-jimenez-las-aportaciones-del-sector-de-la-construccion-al-desarrollo-de-aguascalientes","status":"publish","type":"post","link":"https:\/\/informativoelvalledeaguascalientes.online\/?p=39904","title":{"rendered":"RECONOCE TERE JIM\u00c9NEZ LAS APORTACIONES DEL SECTOR DE LA CONSTRUCCI\u00d3N AL DESARROLLO DE AGUASCALIENTES"},"content":{"rendered":"<div id=\"bgLayers_comp-l7sh9ubr2\" class=\"MW5IWV\" data-hook=\"bgLayers\">\n<div id=\"bgMedia_comp-l7sh9ubr2\" class=\"VgO9Yg\">\n<p><strong><a href=\"https:\/\/www.facebook.com\/hashtag\/informativoelvalledeaguascalientes\">#informativoelvalledeaguascalientes<\/a> <\/strong><\/p>\n<p><strong><a href=\"https:\/\/www.facebook.com\/hashtag\/novaradioaguascalientes\">#novaradioaguascalientes<\/a><\/strong><\/p>\n<p><strong><a href=\"https:\/\/www.facebook.com\/GobiernodeAguascalientes\">#ElGiganteDeMexico<\/a><\/strong><\/p>\n<p>&nbsp;<\/p>\n<\/div>\n<\/div>\n<div class=\"\" data-mesh-id=\"comp-l7sh9ubr2inlineContent\" data-testid=\"inline-content\">\n<div data-mesh-id=\"comp-l7sh9ubr2inlineContent-gridContainer\" data-testid=\"mesh-container-content\">\n<div id=\"comp-l7sh9ubx\" class=\"TWFxr5\">\n<div class=\"comp-l7sh9ubx\">\n<div class=\"s1IW4bz comp-l7sh9ubx\" data-hook=\"ricosviewer-wrapper\">\n<div class=\"kvdbP _1O7aH\" dir=\"ltr\" data-id=\"rich-content-viewer\">\n<div class=\"_1hN1O _3EPBy\">\n<p id=\"viewer-foo\" class=\"mm8Nw _1j-51 _1FoOD _78FBa public-DraftStyleDefault-block-depth0 fixed-tab-size public-DraftStyleDefault-text-ltr\"><span class=\"_2PHJq public-DraftStyleDefault-ltr\">Al encabezar la conmemoraci\u00f3n del 45 aniversario de la C\u00e1mara Mexicana de la Industria de la Construcci\u00f3n (CMIC) en Aguascalientes, la gobernadora Tere Jim\u00e9nez refrend\u00f3 su compromiso con los constructores locales y asegur\u00f3 que, durante su gesti\u00f3n, la asignaci\u00f3n de la obra p\u00fablica ser\u00e1 preferentemente para ellos.<\/span><\/p>\n<div id=\"viewer-qizyv5303\" class=\"mm8Nw _1j-51 _1FoOD _78FBa public-DraftStyleDefault-block-depth0 fixed-tab-size public-DraftStyleDefault-text-ltr\"><span class=\"_2PHJq public-DraftStyleDefault-ltr\">\u00a0<\/span><\/div>\n<p id=\"viewer-paduv5304\" class=\"mm8Nw _1j-51 _1FoOD _78FBa public-DraftStyleDefault-block-depth0 fixed-tab-size public-DraftStyleDefault-text-ltr\"><span class=\"_2PHJq public-DraftStyleDefault-ltr\">Asimismo, reconoci\u00f3 el importante papel que juega el sector de la construcci\u00f3n en la econom\u00eda local, por lo que tendr\u00e1 todo el respaldo del Gobierno del Estado para que siga creciendo y haciendo aportaciones importantes al desarrollo de Aguascalientes con obras de calidad que impacten positivamente en la vida de las y los aguascalentenses.\u00a0<\/span><\/p>\n<p id=\"viewer-7rw555306\" class=\"mm8Nw _1j-51 _1FoOD _78FBa public-DraftStyleDefault-block-depth0 fixed-tab-size public-DraftStyleDefault-text-ltr\"><span class=\"_2PHJq public-DraftStyleDefault-ltr\">.<\/span><\/p>\n<p id=\"viewer-rjl1s5308\" class=\"mm8Nw _1j-51 _1FoOD _78FBa public-DraftStyleDefault-block-depth0 fixed-tab-size public-DraftStyleDefault-text-ltr\"><span class=\"_2PHJq public-DraftStyleDefault-ltr\">\u201cDurante mi gesti\u00f3n haremos equipo con ustedes para consolidar los pr\u00f3ximos proyectos importantes para nuestro estado, como el segundo y tercer tramo del libramiento carretero; culminar el Distrito de Riego 01; construir el Hospital de Pabell\u00f3n de Arteaga, as\u00ed como la segunda parte de la rehabilitaci\u00f3n del tercer anillo, entre otras obras\u201d, detall\u00f3 la gobernadora.\u00a0<\/span><\/p>\n<p id=\"viewer-jrac25310\" class=\"mm8Nw _1j-51 _1FoOD _78FBa public-DraftStyleDefault-block-depth0 fixed-tab-size public-DraftStyleDefault-text-ltr\"><span class=\"_2PHJq public-DraftStyleDefault-ltr\">\u00a0<\/span><\/p>\n<p id=\"viewer-aaj5o5312\" class=\"mm8Nw _1j-51 _1FoOD _78FBa public-DraftStyleDefault-block-depth0 fixed-tab-size public-DraftStyleDefault-text-ltr\"><span class=\"_2PHJq public-DraftStyleDefault-ltr\">En el evento que se realiz\u00f3 en la sede de la CMIC Aguascalientes, y en el que tambi\u00e9n estuvo presente Francisco Javier Solares Alem\u00e1n, dirigente nacional de esta c\u00e1mara empresarial, la gobernadora del estado tambi\u00e9n inaugur\u00f3 el sal\u00f3n de usos m\u00faltiples \u201cDavid Hern\u00e1ndez Ruiz Esparza\u201d.<\/span><\/p>\n<div id=\"viewer-ra2ju5314\" class=\"mm8Nw _1j-51 _1FoOD _78FBa public-DraftStyleDefault-block-depth0 fixed-tab-size public-DraftStyleDefault-text-ltr\"><span class=\"_2PHJq public-DraftStyleDefault-ltr\">\u00a0<\/span><\/div>\n<p id=\"viewer-ke4iy5315\" class=\"mm8Nw _1j-51 _1FoOD _78FBa public-DraftStyleDefault-block-depth0 fixed-tab-size public-DraftStyleDefault-text-ltr\"><span class=\"_2PHJq public-DraftStyleDefault-ltr\">Acompa\u00f1aron a la gobernadora Leonardo Monta\u00f1ez Castro, presidente municipal de Aguascalientes; Jos\u00e9 \u00c1ngel Palacios Salas, presidente de la C\u00e1mara Mexicana de la Industria de la Construcci\u00f3n (CMIC) Aguascalientes; Carolina L\u00f3pez L\u00f3pez, secretaria de Obras P\u00fablicas del Estado; Jos\u00e9 Antonio Ar\u00e1mbula L\u00f3pez, presidente municipal de Jes\u00fas Mar\u00eda; as\u00ed como diputados locales y federales, y directivos de la CMIC.\u00a0<\/span><\/p>\n<\/div>\n<\/div>\n<\/div>\n<\/div>\n<\/div>\n<\/div>\n<\/div>\n","protected":false},"excerpt":{"rendered":"<p>#informativoelvalledeaguascalientes #novaradioaguascalientes #ElGiganteDeMexico &nbsp; Al encabezar la conmemoraci\u00f3n del 45 aniversario de la C\u00e1mara Mexicana de la Industria de la Construcci\u00f3n (CMIC) en Aguascalientes, la gobernadora Tere Jim\u00e9nez refrend\u00f3 su compromiso con los constructores locales y asegur\u00f3 que, durante su gesti\u00f3n, la asignaci\u00f3n de la obra p\u00fablica ser\u00e1 preferentemente para ellos. \u00a0 Asimismo, reconoci\u00f3 el [&hellip;]<\/p>\n","protected":false},"author":1,"featured_media":39906,"comment_status":"closed","ping_status":"open","sticky":false,"template":"","format":"standard","meta":{"advanced_seo_description":"","jetpack_seo_html_title":"","jetpack_seo_noindex":false,"_jetpack_memberships_contains_paid_content":false,"footnotes":"","jetpack_publicize_message":"","jetpack_publicize_feature_enabled":true,"jetpack_social_post_already_shared":true,"jetpack_social_options":{"image_generator_settings":{"template":"highway","default_image_id":0,"font":"","enabled":false},"version":2}},"categories":[21,4],"tags":[22,161,320],"class_list":["post-39904","post","type-post","status-publish","format-standard","has-post-thumbnail","hentry","category-aguascalientes","category-gobierno-del-estado-aguascalientes","tag-aguascalientes","tag-gobierno-del-estado-aguascalientes","tag-tere-jimenez"],"jetpack_publicize_connections":[],"jetpack_featured_media_url":"https:\/\/i0.wp.com\/informativoelvalledeaguascalientes.online\/wp-content\/uploads\/2023\/01\/20230127162556_5dm44348.jpg?fit=1845%2C1215&ssl=1","jetpack-related-posts":[],"jetpack_sharing_enabled":true,"jetpack_likes_enabled":true,"_links":{"self":[{"href":"https:\/\/informativoelvalledeaguascalientes.online\/index.php?rest_route=\/wp\/v2\/posts\/39904","targetHints":{"allow":["GET"]}}],"collection":[{"href":"https:\/\/informativoelvalledeaguascalientes.online\/index.php?rest_route=\/wp\/v2\/posts"}],"about":[{"href":"https:\/\/informativoelvalledeaguascalientes.online\/index.php?rest_route=\/wp\/v2\/types\/post"}],"author":[{"embeddable":true,"href":"https:\/\/informativoelvalledeaguascalientes.online\/index.php?rest_route=\/wp\/v2\/users\/1"}],"replies":[{"embeddable":true,"href":"https:\/\/informativoelvalledeaguascalientes.online\/index.php?rest_route=%2Fwp%2Fv2%2Fcomments&post=39904"}],"version-history":[{"count":1,"href":"https:\/\/informativoelvalledeaguascalientes.online\/index.php?rest_route=\/wp\/v2\/posts\/39904\/revisions"}],"predecessor-version":[{"id":39907,"href":"https:\/\/informativoelvalledeaguascalientes.online\/index.php?rest_route=\/wp\/v2\/posts\/39904\/revisions\/39907"}],"wp:featuredmedia":[{"embeddable":true,"href":"https:\/\/informativoelvalledeaguascalientes.online\/index.php?rest_route=\/wp\/v2\/media\/39906"}],"wp:attachment":[{"href":"https:\/\/informativoelvalledeaguascalientes.online\/index.php?rest_route=%2Fwp%2Fv2%2Fmedia&parent=39904"}],"wp:term":[{"taxonomy":"category","embeddable":true,"href":"https:\/\/informativoelvalledeaguascalientes.online\/index.php?rest_route=%2Fwp%2Fv2%2Fcategories&post=39904"},{"taxonomy":"post_tag","embeddable":true,"href":"https:\/\/informativoelvalledeaguascalientes.online\/index.php?rest_route=%2Fwp%2Fv2%2Ftags&post=39904"}],"curies":[{"name":"wp","href":"https:\/\/api.w.org\/{rel}","templated":true}]}}