{"id":39901,"date":"2023-01-29T00:51:55","date_gmt":"2023-01-29T06:51:55","guid":{"rendered":"https:\/\/informativoelvalledeaguascalientes.online\/?p=39901"},"modified":"2023-01-29T00:51:55","modified_gmt":"2023-01-29T06:51:55","slug":"aguascalientes-sede-del-primer-encuentro-de-experiencias-de-educacion-ambiental-de-la-region-occidente","status":"publish","type":"post","link":"https:\/\/informativoelvalledeaguascalientes.online\/?p=39901","title":{"rendered":"AGUASCALIENTES, SEDE DEL PRIMER ENCUENTRO DE EXPERIENCIAS DE EDUCACI\u00d3N AMBIENTAL DE LA REGI\u00d3N OCCIDENTE"},"content":{"rendered":"<div id=\"bgLayers_comp-l7sh9ubr2\" class=\"MW5IWV\" data-hook=\"bgLayers\">\n<div id=\"bgMedia_comp-l7sh9ubr2\" class=\"VgO9Yg\">\n<p><strong><a href=\"https:\/\/www.facebook.com\/hashtag\/informativoelvalledeaguascalientes\">#informativoelvalledeaguascalientes<\/a> <\/strong><\/p>\n<p><strong><a href=\"https:\/\/www.facebook.com\/hashtag\/novaradioaguascalientes\">#novaadioaguascalientes<\/a><\/strong><\/p>\n<p><strong><a href=\"https:\/\/www.facebook.com\/GobiernodeAguascalientes\">#ElGiganteDeMexico<\/a><\/strong><\/p>\n<p>&nbsp;<\/p>\n<\/div>\n<\/div>\n<div class=\"\" data-mesh-id=\"comp-l7sh9ubr2inlineContent\" data-testid=\"inline-content\">\n<div data-mesh-id=\"comp-l7sh9ubr2inlineContent-gridContainer\" data-testid=\"mesh-container-content\">\n<div id=\"comp-l7sh9ubx\" class=\"TWFxr5\">\n<div class=\"comp-l7sh9ubx\">\n<div class=\"s1IW4bz comp-l7sh9ubx\" data-hook=\"ricosviewer-wrapper\">\n<div class=\"kvdbP _1O7aH\" dir=\"ltr\" data-id=\"rich-content-viewer\">\n<div class=\"_1hN1O _3EPBy\">\n<p id=\"viewer-foo\" class=\"mm8Nw _1j-51 _1FoOD _78FBa public-DraftStyleDefault-block-depth0 fixed-tab-size public-DraftStyleDefault-text-ltr\"><span class=\"_2PHJq public-DraftStyleDefault-ltr\">La gobernadora de Aguascalientes, Tere Jim\u00e9nez, asisti\u00f3 al \u201cPrimer Encuentro de Experiencias de Educaci\u00f3n Ambiental de la Regi\u00f3n Occidente\u201d, que se llev\u00f3 a cabo en esta entidad con la participaci\u00f3n de los estados de San Luis Potos\u00ed, Guanajuato, Zacatecas, Michoac\u00e1n, Ciudad de M\u00e9xico, Jalisco y Aguascalientes.<\/span><\/p>\n<div id=\"viewer-hibik21471\" class=\"mm8Nw _1j-51 _1FoOD _78FBa public-DraftStyleDefault-block-depth0 fixed-tab-size public-DraftStyleDefault-text-ltr\"><span class=\"_2PHJq public-DraftStyleDefault-ltr\">\u00a0<\/span><\/div>\n<p id=\"viewer-bvoos21472\" class=\"mm8Nw _1j-51 _1FoOD _78FBa public-DraftStyleDefault-block-depth0 fixed-tab-size public-DraftStyleDefault-text-ltr\"><span class=\"_2PHJq public-DraftStyleDefault-ltr\">\u201cTenemos mucho por hacer, muchas actividades en las que el tiempo es importante. Debemos respetar nuestro medio ambiente y el agua, por lo que seremos un estado ejemplar a nivel nacional en agenda verde\u201d, subray\u00f3 Tere Jim\u00e9nez.<\/span><\/p>\n<div id=\"viewer-gcgph21474\" class=\"mm8Nw _1j-51 _1FoOD _78FBa public-DraftStyleDefault-block-depth0 fixed-tab-size public-DraftStyleDefault-text-ltr\"><span class=\"_2PHJq public-DraftStyleDefault-ltr\">\u00a0<\/span><\/div>\n<p id=\"viewer-5syo121475\" class=\"mm8Nw _1j-51 _1FoOD _78FBa public-DraftStyleDefault-block-depth0 fixed-tab-size public-DraftStyleDefault-text-ltr\"><span class=\"_2PHJq public-DraftStyleDefault-ltr\">Durante el encuentro organizado por la Secretar\u00eda de Sustentabilidad Medio Ambiente y Agua (SSMAA), que se llev\u00f3 a cabo en la Universidad Panamericana, campus Aguascalientes, se hizo entrega de un reconocimiento a 10 educadores ambientales destacados en la materia.<\/span><\/p>\n<div id=\"viewer-gq0ru21477\" class=\"mm8Nw _1j-51 _1FoOD _78FBa public-DraftStyleDefault-block-depth0 fixed-tab-size public-DraftStyleDefault-text-ltr\"><span class=\"_2PHJq public-DraftStyleDefault-ltr\">\u00a0<\/span><\/div>\n<p id=\"viewer-omfqa21478\" class=\"mm8Nw _1j-51 _1FoOD _78FBa public-DraftStyleDefault-block-depth0 fixed-tab-size public-DraftStyleDefault-text-ltr\"><span class=\"_2PHJq public-DraftStyleDefault-ltr\">Tambi\u00e9n estuvieron presentes Sarah\u00ed Mac\u00edas Alicea, secretaria de Sustentabilidad, Medio Ambiente y Agua; Jaime Gonz\u00e1lez de Le\u00f3n, diputado del VI distrito y secretario de la Comisi\u00f3n de Medio Ambiente, Recursos Naturales y Cambio Clim\u00e1tico; Ma. Isabel Ortiz Mantilla, secretaria de Medio Ambiente y Ordenamiento Territorial de Guanajuato y presidenta de la Asociaci\u00f3n Nacional de Autoridades Ambientales Estatales; Gladys Adriana Ram\u00edrez Aguilar, diputada del distrito XVII y presidenta de la Comisi\u00f3n de Reglamentos y Pr\u00e1cticas Reglamentarias; Gabriel Dom\u00ednguez Garc\u00eda, rector de la Universidad Panamericana; e Irama Silvia Marisela N\u00fa\u00f1ez Tancredi, comisionada de Comunicaci\u00f3n de la Academia Nacional de Educaci\u00f3n Ambiental.<\/span><\/p>\n<\/div>\n<\/div>\n<\/div>\n<\/div>\n<\/div>\n<\/div>\n<\/div>\n","protected":false},"excerpt":{"rendered":"<p>#informativoelvalledeaguascalientes #novaadioaguascalientes #ElGiganteDeMexico &nbsp; La gobernadora de Aguascalientes, Tere Jim\u00e9nez, asisti\u00f3 al \u201cPrimer Encuentro de Experiencias de Educaci\u00f3n Ambiental de la Regi\u00f3n Occidente\u201d, que se llev\u00f3 a cabo en esta entidad con la participaci\u00f3n de los estados de San Luis Potos\u00ed, Guanajuato, Zacatecas, Michoac\u00e1n, Ciudad de M\u00e9xico, Jalisco y Aguascalientes. \u00a0 \u201cTenemos mucho por hacer, [&hellip;]<\/p>\n","protected":false},"author":1,"featured_media":39902,"comment_status":"closed","ping_status":"open","sticky":false,"template":"","format":"standard","meta":{"advanced_seo_description":"","jetpack_seo_html_title":"","jetpack_seo_noindex":false,"_jetpack_memberships_contains_paid_content":false,"footnotes":"","jetpack_publicize_message":"","jetpack_publicize_feature_enabled":true,"jetpack_social_post_already_shared":true,"jetpack_social_options":{"image_generator_settings":{"template":"highway","default_image_id":0,"font":"","enabled":false},"version":2}},"categories":[21,4],"tags":[22,161,167,320],"class_list":["post-39901","post","type-post","status-publish","format-standard","has-post-thumbnail","hentry","category-aguascalientes","category-gobierno-del-estado-aguascalientes","tag-aguascalientes","tag-gobierno-del-estado-aguascalientes","tag-ssmaa","tag-tere-jimenez"],"jetpack_publicize_connections":[],"jetpack_featured_media_url":"https:\/\/i0.wp.com\/informativoelvalledeaguascalientes.online\/wp-content\/uploads\/2023\/01\/20230127095815_img_6954.jpg?fit=2400%2C1600&ssl=1","jetpack-related-posts":[],"jetpack_sharing_enabled":true,"jetpack_likes_enabled":true,"_links":{"self":[{"href":"https:\/\/informativoelvalledeaguascalientes.online\/index.php?rest_route=\/wp\/v2\/posts\/39901","targetHints":{"allow":["GET"]}}],"collection":[{"href":"https:\/\/informativoelvalledeaguascalientes.online\/index.php?rest_route=\/wp\/v2\/posts"}],"about":[{"href":"https:\/\/informativoelvalledeaguascalientes.online\/index.php?rest_route=\/wp\/v2\/types\/post"}],"author":[{"embeddable":true,"href":"https:\/\/informativoelvalledeaguascalientes.online\/index.php?rest_route=\/wp\/v2\/users\/1"}],"replies":[{"embeddable":true,"href":"https:\/\/informativoelvalledeaguascalientes.online\/index.php?rest_route=%2Fwp%2Fv2%2Fcomments&post=39901"}],"version-history":[{"count":1,"href":"https:\/\/informativoelvalledeaguascalientes.online\/index.php?rest_route=\/wp\/v2\/posts\/39901\/revisions"}],"predecessor-version":[{"id":39903,"href":"https:\/\/informativoelvalledeaguascalientes.online\/index.php?rest_route=\/wp\/v2\/posts\/39901\/revisions\/39903"}],"wp:featuredmedia":[{"embeddable":true,"href":"https:\/\/informativoelvalledeaguascalientes.online\/index.php?rest_route=\/wp\/v2\/media\/39902"}],"wp:attachment":[{"href":"https:\/\/informativoelvalledeaguascalientes.online\/index.php?rest_route=%2Fwp%2Fv2%2Fmedia&parent=39901"}],"wp:term":[{"taxonomy":"category","embeddable":true,"href":"https:\/\/informativoelvalledeaguascalientes.online\/index.php?rest_route=%2Fwp%2Fv2%2Fcategories&post=39901"},{"taxonomy":"post_tag","embeddable":true,"href":"https:\/\/informativoelvalledeaguascalientes.online\/index.php?rest_route=%2Fwp%2Fv2%2Ftags&post=39901"}],"curies":[{"name":"wp","href":"https:\/\/api.w.org\/{rel}","templated":true}]}}