{"id":39893,"date":"2023-01-29T00:38:19","date_gmt":"2023-01-29T06:38:19","guid":{"rendered":"https:\/\/informativoelvalledeaguascalientes.online\/?p=39893"},"modified":"2023-01-29T00:39:22","modified_gmt":"2023-01-29T06:39:22","slug":"inaugura-tere-jimenez-el-1er-congreso-tecnico-panamericano-de-taekwondoasisten-mas-de-400-atletas-nacionales-e-internacionales-provenientes-de-35-paises-de-america-y-asia-el-congreso-se-llevara-a-ca","status":"publish","type":"post","link":"https:\/\/informativoelvalledeaguascalientes.online\/?p=39893","title":{"rendered":"INAUGURA TERE JIM\u00c9NEZ EL 1er CONGRESO T\u00c9CNICO PANAMERICANO"},"content":{"rendered":"<p><strong><a href=\"https:\/\/www.facebook.com\/hashtag\/informativoelvalledeaguascalientes\">#informativoelvalledeaguascalientes<\/a> <\/strong><\/p>\n<p><strong><a href=\"https:\/\/www.facebook.com\/hashtag\/novaradioaguascalientes\">#novaradioaguascalientes<\/a><\/strong><\/p>\n<p><strong><a href=\"https:\/\/www.facebook.com\/GobiernodeAguascalientes\">#ElGiganteDeMexico<\/a><\/strong><\/p>\n<p>&nbsp;<\/p>\n<ul class=\"public-DraftStyleDefault-ul\">\n<li id=\"viewer-j615o17316\" class=\"_3Kjjs _78FBa public-DraftStyleDefault-unorderedListItem public-DraftStyleDefault-depth0 public-DraftStyleDefault-list-ltr fixed-tab-size public-DraftStyleDefault-reset _1FoOD _78FBa\">\n<p class=\"_1j-51 _1FoOD _78FBa undefined\"><strong><em>Asisten m\u00e1s de 400 atletas nacionales e internacionales, provenientes de 35 pa\u00edses de Am\u00e9rica y Asia<\/em><\/strong><\/p>\n<\/li>\n<li id=\"viewer-rbaft17319\" class=\"_3Kjjs _78FBa public-DraftStyleDefault-unorderedListItem public-DraftStyleDefault-depth0 public-DraftStyleDefault-list-ltr fixed-tab-size _1FoOD _78FBa\">\n<p class=\"_1j-51 _1FoOD _78FBa undefined\"><strong><em>El congreso se llevar\u00e1 a cabo del 25 al 30 de enero en las instalaciones del Ficotrece<\/em><\/strong><\/p>\n<\/li>\n<\/ul>\n<div id=\"viewer-fzr1h17321\" class=\"mm8Nw _1j-51 _1FoOD _78FBa public-DraftStyleDefault-block-depth0 fixed-tab-size public-DraftStyleDefault-text-ltr\"><span class=\"_2PHJq public-DraftStyleDefault-ltr\">\u00a0<\/span><\/div>\n<p id=\"viewer-m9zcb17322\" class=\"mm8Nw _1j-51 _1FoOD _78FBa public-DraftStyleDefault-block-depth0 fixed-tab-size public-DraftStyleDefault-text-ltr\"><span class=\"_2PHJq public-DraftStyleDefault-ltr\">La gobernadora de Aguascalientes inaugur\u00f3 el 1er Congreso T\u00e9cnico Panamericano de Taekwondo, donde dio una calurosa bienvenida a los m\u00e1s de 400 asistentes nacionales e internacionales, provenientes de 35 pa\u00edses de Am\u00e9rica y Asia.<\/span><\/p>\n<div id=\"viewer-g62t317326\" class=\"mm8Nw _1j-51 _1FoOD _78FBa public-DraftStyleDefault-block-depth0 fixed-tab-size public-DraftStyleDefault-text-ltr\"><span class=\"_2PHJq public-DraftStyleDefault-ltr\">\u00a0<\/span><\/div>\n<p id=\"viewer-wfpxj17327\" class=\"mm8Nw _1j-51 _1FoOD _78FBa public-DraftStyleDefault-block-depth0 fixed-tab-size public-DraftStyleDefault-text-ltr\"><span class=\"_2PHJq public-DraftStyleDefault-ltr\">\u201cSean bienvenidos a la tierra de la gente buena, al Gigante de M\u00e9xico, un estado seguro y en paz. Gracias porque esta reuni\u00f3n representa el trabajo en equipo; este no es un deporte m\u00e1s, exige mucha disciplina y preparaci\u00f3n, cortes\u00eda, integridad, perseverancia, autocontrol y el esp\u00edritu indomable. Sigan capacit\u00e1ndose y prepar\u00e1ndose, porque solo as\u00ed se ganan batallas\u201d, resalt\u00f3 la gobernadora.\u00a0<\/span><\/p>\n<div id=\"viewer-0ko8q17329\" class=\"mm8Nw _1j-51 _1FoOD _78FBa public-DraftStyleDefault-block-depth0 fixed-tab-size public-DraftStyleDefault-text-ltr\"><span class=\"_2PHJq public-DraftStyleDefault-ltr\">\u00a0<\/span><\/div>\n<p id=\"viewer-oy96117330\" class=\"mm8Nw _1j-51 _1FoOD _78FBa public-DraftStyleDefault-block-depth0 fixed-tab-size public-DraftStyleDefault-text-ltr\"><span class=\"_2PHJq public-DraftStyleDefault-ltr\">Arturo Fern\u00e1ndez Estrada, director general del Instituto del Deporte del Estado de Aguascalientes, agradeci\u00f3 a Tere Jim\u00e9nez por el apoyo que est\u00e1 brindando a las diferentes disciplinas deportivas que se practican en todo el estado.<\/span><\/p>\n<div id=\"viewer-zvub917332\" class=\"mm8Nw _1j-51 _1FoOD _78FBa public-DraftStyleDefault-block-depth0 fixed-tab-size public-DraftStyleDefault-text-ltr\"><span class=\"_2PHJq public-DraftStyleDefault-ltr\">\u00a0<\/span><\/div>\n<p id=\"viewer-ncz8m17333\" class=\"mm8Nw _1j-51 _1FoOD _78FBa public-DraftStyleDefault-block-depth0 fixed-tab-size public-DraftStyleDefault-text-ltr\"><span class=\"_2PHJq public-DraftStyleDefault-ltr\">Por su parte, el presidente de la Uni\u00f3n Panamericana de Taekwondo, Juan Manuel L\u00f3pez Delgado, reconoci\u00f3 la labor de los atletas y entrenadores provenientes de Aguascalientes que hoy en d\u00eda son referentes mundiales en el taekwondo, entre ellos Obed Mart\u00ednez Medina, alumno del IDEA, quien en d\u00edas anteriores fue reconocido por MundoTaekwondo como uno de los mejores poomsae junior a nivel internacional.<\/span><\/p>\n<div id=\"viewer-gf2iz17335\" class=\"mm8Nw _1j-51 _1FoOD _78FBa public-DraftStyleDefault-block-depth0 fixed-tab-size public-DraftStyleDefault-text-ltr\"><span class=\"_2PHJq public-DraftStyleDefault-ltr\">\u00a0<\/span><\/div>\n<p id=\"viewer-5kccq17336\" class=\"mm8Nw _1j-51 _1FoOD _78FBa public-DraftStyleDefault-block-depth0 fixed-tab-size public-DraftStyleDefault-text-ltr\"><span class=\"_2PHJq public-DraftStyleDefault-ltr\">El congreso se llevar\u00e1 a cabo del 25 al 30 de enero en las instalaciones del Ficotrece.\u00a0<\/span><\/p>\n<div id=\"viewer-f5x6p17338\" class=\"mm8Nw _1j-51 _1FoOD _78FBa public-DraftStyleDefault-block-depth0 fixed-tab-size public-DraftStyleDefault-text-ltr\"><span class=\"_2PHJq public-DraftStyleDefault-ltr\">\u00a0<\/span><\/div>\n<p id=\"viewer-yk28r17339\" class=\"mm8Nw _1j-51 _1FoOD _78FBa public-DraftStyleDefault-block-depth0 fixed-tab-size public-DraftStyleDefault-text-ltr\"><span class=\"_2PHJq public-DraftStyleDefault-ltr\">Al evento inaugural tambi\u00e9n asistieron Mario Bernardo Mandel Vaisman, secretario general de Panamerican Taekwondo Union (PATU); Ameli Mora y Chakir Chalbart, jefes de \u00e1rbitros para taekwondo; Kaiseungwan, del departamento de Educaci\u00f3n de Word Taekwondo; y IK Pil Kang, director del departamento de Mejora al Rendimiento Deportivo de la Federaci\u00f3n de Taekwondo en Corea.<\/span><\/p>\n","protected":false},"excerpt":{"rendered":"<p>#informativoelvalledeaguascalientes #novaradioaguascalientes #ElGiganteDeMexico &nbsp; Asisten m\u00e1s de 400 atletas nacionales e internacionales, provenientes de 35 pa\u00edses de Am\u00e9rica y Asia El congreso se llevar\u00e1 a cabo del 25 al 30 de enero en las instalaciones del Ficotrece \u00a0 La gobernadora de Aguascalientes inaugur\u00f3 el 1er Congreso T\u00e9cnico Panamericano de Taekwondo, donde dio una calurosa bienvenida [&hellip;]<\/p>\n","protected":false},"author":1,"featured_media":39894,"comment_status":"closed","ping_status":"open","sticky":false,"template":"","format":"standard","meta":{"advanced_seo_description":"","jetpack_seo_html_title":"","jetpack_seo_noindex":false,"_jetpack_memberships_contains_paid_content":false,"footnotes":"","jetpack_publicize_message":"","jetpack_publicize_feature_enabled":true,"jetpack_social_post_already_shared":true,"jetpack_social_options":{"image_generator_settings":{"template":"highway","default_image_id":0,"font":"","enabled":false},"version":2}},"categories":[21,4],"tags":[22,161,113],"class_list":["post-39893","post","type-post","status-publish","format-standard","has-post-thumbnail","hentry","category-aguascalientes","category-gobierno-del-estado-aguascalientes","tag-aguascalientes","tag-gobierno-del-estado-aguascalientes","tag-idea"],"jetpack_publicize_connections":[],"jetpack_featured_media_url":"https:\/\/i0.wp.com\/informativoelvalledeaguascalientes.online\/wp-content\/uploads\/2023\/01\/dsc06944.jpg?fit=1616%2C1080&ssl=1","jetpack-related-posts":[],"jetpack_sharing_enabled":true,"jetpack_likes_enabled":true,"_links":{"self":[{"href":"https:\/\/informativoelvalledeaguascalientes.online\/index.php?rest_route=\/wp\/v2\/posts\/39893","targetHints":{"allow":["GET"]}}],"collection":[{"href":"https:\/\/informativoelvalledeaguascalientes.online\/index.php?rest_route=\/wp\/v2\/posts"}],"about":[{"href":"https:\/\/informativoelvalledeaguascalientes.online\/index.php?rest_route=\/wp\/v2\/types\/post"}],"author":[{"embeddable":true,"href":"https:\/\/informativoelvalledeaguascalientes.online\/index.php?rest_route=\/wp\/v2\/users\/1"}],"replies":[{"embeddable":true,"href":"https:\/\/informativoelvalledeaguascalientes.online\/index.php?rest_route=%2Fwp%2Fv2%2Fcomments&post=39893"}],"version-history":[{"count":2,"href":"https:\/\/informativoelvalledeaguascalientes.online\/index.php?rest_route=\/wp\/v2\/posts\/39893\/revisions"}],"predecessor-version":[{"id":39896,"href":"https:\/\/informativoelvalledeaguascalientes.online\/index.php?rest_route=\/wp\/v2\/posts\/39893\/revisions\/39896"}],"wp:featuredmedia":[{"embeddable":true,"href":"https:\/\/informativoelvalledeaguascalientes.online\/index.php?rest_route=\/wp\/v2\/media\/39894"}],"wp:attachment":[{"href":"https:\/\/informativoelvalledeaguascalientes.online\/index.php?rest_route=%2Fwp%2Fv2%2Fmedia&parent=39893"}],"wp:term":[{"taxonomy":"category","embeddable":true,"href":"https:\/\/informativoelvalledeaguascalientes.online\/index.php?rest_route=%2Fwp%2Fv2%2Fcategories&post=39893"},{"taxonomy":"post_tag","embeddable":true,"href":"https:\/\/informativoelvalledeaguascalientes.online\/index.php?rest_route=%2Fwp%2Fv2%2Ftags&post=39893"}],"curies":[{"name":"wp","href":"https:\/\/api.w.org\/{rel}","templated":true}]}}