{"id":39887,"date":"2023-01-29T00:21:28","date_gmt":"2023-01-29T06:21:28","guid":{"rendered":"https:\/\/informativoelvalledeaguascalientes.online\/?p=39887"},"modified":"2023-01-29T00:21:28","modified_gmt":"2023-01-29T06:21:28","slug":"invita-tere-jimenez-a-jovenes-emprendedores-a-participar-en-convocatoria-de-impulso-a-sus-proyectos-2","status":"publish","type":"post","link":"https:\/\/informativoelvalledeaguascalientes.online\/?p=39887","title":{"rendered":"INVITA TERE JIM\u00c9NEZ A J\u00d3VENES EMPRENDEDORES A PARTICIPAR EN CONVOCATORIA DE IMPULSO A SUS PROYECTOS"},"content":{"rendered":"<p><strong><a href=\"https:\/\/www.facebook.com\/hashtag\/informativoelvalledeaguascalientes\">#informativoelvalledeaguascalientes<\/a> <\/strong><\/p>\n<p><strong><a href=\"https:\/\/www.facebook.com\/hashtag\/novaradioaguascalientes\">#novaradioaguascalientes<\/a><\/strong><\/p>\n<p><strong><a href=\"https:\/\/www.facebook.com\/GobiernodeAguascalientes\">#ElGiganteDeMexico<\/a><\/strong><\/p>\n<ul class=\"public-DraftStyleDefault-ul\">\n<li id=\"viewer-foo\" class=\"_3Kjjs _78FBa public-DraftStyleDefault-unorderedListItem public-DraftStyleDefault-depth0 public-DraftStyleDefault-list-ltr fixed-tab-size public-DraftStyleDefault-reset _1FoOD _78FBa\">\n<p class=\"_1j-51 _1FoOD _78FBa undefined\"><strong><em>El programa Emprende-T abre su registro a trav\u00e9s de la p\u00e1gina web <\/em><\/strong><a class=\"_3Bkfb _1lsz7\" href=\"http:\/\/www.agsdigital.com.mx\/\" target=\"_self\" rel=\"noopener noreferrer\" data-hook=\"linkViewer\"><strong><em>www.agsdigital.com.mx<\/em><\/strong><\/a><\/p>\n<\/li>\n<li id=\"viewer-fygds8065\" class=\"_3Kjjs _78FBa public-DraftStyleDefault-unorderedListItem public-DraftStyleDefault-depth0 public-DraftStyleDefault-list-ltr fixed-tab-size _1FoOD _78FBa\">\n<p class=\"_1j-51 _1FoOD _78FBa undefined\"><strong><em>Se tiene un presupuesto de 7 millones de pesos para impulsar a j\u00f3venes de 18 a 29 a\u00f1os<\/em><\/strong><\/p>\n<\/li>\n<\/ul>\n<div id=\"viewer-179hu8067\" class=\"mm8Nw _1j-51 _1FoOD _78FBa public-DraftStyleDefault-block-depth0 fixed-tab-size public-DraftStyleDefault-text-ltr\"><span class=\"_2PHJq public-DraftStyleDefault-ltr\">\u00a0<\/span><\/div>\n<p id=\"viewer-vk7tx8068\" class=\"mm8Nw _1j-51 _1FoOD _78FBa public-DraftStyleDefault-block-depth0 fixed-tab-size public-DraftStyleDefault-text-ltr\"><span class=\"_2PHJq public-DraftStyleDefault-ltr\">La gobernadora Tere Jim\u00e9nez invita a j\u00f3venes emprendedores de 18 a 29 a\u00f1os a participar en la convocatoria 2023 del programa Emprende-T que, con una inversi\u00f3n de 7 millones de pesos, ofrece apoyos econ\u00f3micos de hasta 100 mil pesos para el desarrollo de nuevos negocios o impulsar los ya existentes.<\/span><\/p>\n<div id=\"viewer-tqex08070\" class=\"mm8Nw _1j-51 _1FoOD _78FBa public-DraftStyleDefault-block-depth0 fixed-tab-size public-DraftStyleDefault-text-ltr\"><span class=\"_2PHJq public-DraftStyleDefault-ltr\">\u00a0<\/span><\/div>\n<p id=\"viewer-mqvxa8071\" class=\"mm8Nw _1j-51 _1FoOD _78FBa public-DraftStyleDefault-block-depth0 fixed-tab-size public-DraftStyleDefault-text-ltr\"><span class=\"_2PHJq public-DraftStyleDefault-ltr\">Al respecto, el titular de la Secretar\u00eda de Desarrollo, Econ\u00f3mico, Ciencia y Tecnolog\u00eda (Sedecyt), Manuel Alejandro Gonz\u00e1lez Mart\u00ednez, inform\u00f3 que ya se encuentra habilitado el proceso de registro a trav\u00e9s de la p\u00e1gina web <a class=\"_3Bkfb _1lsz7\" href=\"http:\/\/www.agsdigital.com.mx\/\" target=\"_self\" rel=\"noopener noreferrer\" data-hook=\"linkViewer\">www.agsdigital.com.mx<\/a> o desde la aplicaci\u00f3n para dispositivos m\u00f3viles AGS Digital.<\/span><\/p>\n<div id=\"viewer-peexb8075\" class=\"mm8Nw _1j-51 _1FoOD _78FBa public-DraftStyleDefault-block-depth0 fixed-tab-size public-DraftStyleDefault-text-ltr\"><span class=\"_2PHJq public-DraftStyleDefault-ltr\">\u00a0<\/span><\/div>\n<p id=\"viewer-h1w7t8076\" class=\"mm8Nw _1j-51 _1FoOD _78FBa public-DraftStyleDefault-block-depth0 fixed-tab-size public-DraftStyleDefault-text-ltr\"><span class=\"_2PHJq public-DraftStyleDefault-ltr\">Dijo que la fecha l\u00edmite para inscribirse es el pr\u00f3ximo 16 de abril o hasta agotar el presupuesto que se destin\u00f3 este a\u00f1o al programa.<\/span><\/p>\n<div id=\"viewer-6c46u8078\" class=\"mm8Nw _1j-51 _1FoOD _78FBa public-DraftStyleDefault-block-depth0 fixed-tab-size public-DraftStyleDefault-text-ltr\"><span class=\"_2PHJq public-DraftStyleDefault-ltr\">\u00a0<\/span><\/div>\n<p id=\"viewer-lfic48079\" class=\"mm8Nw _1j-51 _1FoOD _78FBa public-DraftStyleDefault-block-depth0 fixed-tab-size public-DraftStyleDefault-text-ltr\"><span class=\"_2PHJq public-DraftStyleDefault-ltr\">Agreg\u00f3 que los recursos econ\u00f3micos no son reembolsables y se dar\u00e1 prioridad a aquellos proyectos orientados a los sectores estrat\u00e9gicos y a la generaci\u00f3n de empleos. Asimismo, dijo que se otorgar\u00e1 el 80 por ciento del valor total a emprendedores y el 70 por ciento para microempresas, en tanto que cada beneficiario deber\u00e1 aportar el porcentaje restante.<\/span><\/p>\n<div id=\"viewer-5tkvn8081\" class=\"mm8Nw _1j-51 _1FoOD _78FBa public-DraftStyleDefault-block-depth0 fixed-tab-size public-DraftStyleDefault-text-ltr\"><span class=\"_2PHJq public-DraftStyleDefault-ltr\">\u00a0<\/span><\/div>\n<p id=\"viewer-4cn5s8082\" class=\"mm8Nw _1j-51 _1FoOD _78FBa public-DraftStyleDefault-block-depth0 fixed-tab-size public-DraftStyleDefault-text-ltr\"><span class=\"_2PHJq public-DraftStyleDefault-ltr\">Gonz\u00e1lez Mart\u00ednez precis\u00f3 que se apoyar\u00e1n rubros que eleven la competitividad y crecimiento de la empresa, como compra de maquinaria y herramienta de trabajo; equipo de energ\u00edas limpias; c\u00f3digo de barras; etiquetado de productos; capacitaci\u00f3n especializada; certificaciones; renta de oficinas virtuales; adquisici\u00f3n de licencias de software y marketing digital, entre otros.<\/span><\/p>\n<div id=\"viewer-0td7v8084\" class=\"mm8Nw _1j-51 _1FoOD _78FBa public-DraftStyleDefault-block-depth0 fixed-tab-size public-DraftStyleDefault-text-ltr\"><span class=\"_2PHJq public-DraftStyleDefault-ltr\">\u00a0<\/span><\/div>\n<p id=\"viewer-kkfld8085\" class=\"mm8Nw _1j-51 _1FoOD _78FBa public-DraftStyleDefault-block-depth0 fixed-tab-size public-DraftStyleDefault-text-ltr\"><span class=\"_2PHJq public-DraftStyleDefault-ltr\">Finalmente, el titular de la Sedecyt invit\u00f3 a quienes tienen inter\u00e9s por participar en este programa a consultar las reglas de operaci\u00f3n y detalles de la convocatoria en dicha plataforma digital, o bien comunicarse al tel\u00e9fono 449 910 2611, extensiones 5902 y 5925, y al correo electr\u00f3nico <a class=\"_3Bkfb _1lsz7\" href=\"mailto:jose.gonzalezs@aguascalientes.gob.mx\" target=\"_self\" rel=\"noopener noreferrer\" data-hook=\"linkViewer\">jose.gonzalezs@aguascalientes.gob.mx<\/a>.<\/span><\/p>\n","protected":false},"excerpt":{"rendered":"<p>#informativoelvalledeaguascalientes #novaradioaguascalientes #ElGiganteDeMexico El programa Emprende-T abre su registro a trav\u00e9s de la p\u00e1gina web www.agsdigital.com.mx Se tiene un presupuesto de 7 millones de pesos para impulsar a j\u00f3venes de 18 a 29 a\u00f1os \u00a0 La gobernadora Tere Jim\u00e9nez invita a j\u00f3venes emprendedores de 18 a 29 a\u00f1os a participar en la convocatoria 2023 del [&hellip;]<\/p>\n","protected":false},"author":1,"featured_media":39888,"comment_status":"closed","ping_status":"open","sticky":false,"template":"","format":"standard","meta":{"advanced_seo_description":"","jetpack_seo_html_title":"","jetpack_seo_noindex":false,"_jetpack_memberships_contains_paid_content":false,"footnotes":"","jetpack_publicize_message":"","jetpack_publicize_feature_enabled":true,"jetpack_social_post_already_shared":true,"jetpack_social_options":{"image_generator_settings":{"template":"highway","default_image_id":0,"font":"","enabled":false},"version":2}},"categories":[21,4],"tags":[22,161,610],"class_list":["post-39887","post","type-post","status-publish","format-standard","has-post-thumbnail","hentry","category-aguascalientes","category-gobierno-del-estado-aguascalientes","tag-aguascalientes","tag-gobierno-del-estado-aguascalientes","tag-sedecyt"],"jetpack_publicize_connections":[],"jetpack_featured_media_url":"https:\/\/i0.wp.com\/informativoelvalledeaguascalientes.online\/wp-content\/uploads\/2023\/01\/whatsapp-image-2023-01-26-at-11.09.56-am.jpeg?fit=1600%2C1066&ssl=1","jetpack-related-posts":[],"jetpack_sharing_enabled":true,"jetpack_likes_enabled":true,"_links":{"self":[{"href":"https:\/\/informativoelvalledeaguascalientes.online\/index.php?rest_route=\/wp\/v2\/posts\/39887","targetHints":{"allow":["GET"]}}],"collection":[{"href":"https:\/\/informativoelvalledeaguascalientes.online\/index.php?rest_route=\/wp\/v2\/posts"}],"about":[{"href":"https:\/\/informativoelvalledeaguascalientes.online\/index.php?rest_route=\/wp\/v2\/types\/post"}],"author":[{"embeddable":true,"href":"https:\/\/informativoelvalledeaguascalientes.online\/index.php?rest_route=\/wp\/v2\/users\/1"}],"replies":[{"embeddable":true,"href":"https:\/\/informativoelvalledeaguascalientes.online\/index.php?rest_route=%2Fwp%2Fv2%2Fcomments&post=39887"}],"version-history":[{"count":1,"href":"https:\/\/informativoelvalledeaguascalientes.online\/index.php?rest_route=\/wp\/v2\/posts\/39887\/revisions"}],"predecessor-version":[{"id":39889,"href":"https:\/\/informativoelvalledeaguascalientes.online\/index.php?rest_route=\/wp\/v2\/posts\/39887\/revisions\/39889"}],"wp:featuredmedia":[{"embeddable":true,"href":"https:\/\/informativoelvalledeaguascalientes.online\/index.php?rest_route=\/wp\/v2\/media\/39888"}],"wp:attachment":[{"href":"https:\/\/informativoelvalledeaguascalientes.online\/index.php?rest_route=%2Fwp%2Fv2%2Fmedia&parent=39887"}],"wp:term":[{"taxonomy":"category","embeddable":true,"href":"https:\/\/informativoelvalledeaguascalientes.online\/index.php?rest_route=%2Fwp%2Fv2%2Fcategories&post=39887"},{"taxonomy":"post_tag","embeddable":true,"href":"https:\/\/informativoelvalledeaguascalientes.online\/index.php?rest_route=%2Fwp%2Fv2%2Ftags&post=39887"}],"curies":[{"name":"wp","href":"https:\/\/api.w.org\/{rel}","templated":true}]}}