{"id":39835,"date":"2023-01-26T22:12:13","date_gmt":"2023-01-27T04:12:13","guid":{"rendered":"https:\/\/informativoelvalledeaguascalientes.online\/?p=39835"},"modified":"2023-01-26T22:12:13","modified_gmt":"2023-01-27T04:12:13","slug":"se-reunen-titulares-estatales-de-los-partidos-de-la-alianza-va-por-mexico-pan-pri-prd-aguascalientes","status":"publish","type":"post","link":"https:\/\/informativoelvalledeaguascalientes.online\/?p=39835","title":{"rendered":"SE RE\u00daNEN TITULARES ESTATALES DE LOS PARTIDOS DE LA ALIANZA VA POR M\u00c9XICO: PAN, PRI, PRD AGUASCALIENTES"},"content":{"rendered":"<p><strong><a href=\"https:\/\/www.facebook.com\/hashtag\/informativoelvalledeaguascalientes\">#informativoelvalledeaguascalientes<\/a><\/strong><\/p>\n<p><strong><a href=\"https:\/\/www.facebook.com\/hashtag\/novaradioaguascalientes\">#novaradioaguascalientes<\/a><\/strong><\/p>\n<p>&nbsp;<\/p>\n<p>El d\u00eda hoy el presidente del Comit\u00e9 Directivo Estatal del PAN, Javier Lu\u00e9vano N\u00fa\u00f1ez,\u00a0 se reuni\u00f3 en un desayuno con sus hom\u00f3logos Kendor Mac\u00edas del PRI e Iv\u00e1n S\u00e1nchez N\u00e1jera del PRD, quienes inician los acuerdos y bases para la agenda pol\u00edtica que trazar\u00e1 la ruta rumbo al 2024 con la alianza <strong><em>Va por M\u00e9xico,<\/em><\/strong> en la que nuevamente coinciden los tres partidos.<\/p>\n<p>&nbsp;<\/p>\n<p>Los representantes de esta alianza, siguiendo las directrices que signaron los l\u00edderes nacionales, est\u00e1n comprometidos a fortalecer el trabajo pol\u00edtico de la coalici\u00f3n con la que Aguascalientes obtuvo el triunfo en las pasadas elecciones, corroborando que en el estado y en el pa\u00eds, s\u00ed hay de otra.<\/p>\n<p>&nbsp;<\/p>\n","protected":false},"excerpt":{"rendered":"<p>#informativoelvalledeaguascalientes #novaradioaguascalientes &nbsp; El d\u00eda hoy el presidente del Comit\u00e9 Directivo Estatal del PAN, Javier Lu\u00e9vano N\u00fa\u00f1ez,\u00a0 se reuni\u00f3 en un desayuno con sus hom\u00f3logos Kendor Mac\u00edas del PRI e Iv\u00e1n S\u00e1nchez N\u00e1jera del PRD, quienes inician los acuerdos y bases para la agenda pol\u00edtica que trazar\u00e1 la ruta rumbo al 2024 con la alianza [&hellip;]<\/p>\n","protected":false},"author":1,"featured_media":39836,"comment_status":"closed","ping_status":"open","sticky":false,"template":"","format":"standard","meta":{"advanced_seo_description":"","jetpack_seo_html_title":"","jetpack_seo_noindex":false,"_jetpack_memberships_contains_paid_content":false,"footnotes":"","jetpack_publicize_message":"","jetpack_publicize_feature_enabled":true,"jetpack_social_post_already_shared":true,"jetpack_social_options":{"image_generator_settings":{"template":"highway","default_image_id":0,"font":"","enabled":false},"version":2}},"categories":[21,19,7,8,9],"tags":[22,232,43,626,33],"class_list":["post-39835","post","type-post","status-publish","format-standard","has-post-thumbnail","hentry","category-aguascalientes","category-informacion-general","category-pan-aguascalientes","category-prd-aguascalientes","category-pri-aguascalientes","tag-aguascalientes","tag-informacion-general","tag-pan-aguascalientes-cde","tag-prd-aguascalientes-cde","tag-pri-aguascalientes-cde"],"jetpack_publicize_connections":[],"jetpack_featured_media_url":"https:\/\/i0.wp.com\/informativoelvalledeaguascalientes.online\/wp-content\/uploads\/2023\/01\/pan-cde-26012023.jpg?fit=1600%2C1204&ssl=1","jetpack-related-posts":[],"jetpack_sharing_enabled":true,"jetpack_likes_enabled":true,"_links":{"self":[{"href":"https:\/\/informativoelvalledeaguascalientes.online\/index.php?rest_route=\/wp\/v2\/posts\/39835","targetHints":{"allow":["GET"]}}],"collection":[{"href":"https:\/\/informativoelvalledeaguascalientes.online\/index.php?rest_route=\/wp\/v2\/posts"}],"about":[{"href":"https:\/\/informativoelvalledeaguascalientes.online\/index.php?rest_route=\/wp\/v2\/types\/post"}],"author":[{"embeddable":true,"href":"https:\/\/informativoelvalledeaguascalientes.online\/index.php?rest_route=\/wp\/v2\/users\/1"}],"replies":[{"embeddable":true,"href":"https:\/\/informativoelvalledeaguascalientes.online\/index.php?rest_route=%2Fwp%2Fv2%2Fcomments&post=39835"}],"version-history":[{"count":1,"href":"https:\/\/informativoelvalledeaguascalientes.online\/index.php?rest_route=\/wp\/v2\/posts\/39835\/revisions"}],"predecessor-version":[{"id":39837,"href":"https:\/\/informativoelvalledeaguascalientes.online\/index.php?rest_route=\/wp\/v2\/posts\/39835\/revisions\/39837"}],"wp:featuredmedia":[{"embeddable":true,"href":"https:\/\/informativoelvalledeaguascalientes.online\/index.php?rest_route=\/wp\/v2\/media\/39836"}],"wp:attachment":[{"href":"https:\/\/informativoelvalledeaguascalientes.online\/index.php?rest_route=%2Fwp%2Fv2%2Fmedia&parent=39835"}],"wp:term":[{"taxonomy":"category","embeddable":true,"href":"https:\/\/informativoelvalledeaguascalientes.online\/index.php?rest_route=%2Fwp%2Fv2%2Fcategories&post=39835"},{"taxonomy":"post_tag","embeddable":true,"href":"https:\/\/informativoelvalledeaguascalientes.online\/index.php?rest_route=%2Fwp%2Fv2%2Ftags&post=39835"}],"curies":[{"name":"wp","href":"https:\/\/api.w.org\/{rel}","templated":true}]}}