{"id":39664,"date":"2023-01-21T15:54:42","date_gmt":"2023-01-21T21:54:42","guid":{"rendered":"https:\/\/informativoelvalledeaguascalientes.online\/?p=39664"},"modified":"2023-01-21T15:54:42","modified_gmt":"2023-01-21T21:54:42","slug":"anuncia-tere-jimenez-apoyos-de-hasta-200-mil-pesos-a-emprendedores-y-mipymes-a-traves-del-programa-confia","status":"publish","type":"post","link":"https:\/\/informativoelvalledeaguascalientes.online\/?p=39664","title":{"rendered":"ANUNCIA TERE JIM\u00c9NEZ APOYOS DE HASTA 200 MIL PESOS A EMPRENDEDORES Y MIPYMES A TRAV\u00c9S DEL PROGRAMA CONF\u00cdA"},"content":{"rendered":"<p><strong><a href=\"https:\/\/www.facebook.com\/hashtag\/informativoelvalledeaguascalientes\">#informativoelvalledeaguascalientes<\/a> <\/strong><\/p>\n<p><strong><a href=\"https:\/\/www.facebook.com\/hashtag\/novaradioaguascalientes\">#novaradioaguascalientes<\/a><\/strong><\/p>\n<p><strong><a href=\"https:\/\/www.facebook.com\/GobiernodeAguascalientes\">#ElGiganteDeMexico<\/a><\/strong><\/p>\n<ul class=\"public-DraftStyleDefault-ul\">\n<li id=\"viewer-hwl1w5091\" class=\"_3Kjjs _78FBa public-DraftStyleDefault-unorderedListItem public-DraftStyleDefault-depth0 public-DraftStyleDefault-list-ltr fixed-tab-size public-DraftStyleDefault-reset _1FoOD _78FBa\">\n<p class=\"_1j-51 _1FoOD _78FBa undefined\"><strong><em>Con una inversi\u00f3n de 30 mdp puso en marcha el programa CONF\u00cdA, a trav\u00e9s del cual se apoyar\u00e1 a estos sectores en siete vertientes espec\u00edficas<\/em><\/strong><\/p>\n<\/li>\n<li id=\"viewer-ecba35005\" class=\"_3Kjjs _78FBa public-DraftStyleDefault-unorderedListItem public-DraftStyleDefault-depth0 public-DraftStyleDefault-list-ltr fixed-tab-size _1FoOD _78FBa\">\n<p class=\"_1j-51 _1FoOD _78FBa undefined\"><strong><em>\u201cEn Aguascalientes los sue\u00f1os se construyen con esfuerzo y dedicaci\u00f3n, y lo vamos a demostrar con trabajo y soluciones al mundo entero\u201d: Tere Jim\u00e9nez<\/em><\/strong><\/p>\n<\/li>\n<li id=\"viewer-ebcpr5008\" class=\"_3Kjjs _78FBa public-DraftStyleDefault-unorderedListItem public-DraftStyleDefault-depth0 public-DraftStyleDefault-list-ltr fixed-tab-size _1FoOD _78FBa\">\n<p class=\"_1j-51 _1FoOD _78FBa undefined\"><strong><em>De las siete convocatorias para participar en este programa, dos se publicar\u00e1n el 25 de enero, cuatro el 15 de febrero y una el 15 de mayo del presente a\u00f1o<\/em><\/strong><\/p>\n<\/li>\n<\/ul>\n<div id=\"viewer-8efl65010\" class=\"mm8Nw _1j-51 _1FoOD _78FBa public-DraftStyleDefault-block-depth0 fixed-tab-size public-DraftStyleDefault-text-ltr\"><span class=\"_2PHJq public-DraftStyleDefault-ltr\">\u00a0<\/span><\/div>\n<p id=\"viewer-o5yg65011\" class=\"mm8Nw _1j-51 _1FoOD _78FBa public-DraftStyleDefault-block-depth0 fixed-tab-size public-DraftStyleDefault-text-ltr\"><span class=\"_2PHJq public-DraftStyleDefault-ltr\">La gobernadora Tere Jim\u00e9nez present\u00f3 el programa CONF\u00cdA, a trav\u00e9s del cual se destinar\u00e1n 30 millones de pesos en apoyos econ\u00f3micos de hasta 200 mil pesos para el fortalecimiento e impulso de emprendedores y MiPyMEs del estado.<\/span><\/p>\n<div id=\"viewer-a95ff5013\" class=\"mm8Nw _1j-51 _1FoOD _78FBa public-DraftStyleDefault-block-depth0 fixed-tab-size public-DraftStyleDefault-text-ltr\"><span class=\"_2PHJq public-DraftStyleDefault-ltr\">\u00a0<\/span><\/div>\n<p id=\"viewer-k95s95014\" class=\"mm8Nw _1j-51 _1FoOD _78FBa public-DraftStyleDefault-block-depth0 fixed-tab-size public-DraftStyleDefault-text-ltr\"><span class=\"_2PHJq public-DraftStyleDefault-ltr\">\u201cNecesitamos el impulso, el trabajo y la fortaleza de todos para salir adelante. S\u00e9 que Aguascalientes es ese estado donde los sue\u00f1os se construyen con esfuerzo y dedicaci\u00f3n, y lo vamos a demostrar con trabajo y soluciones al mundo entero\u201d, dijo la gobernadora.<\/span><\/p>\n<div id=\"viewer-494125016\" class=\"mm8Nw _1j-51 _1FoOD _78FBa public-DraftStyleDefault-block-depth0 fixed-tab-size public-DraftStyleDefault-text-ltr\"><span class=\"_2PHJq public-DraftStyleDefault-ltr\">\u00a0<\/span><\/div>\n<p id=\"viewer-83zcd5017\" class=\"mm8Nw _1j-51 _1FoOD _78FBa public-DraftStyleDefault-block-depth0 fixed-tab-size public-DraftStyleDefault-text-ltr\"><span class=\"_2PHJq public-DraftStyleDefault-ltr\">Asimismo, llam\u00f3 a los emprendedores y al empresariado local a que aprovechen todos los programas que impulsa el Gobierno del Estado en su beneficio: \u201cAy\u00fadennos a difundir las convocatorias para que m\u00e1s personas participen\u201d, les pidi\u00f3 Tere Jim\u00e9nez a los representantes de c\u00e1maras empresariales.<\/span><\/p>\n<div id=\"viewer-273u75019\" class=\"mm8Nw _1j-51 _1FoOD _78FBa public-DraftStyleDefault-block-depth0 fixed-tab-size public-DraftStyleDefault-text-ltr\"><span class=\"_2PHJq public-DraftStyleDefault-ltr\">\u00a0<\/span><\/div>\n<p id=\"viewer-zv9tb5020\" class=\"mm8Nw _1j-51 _1FoOD _78FBa public-DraftStyleDefault-block-depth0 fixed-tab-size public-DraftStyleDefault-text-ltr\"><span class=\"_2PHJq public-DraftStyleDefault-ltr\">El titular de la Secretar\u00eda de Desarrollo Econ\u00f3mico, Ciencia y Tecnolog\u00eda, Manuel Alejandro Gonz\u00e1lez Mart\u00ednez, explic\u00f3 que el apoyo para los emprendedores ser\u00e1 de hasta 100 mil pesos, bajo un esquema donde el Gobierno del Estado aportar\u00e1 el 70 por ciento y el beneficiario el 30 por ciento.<\/span><\/p>\n<div id=\"viewer-yloqa5022\" class=\"mm8Nw _1j-51 _1FoOD _78FBa public-DraftStyleDefault-block-depth0 fixed-tab-size public-DraftStyleDefault-text-ltr\"><span class=\"_2PHJq public-DraftStyleDefault-ltr\">\u00a0<\/span><\/div>\n<p id=\"viewer-ml4h85023\" class=\"mm8Nw _1j-51 _1FoOD _78FBa public-DraftStyleDefault-block-depth0 fixed-tab-size public-DraftStyleDefault-text-ltr\"><span class=\"_2PHJq public-DraftStyleDefault-ltr\">Dijo que para las micro, peque\u00f1as y medianas empresas el tope del apoyo econ\u00f3mico ser\u00e1 hasta por 200 mil pesos, con una aportaci\u00f3n oficial del 60 por ciento y el 40 por ciento restante a cargo del empresario.<\/span><\/p>\n<div id=\"viewer-9tnzg5025\" class=\"mm8Nw _1j-51 _1FoOD _78FBa public-DraftStyleDefault-block-depth0 fixed-tab-size public-DraftStyleDefault-text-ltr\"><span class=\"_2PHJq public-DraftStyleDefault-ltr\">\u00a0<\/span><\/div>\n<p id=\"viewer-k1wba5026\" class=\"mm8Nw _1j-51 _1FoOD _78FBa public-DraftStyleDefault-block-depth0 fixed-tab-size public-DraftStyleDefault-text-ltr\"><span class=\"_2PHJq public-DraftStyleDefault-ltr\">Destac\u00f3 que los beneficiarios deber\u00e1n destinar los recursos preferentemente a la adquisici\u00f3n de maquinaria, equipo, infraestructura productiva, capacitaci\u00f3n y certificaciones, entre otras cosas.<\/span><\/p>\n<div id=\"viewer-jne6p5028\" class=\"mm8Nw _1j-51 _1FoOD _78FBa public-DraftStyleDefault-block-depth0 fixed-tab-size public-DraftStyleDefault-text-ltr\"><span class=\"_2PHJq public-DraftStyleDefault-ltr\">\u00a0<\/span><\/div>\n<p id=\"viewer-to4dj5029\" class=\"mm8Nw _1j-51 _1FoOD _78FBa public-DraftStyleDefault-block-depth0 fixed-tab-size public-DraftStyleDefault-text-ltr\"><span class=\"_2PHJq public-DraftStyleDefault-ltr\">Gonz\u00e1lez Mart\u00ednez detall\u00f3 que el programa CONF\u00cdA se divide en siete variantes: Servicios para el Desarrollo Empresarial; Fortalecimiento de Capacidades Empresariales; Empresas de Bases Tecnol\u00f3gicas e Industrias Creativas; Energ\u00edas Limpias para Negocios Tradicionales; Empresas Certificadas Hecho en Aguascalientes; Desarrollo y Fortalecimiento de Franquicias; y Multi-Sectores.\u00a0<\/span><\/p>\n<div id=\"viewer-fc8rc5031\" class=\"mm8Nw _1j-51 _1FoOD _78FBa public-DraftStyleDefault-block-depth0 fixed-tab-size public-DraftStyleDefault-text-ltr\"><span class=\"_2PHJq public-DraftStyleDefault-ltr\">\u00a0<\/span><\/div>\n<p id=\"viewer-0oxca5032\" class=\"mm8Nw _1j-51 _1FoOD _78FBa public-DraftStyleDefault-block-depth0 fixed-tab-size public-DraftStyleDefault-text-ltr\"><span class=\"_2PHJq public-DraftStyleDefault-ltr\">Precis\u00f3 que habr\u00e1 una convocatoria para cada uno de los siete rubros, por lo que invit\u00f3 a las y los interesados a mantenerse atentos, ya que dos de estas se publicar\u00e1n el 25 de enero, cuatro el 15 de febrero y una m\u00e1s el 15 de mayo. Los interesados podr\u00e1n registrarse en <a class=\"_3Bkfb _1lsz7\" href=\"http:\/\/www.agsdigital.com.mx\/\" target=\"_self\" rel=\"noopener noreferrer\" data-hook=\"linkViewer\">www.agsdigital.com.mx<\/a>, y para mayores informes, podr\u00e1n comunicarse al 449 9102611.<\/span><\/p>\n<div id=\"viewer-dis315036\" class=\"mm8Nw _1j-51 _1FoOD _78FBa public-DraftStyleDefault-block-depth0 fixed-tab-size public-DraftStyleDefault-text-ltr\"><span class=\"_2PHJq public-DraftStyleDefault-ltr\">\u00a0<\/span><\/div>\n<p id=\"viewer-ra5qo5037\" class=\"mm8Nw _1j-51 _1FoOD _78FBa public-DraftStyleDefault-block-depth0 fixed-tab-size public-DraftStyleDefault-text-ltr\"><span class=\"_2PHJq public-DraftStyleDefault-ltr\">Finalmente, \u00c9rika Mu\u00f1oz Vidrio, presidenta de Mujeres Empresarias Mexicanas A.C. (MEMAC) en Aguascalientes, y Ra\u00fal Gonz\u00e1lez Alonso, presidente del Consejo Coordinador Empresarial en el estado, reconocieron el apoyo que Tere Jim\u00e9nez ha brindado al empresariado local, as\u00ed como la labor que ha hecho para fortalecer la unidad en este sector.<\/span><\/p>\n<div id=\"viewer-ajjyv5039\" class=\"mm8Nw _1j-51 _1FoOD _78FBa public-DraftStyleDefault-block-depth0 fixed-tab-size public-DraftStyleDefault-text-ltr\"><span class=\"_2PHJq public-DraftStyleDefault-ltr\">\u00a0<\/span><\/div>\n<p id=\"viewer-r9woj5040\" class=\"mm8Nw _1j-51 _1FoOD _78FBa public-DraftStyleDefault-block-depth0 fixed-tab-size public-DraftStyleDefault-text-ltr\"><span class=\"_2PHJq public-DraftStyleDefault-ltr\">En el evento tambi\u00e9n estuvieron presentes Leonardo Monta\u00f1ez Castro, presidente municipal de Aguascalientes; la diputada Alma Hilda Medina Mac\u00edas; y Berenice Cruz Frausto, presidenta de la Asociaci\u00f3n Mexicana de Mujeres Empresarias en Aguascalientes.<\/span><\/p>\n","protected":false},"excerpt":{"rendered":"<p>#informativoelvalledeaguascalientes #novaradioaguascalientes #ElGiganteDeMexico Con una inversi\u00f3n de 30 mdp puso en marcha el programa CONF\u00cdA, a trav\u00e9s del cual se apoyar\u00e1 a estos sectores en siete vertientes espec\u00edficas \u201cEn Aguascalientes los sue\u00f1os se construyen con esfuerzo y dedicaci\u00f3n, y lo vamos a demostrar con trabajo y soluciones al mundo entero\u201d: Tere Jim\u00e9nez De las siete [&hellip;]<\/p>\n","protected":false},"author":1,"featured_media":39665,"comment_status":"closed","ping_status":"open","sticky":false,"template":"","format":"standard","meta":{"advanced_seo_description":"","jetpack_seo_html_title":"","jetpack_seo_noindex":false,"_jetpack_memberships_contains_paid_content":false,"footnotes":"","jetpack_publicize_message":"","jetpack_publicize_feature_enabled":true,"jetpack_social_post_already_shared":true,"jetpack_social_options":{"image_generator_settings":{"template":"highway","default_image_id":0,"font":"","enabled":false},"version":2}},"categories":[21,4],"tags":[22,161,610,320],"class_list":["post-39664","post","type-post","status-publish","format-standard","has-post-thumbnail","hentry","category-aguascalientes","category-gobierno-del-estado-aguascalientes","tag-aguascalientes","tag-gobierno-del-estado-aguascalientes","tag-sedecyt","tag-tere-jimenez"],"jetpack_publicize_connections":[],"jetpack_featured_media_url":"https:\/\/i0.wp.com\/informativoelvalledeaguascalientes.online\/wp-content\/uploads\/2023\/01\/confa-6.jpg?fit=1920%2C1280&ssl=1","jetpack-related-posts":[],"jetpack_sharing_enabled":true,"jetpack_likes_enabled":true,"_links":{"self":[{"href":"https:\/\/informativoelvalledeaguascalientes.online\/index.php?rest_route=\/wp\/v2\/posts\/39664","targetHints":{"allow":["GET"]}}],"collection":[{"href":"https:\/\/informativoelvalledeaguascalientes.online\/index.php?rest_route=\/wp\/v2\/posts"}],"about":[{"href":"https:\/\/informativoelvalledeaguascalientes.online\/index.php?rest_route=\/wp\/v2\/types\/post"}],"author":[{"embeddable":true,"href":"https:\/\/informativoelvalledeaguascalientes.online\/index.php?rest_route=\/wp\/v2\/users\/1"}],"replies":[{"embeddable":true,"href":"https:\/\/informativoelvalledeaguascalientes.online\/index.php?rest_route=%2Fwp%2Fv2%2Fcomments&post=39664"}],"version-history":[{"count":1,"href":"https:\/\/informativoelvalledeaguascalientes.online\/index.php?rest_route=\/wp\/v2\/posts\/39664\/revisions"}],"predecessor-version":[{"id":39666,"href":"https:\/\/informativoelvalledeaguascalientes.online\/index.php?rest_route=\/wp\/v2\/posts\/39664\/revisions\/39666"}],"wp:featuredmedia":[{"embeddable":true,"href":"https:\/\/informativoelvalledeaguascalientes.online\/index.php?rest_route=\/wp\/v2\/media\/39665"}],"wp:attachment":[{"href":"https:\/\/informativoelvalledeaguascalientes.online\/index.php?rest_route=%2Fwp%2Fv2%2Fmedia&parent=39664"}],"wp:term":[{"taxonomy":"category","embeddable":true,"href":"https:\/\/informativoelvalledeaguascalientes.online\/index.php?rest_route=%2Fwp%2Fv2%2Fcategories&post=39664"},{"taxonomy":"post_tag","embeddable":true,"href":"https:\/\/informativoelvalledeaguascalientes.online\/index.php?rest_route=%2Fwp%2Fv2%2Ftags&post=39664"}],"curies":[{"name":"wp","href":"https:\/\/api.w.org\/{rel}","templated":true}]}}