{"id":39646,"date":"2023-01-21T15:12:34","date_gmt":"2023-01-21T21:12:34","guid":{"rendered":"https:\/\/informativoelvalledeaguascalientes.online\/?p=39646"},"modified":"2023-01-21T15:12:34","modified_gmt":"2023-01-21T21:12:34","slug":"avanza-comision-de-educacion-del-congreso-de-aguascalientes-en-su-trabajo-legislativo","status":"publish","type":"post","link":"https:\/\/informativoelvalledeaguascalientes.online\/?p=39646","title":{"rendered":"AVANZA COMISI\u00d3N DE EDUCACI\u00d3N DEL CONGRESO DE AGUASCALIENTES EN SU TRABAJO LEGISLATIVO"},"content":{"rendered":"<p><strong><a href=\"https:\/\/www.facebook.com\/hashtag\/informativoelvalledeaguascalientes\">#informativoelvalledeaguascalientes<\/a> <\/strong><\/p>\n<p><strong><a href=\"https:\/\/www.facebook.com\/hashtag\/novaradioaguascalientes\">#novaradioaguascalientes<\/a><\/strong><\/p>\n<p>&nbsp;<\/p>\n<p>Como parte de su agenda de parlamentaria, la Comisi\u00f3n de Educaci\u00f3n y Cultura de la LXV Legislatura del Congreso de Aguascalientes que preside el diputado Ra\u00fal Silva Perezchica, continu\u00f3 con el estudio de diversas iniciativas que est\u00e1n pr\u00f3ximas a dictaminarse en el seno de este \u00f3rgano legislativo.<\/p>\n<p>&nbsp;<\/p>\n<p>Las propuestas que hoy analizaron buscan mejorar diversos marcos normativos en materia educativa, de igualdad entre mujeres y hombres, y de los derechos de ni\u00f1as, ni\u00f1os y adolescentes.<\/p>\n<p>&nbsp;<\/p>\n<p>Durante la sesi\u00f3n que se realiz\u00f3 en el sal\u00f3n \u201cAquiles Elorduy Garc\u00eda\u201d, el presidente de la comisi\u00f3n, inform\u00f3 que le fueron turnadas seis iniciativas para su estudio y posterior dictaminaci\u00f3n.<\/p>\n<p>&nbsp;<\/p>\n<p>A la sesi\u00f3n tambi\u00e9n asistieron las y los congresistas Nancy Mac\u00edas, Vero Romo y Temo Escobedo, y las legisladoras, Juanis Mart\u00ednez, Yoli Rodr\u00edguez y Ana G\u00f3mez, quienes ampliaron informaci\u00f3n respecto a sus iniciativas que presentaron a te la Comisi\u00f3n de Educaci\u00f3n y Cultura, las cuales se encuentran en la etapa de an\u00e1lisis.<\/p>\n<p>&nbsp;<\/p>\n","protected":false},"excerpt":{"rendered":"<p>#informativoelvalledeaguascalientes #novaradioaguascalientes &nbsp; Como parte de su agenda de parlamentaria, la Comisi\u00f3n de Educaci\u00f3n y Cultura de la LXV Legislatura del Congreso de Aguascalientes que preside el diputado Ra\u00fal Silva Perezchica, continu\u00f3 con el estudio de diversas iniciativas que est\u00e1n pr\u00f3ximas a dictaminarse en el seno de este \u00f3rgano legislativo. &nbsp; Las propuestas que hoy [&hellip;]<\/p>\n","protected":false},"author":1,"featured_media":39647,"comment_status":"closed","ping_status":"open","sticky":false,"template":"","format":"standard","meta":{"advanced_seo_description":"","jetpack_seo_html_title":"","jetpack_seo_noindex":false,"_jetpack_memberships_contains_paid_content":false,"footnotes":"","jetpack_publicize_message":"","jetpack_publicize_feature_enabled":true,"jetpack_social_post_already_shared":true,"jetpack_social_options":{"image_generator_settings":{"template":"highway","default_image_id":0,"font":"","enabled":false},"version":2}},"categories":[21,5],"tags":[22,520],"class_list":["post-39646","post","type-post","status-publish","format-standard","has-post-thumbnail","hentry","category-aguascalientes","category-h-congreso-del-estado-aguascalientes","tag-aguascalientes","tag-lxv-legislatura-aguascalientes"],"jetpack_publicize_connections":[],"jetpack_featured_media_url":"https:\/\/i0.wp.com\/informativoelvalledeaguascalientes.online\/wp-content\/uploads\/2023\/01\/DSC_9571.jpg?fit=887%2C568&ssl=1","jetpack-related-posts":[],"jetpack_sharing_enabled":true,"jetpack_likes_enabled":true,"_links":{"self":[{"href":"https:\/\/informativoelvalledeaguascalientes.online\/index.php?rest_route=\/wp\/v2\/posts\/39646","targetHints":{"allow":["GET"]}}],"collection":[{"href":"https:\/\/informativoelvalledeaguascalientes.online\/index.php?rest_route=\/wp\/v2\/posts"}],"about":[{"href":"https:\/\/informativoelvalledeaguascalientes.online\/index.php?rest_route=\/wp\/v2\/types\/post"}],"author":[{"embeddable":true,"href":"https:\/\/informativoelvalledeaguascalientes.online\/index.php?rest_route=\/wp\/v2\/users\/1"}],"replies":[{"embeddable":true,"href":"https:\/\/informativoelvalledeaguascalientes.online\/index.php?rest_route=%2Fwp%2Fv2%2Fcomments&post=39646"}],"version-history":[{"count":1,"href":"https:\/\/informativoelvalledeaguascalientes.online\/index.php?rest_route=\/wp\/v2\/posts\/39646\/revisions"}],"predecessor-version":[{"id":39648,"href":"https:\/\/informativoelvalledeaguascalientes.online\/index.php?rest_route=\/wp\/v2\/posts\/39646\/revisions\/39648"}],"wp:featuredmedia":[{"embeddable":true,"href":"https:\/\/informativoelvalledeaguascalientes.online\/index.php?rest_route=\/wp\/v2\/media\/39647"}],"wp:attachment":[{"href":"https:\/\/informativoelvalledeaguascalientes.online\/index.php?rest_route=%2Fwp%2Fv2%2Fmedia&parent=39646"}],"wp:term":[{"taxonomy":"category","embeddable":true,"href":"https:\/\/informativoelvalledeaguascalientes.online\/index.php?rest_route=%2Fwp%2Fv2%2Fcategories&post=39646"},{"taxonomy":"post_tag","embeddable":true,"href":"https:\/\/informativoelvalledeaguascalientes.online\/index.php?rest_route=%2Fwp%2Fv2%2Ftags&post=39646"}],"curies":[{"name":"wp","href":"https:\/\/api.w.org\/{rel}","templated":true}]}}