{"id":39632,"date":"2023-01-19T23:59:01","date_gmt":"2023-01-20T05:59:01","guid":{"rendered":"https:\/\/informativoelvalledeaguascalientes.online\/?p=39632"},"modified":"2023-01-19T23:59:01","modified_gmt":"2023-01-20T05:59:01","slug":"ofrece-leonardo-montanez-apoyo-a-familias-del-feoi","status":"publish","type":"post","link":"https:\/\/informativoelvalledeaguascalientes.online\/?p=39632","title":{"rendered":"OFRECE LEONARDO MONTA\u00d1EZ APOYO A FAMILIAS DEL FEOI"},"content":{"rendered":"<p><strong><a href=\"https:\/\/www.facebook.com\/hashtag\/informativoelvalledeaguascalientes\">#informativoelvalledeaguascalientes<\/a> <\/strong><\/p>\n<p><strong><a href=\"https:\/\/www.facebook.com\/hashtag\/novaradioaguascalientes\">#novaradioaguascalientes<\/a> <\/strong><\/p>\n<p><strong><a class=\"x1i10hfl xjbqb8w x6umtig x1b1mbwd xaqea5y xav7gou x9f619 x1ypdohk xt0psk2 xe8uvvx xdj266r x11i5rnm xat24cr x1mh8g0r xexx8yu x4uap5 x18d9i69 xkhd6sd x16tdsg8 x1hl2dhg xggy1nq x1a2a7pz xt0b8zv x1qq9wsj xo1l8bm\" tabindex=\"0\" role=\"link\" href=\"https:\/\/www.facebook.com\/hashtag\/laciudaddetuvida?__eep__=6&amp;__cft__[0]=AZVUzG-uzEgkHBxlWi4clX4-qXx_nfGicugdShvx3oYxvDeUIl1My5bfFXiXTmVU7O9FCNwHdVuQiVqIjO99-u7dxeUq1S3CqcB1PNpBXLQtm-Q1JLiRFFX8c4SEMe3VqRRgSs9kS8-Ajp6HnW6ebLd3GeB3j-SCsEGrTUVXz1WdbDeQs8bs0Dry33nLaV6fVU4&amp;__tn__=*NK-R\">#LaCiudadDeTuVida<\/a><\/strong><\/p>\n<p>El presidente municipal\u00a0<strong>Leonardo Monta\u00f1ez,<\/strong>\u00a0particip\u00f3 en la recepci\u00f3n del pliego petitorio que anualmente realiza el Frente Estatal de Organizaciones Independientes (FEOI), a las autoridades de Aguascalientes, con la finalidad de atender las necesidades ah\u00ed plasmadas.<\/p>\n<p>Acompa\u00f1ando a la gobernadora\u00a0<strong>Tere Jim\u00e9nez<\/strong>\u00a0y ante miles de agremiados a esta organizaci\u00f3n que marcharon hasta la Plaza de la Patria,\u00a0<strong>Leonardo Monta\u00f1ez<\/strong>, reiter\u00f3 la importancia de continuar con los apoyos a diversos sectores de la sociedad, especialmente a los m\u00e1s vulnerables, adem\u00e1s de seguir otorgando seguridad y nueva infraestructura p\u00fablica.<\/p>\n<p>El presidente municipal de Aguascalientes, asegur\u00f3 que se har\u00e1 una correcta gesti\u00f3n de los recursos para mejorar la calidad de vida y el desarrollo de todas las familias.<\/p>\n","protected":false},"excerpt":{"rendered":"<p>#informativoelvalledeaguascalientes #novaradioaguascalientes #LaCiudadDeTuVida El presidente municipal\u00a0Leonardo Monta\u00f1ez,\u00a0particip\u00f3 en la recepci\u00f3n del pliego petitorio que anualmente realiza el Frente Estatal de Organizaciones Independientes (FEOI), a las autoridades de Aguascalientes, con la finalidad de atender las necesidades ah\u00ed plasmadas. Acompa\u00f1ando a la gobernadora\u00a0Tere Jim\u00e9nez\u00a0y ante miles de agremiados a esta organizaci\u00f3n que marcharon hasta la Plaza de [&hellip;]<\/p>\n","protected":false},"author":1,"featured_media":39633,"comment_status":"closed","ping_status":"open","sticky":false,"template":"","format":"standard","meta":{"advanced_seo_description":"","jetpack_seo_html_title":"","jetpack_seo_noindex":false,"_jetpack_memberships_contains_paid_content":false,"footnotes":"","jetpack_publicize_message":"","jetpack_publicize_feature_enabled":true,"jetpack_social_post_already_shared":true,"jetpack_social_options":{"image_generator_settings":{"template":"highway","default_image_id":0,"font":"","enabled":false},"version":2}},"categories":[21,3],"tags":[22,25,320],"class_list":["post-39632","post","type-post","status-publish","format-standard","has-post-thumbnail","hentry","category-aguascalientes","category-municipio-aguascalientes","tag-aguascalientes","tag-mpio-aguascalientes","tag-tere-jimenez"],"jetpack_publicize_connections":[],"jetpack_featured_media_url":"https:\/\/i0.wp.com\/informativoelvalledeaguascalientes.online\/wp-content\/uploads\/2023\/01\/IMG_5753.jpg?fit=1620%2C1080&ssl=1","jetpack-related-posts":[],"jetpack_sharing_enabled":true,"jetpack_likes_enabled":true,"_links":{"self":[{"href":"https:\/\/informativoelvalledeaguascalientes.online\/index.php?rest_route=\/wp\/v2\/posts\/39632","targetHints":{"allow":["GET"]}}],"collection":[{"href":"https:\/\/informativoelvalledeaguascalientes.online\/index.php?rest_route=\/wp\/v2\/posts"}],"about":[{"href":"https:\/\/informativoelvalledeaguascalientes.online\/index.php?rest_route=\/wp\/v2\/types\/post"}],"author":[{"embeddable":true,"href":"https:\/\/informativoelvalledeaguascalientes.online\/index.php?rest_route=\/wp\/v2\/users\/1"}],"replies":[{"embeddable":true,"href":"https:\/\/informativoelvalledeaguascalientes.online\/index.php?rest_route=%2Fwp%2Fv2%2Fcomments&post=39632"}],"version-history":[{"count":1,"href":"https:\/\/informativoelvalledeaguascalientes.online\/index.php?rest_route=\/wp\/v2\/posts\/39632\/revisions"}],"predecessor-version":[{"id":39634,"href":"https:\/\/informativoelvalledeaguascalientes.online\/index.php?rest_route=\/wp\/v2\/posts\/39632\/revisions\/39634"}],"wp:featuredmedia":[{"embeddable":true,"href":"https:\/\/informativoelvalledeaguascalientes.online\/index.php?rest_route=\/wp\/v2\/media\/39633"}],"wp:attachment":[{"href":"https:\/\/informativoelvalledeaguascalientes.online\/index.php?rest_route=%2Fwp%2Fv2%2Fmedia&parent=39632"}],"wp:term":[{"taxonomy":"category","embeddable":true,"href":"https:\/\/informativoelvalledeaguascalientes.online\/index.php?rest_route=%2Fwp%2Fv2%2Fcategories&post=39632"},{"taxonomy":"post_tag","embeddable":true,"href":"https:\/\/informativoelvalledeaguascalientes.online\/index.php?rest_route=%2Fwp%2Fv2%2Ftags&post=39632"}],"curies":[{"name":"wp","href":"https:\/\/api.w.org\/{rel}","templated":true}]}}