{"id":39629,"date":"2023-01-19T23:52:01","date_gmt":"2023-01-20T05:52:01","guid":{"rendered":"https:\/\/informativoelvalledeaguascalientes.online\/?p=39629"},"modified":"2023-01-19T23:52:01","modified_gmt":"2023-01-20T05:52:01","slug":"impulso-a-la-educacion-sera-clave-para-consolidar-el-desarrollo-de-aguascalientes","status":"publish","type":"post","link":"https:\/\/informativoelvalledeaguascalientes.online\/?p=39629","title":{"rendered":"IMPULSO A LA EDUCACI\u00d3N SER\u00c1 CLAVE PARA CONSOLIDAR EL DESARROLLO DE AGUASCALIENTES"},"content":{"rendered":"<p><strong><a href=\"https:\/\/www.facebook.com\/hashtag\/informativoelvalledeaguascalientes\">#informativoelvalledeaguascalientes<\/a> <\/strong><\/p>\n<p><strong><a href=\"https:\/\/www.facebook.com\/hashtag\/novaradioaguascalientes\">#novaradioaguascalientes<\/a><\/strong><\/p>\n<p><strong><a href=\"https:\/\/www.facebook.com\/GobiernodeAguascalientes\">#ElGiganteDeMexico<\/a><\/strong><\/p>\n<ul class=\"public-DraftStyleDefault-ul\">\n<li id=\"viewer-foo\" class=\"_3Kjjs _78FBa public-DraftStyleDefault-unorderedListItem public-DraftStyleDefault-depth0 public-DraftStyleDefault-list-ltr fixed-tab-size public-DraftStyleDefault-reset _1FoOD _78FBa\">\n<p class=\"_1j-51 _1FoOD _78FBa undefined\"><strong><em>Tan solo en los primeros 100 d\u00edas de la gesti\u00f3n que encabeza Tere Jim\u00e9nez, se entregaron m\u00e1s de 12 mil becas con una inversi\u00f3n de 30 mdp<\/em><\/strong><\/p>\n<\/li>\n<li id=\"viewer-c01t3713\" class=\"_3Kjjs _78FBa public-DraftStyleDefault-unorderedListItem public-DraftStyleDefault-depth0 public-DraftStyleDefault-list-ltr fixed-tab-size _1FoOD _78FBa\">\n<p class=\"_1j-51 _1FoOD _78FBa undefined\"><strong><em>Se otorgaron cerca de 51 mdp en apoyo a la econom\u00eda familiar de los alumnos de educaci\u00f3n b\u00e1sica, as\u00ed como uniformes por un monto de 40 mdp<\/em><\/strong><\/p>\n<\/li>\n<li id=\"viewer-fs1c5716\" class=\"_3Kjjs _78FBa public-DraftStyleDefault-unorderedListItem public-DraftStyleDefault-depth0 public-DraftStyleDefault-list-ltr fixed-tab-size _1FoOD _78FBa\">\n<p class=\"_1j-51 _1FoOD _78FBa undefined\"><strong><em>De igual forma se logr\u00f3 entregar plazas federales a 66 maestras y maestros de ingl\u00e9s, luego de 20 a\u00f1os de lucha por su basificaci\u00f3n<\/em><\/strong><\/p>\n<\/li>\n<\/ul>\n<div id=\"viewer-0m6gv718\" class=\"mm8Nw _1j-51 _1FoOD _78FBa public-DraftStyleDefault-block-depth0 fixed-tab-size public-DraftStyleDefault-text-ltr\"><span class=\"_2PHJq public-DraftStyleDefault-ltr\">\u00a0<\/span><\/div>\n<p id=\"viewer-ayfir719\" class=\"mm8Nw _1j-51 _1FoOD _78FBa public-DraftStyleDefault-block-depth0 fixed-tab-size public-DraftStyleDefault-text-ltr\"><span class=\"_2PHJq public-DraftStyleDefault-ltr\">En los primeros 100 d\u00edas de la gesti\u00f3n que encabeza Tere Jim\u00e9nez, qued\u00f3 en claro que la educaci\u00f3n es la clave para consolidar el desarrollo econ\u00f3mico y social de Aguascalientes, por lo que el impulso a este rubro seguir\u00e1 siendo un objetivo primordial para el Gobierno del Estado.<\/span><\/p>\n<div id=\"viewer-6m7wn721\" class=\"mm8Nw _1j-51 _1FoOD _78FBa public-DraftStyleDefault-block-depth0 fixed-tab-size public-DraftStyleDefault-text-ltr\"><span class=\"_2PHJq public-DraftStyleDefault-ltr\">\u00a0<\/span><\/div>\n<p id=\"viewer-pz5vx722\" class=\"mm8Nw _1j-51 _1FoOD _78FBa public-DraftStyleDefault-block-depth0 fixed-tab-size public-DraftStyleDefault-text-ltr\"><span class=\"_2PHJq public-DraftStyleDefault-ltr\">Muestra del inter\u00e9s que la actual administraci\u00f3n estatal mantiene en la formaci\u00f3n de ni\u00f1as, ni\u00f1os, adolescentes y j\u00f3venes de Aguascalientes, es que tan solo en estos primeros 100 d\u00edas, se entregaron m\u00e1s de 12 mil becas a estudiantes de todos los niveles educativos.<\/span><\/p>\n<div id=\"viewer-j0bfj724\" class=\"mm8Nw _1j-51 _1FoOD _78FBa public-DraftStyleDefault-block-depth0 fixed-tab-size public-DraftStyleDefault-text-ltr\"><span class=\"_2PHJq public-DraftStyleDefault-ltr\">\u00a0<\/span><\/div>\n<p id=\"viewer-3fi68725\" class=\"mm8Nw _1j-51 _1FoOD _78FBa public-DraftStyleDefault-block-depth0 fixed-tab-size public-DraftStyleDefault-text-ltr\"><span class=\"_2PHJq public-DraftStyleDefault-ltr\">El objetivo de dichos apoyos, que en esta primera entrega tuvieron una inversi\u00f3n superior a los 30 millones de pesos, es mantener en las aulas a las y los alumnos de educaci\u00f3n especial, b\u00e1sica, media superior y superior, a fin de que en el futuro tengan m\u00e1s oportunidades de desarrollo.<\/span><\/p>\n<div id=\"viewer-2v6ug727\" class=\"mm8Nw _1j-51 _1FoOD _78FBa public-DraftStyleDefault-block-depth0 fixed-tab-size public-DraftStyleDefault-text-ltr\"><span class=\"_2PHJq public-DraftStyleDefault-ltr\">\u00a0<\/span><\/div>\n<p id=\"viewer-t7971728\" class=\"mm8Nw _1j-51 _1FoOD _78FBa public-DraftStyleDefault-block-depth0 fixed-tab-size public-DraftStyleDefault-text-ltr\"><span class=\"_2PHJq public-DraftStyleDefault-ltr\">El esfuerzo, la constancia y el compromiso con su formaci\u00f3n acad\u00e9mica hicieron que Yulissa y Pao sean beneficiarias de una de estas becas; ambas j\u00f3venes son estudiantes aguascalentenses que sue\u00f1an con terminar su carrera, y por eso reconocen el valor que representa dicho apoyo.\u00a0<\/span><\/p>\n<div id=\"viewer-kzc46730\" class=\"mm8Nw _1j-51 _1FoOD _78FBa public-DraftStyleDefault-block-depth0 fixed-tab-size public-DraftStyleDefault-text-ltr\"><span class=\"_2PHJq public-DraftStyleDefault-ltr\">\u00a0<\/span><\/div>\n<p id=\"viewer-0pqbc731\" class=\"mm8Nw _1j-51 _1FoOD _78FBa public-DraftStyleDefault-block-depth0 fixed-tab-size public-DraftStyleDefault-text-ltr\"><span class=\"_2PHJq public-DraftStyleDefault-ltr\">Yulissa Ram\u00edrez estudia en el Centro de Bachillerato Tecnol\u00f3gico Industrial y de Servicios (CBTis) No. 195, y sabe la importancia de hablar ingl\u00e9s; por ello, tom\u00f3 la decisi\u00f3n de invertir una parte de su beca en un curso para aprender este idioma, y el resto lo utiliz\u00f3 para cubrir el costo de su inscripci\u00f3n a bachillerato.\u00a0<\/span><\/p>\n<div id=\"viewer-invus733\" class=\"mm8Nw _1j-51 _1FoOD _78FBa public-DraftStyleDefault-block-depth0 fixed-tab-size public-DraftStyleDefault-text-ltr\"><span class=\"_2PHJq public-DraftStyleDefault-ltr\">\u00a0<\/span><\/div>\n<p id=\"viewer-u1rmj734\" class=\"mm8Nw _1j-51 _1FoOD _78FBa public-DraftStyleDefault-block-depth0 fixed-tab-size public-DraftStyleDefault-text-ltr\"><span class=\"_2PHJq public-DraftStyleDefault-ltr\">En tanto que a Paola Fernanda, que estudia en el CBTis No. 39, su beca le dio la posibilidad de estudiar franc\u00e9s, pues una de sus metas en la vida es lograr desenvolverse en el \u00e1mbito profesional con el dominio de m\u00e1s de un idioma.<\/span><\/p>\n<div id=\"viewer-sz06r736\" class=\"mm8Nw _1j-51 _1FoOD _78FBa public-DraftStyleDefault-block-depth0 fixed-tab-size public-DraftStyleDefault-text-ltr\"><span class=\"_2PHJq public-DraftStyleDefault-ltr\">\u00a0<\/span><\/div>\n<p id=\"viewer-ubuiq737\" class=\"mm8Nw _1j-51 _1FoOD _78FBa public-DraftStyleDefault-block-depth0 fixed-tab-size public-DraftStyleDefault-text-ltr\"><span class=\"_2PHJq public-DraftStyleDefault-ltr\">En estos primeros 100 d\u00edas, tambi\u00e9n se destinaron cerca de 51 millones de pesos a las escuelas de educaci\u00f3n b\u00e1sica, a raz\u00f3n de 200 pesos por estudiante, en apoyo a la econom\u00eda familiar de los 253 mil 407 alumnos que cursan su educaci\u00f3n b\u00e1sica en el ciclo escolar 2022-2023, los cuales tambi\u00e9n recibieron uniformes por un monto de 40 millones de pesos.<\/span><\/p>\n<div id=\"viewer-msftg739\" class=\"mm8Nw _1j-51 _1FoOD _78FBa public-DraftStyleDefault-block-depth0 fixed-tab-size public-DraftStyleDefault-text-ltr\"><span class=\"_2PHJq public-DraftStyleDefault-ltr\">\u00a0<\/span><\/div>\n<p id=\"viewer-yneee740\" class=\"mm8Nw _1j-51 _1FoOD _78FBa public-DraftStyleDefault-block-depth0 fixed-tab-size public-DraftStyleDefault-text-ltr\"><span class=\"_2PHJq public-DraftStyleDefault-ltr\">Otra prueba de que el impulso a la educaci\u00f3n es prioridad para el Gobierno del Estado, es el apoyo a las maestras y maestros de Aguascalientes, por ser ellos los que tienen en sus manos la formaci\u00f3n de las nuevas generaciones.<\/span><\/p>\n","protected":false},"excerpt":{"rendered":"<p>#informativoelvalledeaguascalientes #novaradioaguascalientes #ElGiganteDeMexico Tan solo en los primeros 100 d\u00edas de la gesti\u00f3n que encabeza Tere Jim\u00e9nez, se entregaron m\u00e1s de 12 mil becas con una inversi\u00f3n de 30 mdp Se otorgaron cerca de 51 mdp en apoyo a la econom\u00eda familiar de los alumnos de educaci\u00f3n b\u00e1sica, as\u00ed como uniformes por un monto de [&hellip;]<\/p>\n","protected":false},"author":1,"featured_media":39630,"comment_status":"closed","ping_status":"open","sticky":false,"template":"","format":"standard","meta":{"advanced_seo_description":"","jetpack_seo_html_title":"","jetpack_seo_noindex":false,"_jetpack_memberships_contains_paid_content":false,"footnotes":"","jetpack_publicize_message":"","jetpack_publicize_feature_enabled":true,"jetpack_social_post_already_shared":true,"jetpack_social_options":{"image_generator_settings":{"template":"highway","default_image_id":0,"font":"","enabled":false},"version":2}},"categories":[21,4],"tags":[22,161,39,320],"class_list":["post-39629","post","type-post","status-publish","format-standard","has-post-thumbnail","hentry","category-aguascalientes","category-gobierno-del-estado-aguascalientes","tag-aguascalientes","tag-gobierno-del-estado-aguascalientes","tag-iea","tag-tere-jimenez"],"jetpack_publicize_connections":[],"jetpack_featured_media_url":"https:\/\/i0.wp.com\/informativoelvalledeaguascalientes.online\/wp-content\/uploads\/2023\/01\/gob_5752-1.jpg?fit=1620%2C1080&ssl=1","jetpack-related-posts":[],"jetpack_sharing_enabled":true,"jetpack_likes_enabled":true,"_links":{"self":[{"href":"https:\/\/informativoelvalledeaguascalientes.online\/index.php?rest_route=\/wp\/v2\/posts\/39629","targetHints":{"allow":["GET"]}}],"collection":[{"href":"https:\/\/informativoelvalledeaguascalientes.online\/index.php?rest_route=\/wp\/v2\/posts"}],"about":[{"href":"https:\/\/informativoelvalledeaguascalientes.online\/index.php?rest_route=\/wp\/v2\/types\/post"}],"author":[{"embeddable":true,"href":"https:\/\/informativoelvalledeaguascalientes.online\/index.php?rest_route=\/wp\/v2\/users\/1"}],"replies":[{"embeddable":true,"href":"https:\/\/informativoelvalledeaguascalientes.online\/index.php?rest_route=%2Fwp%2Fv2%2Fcomments&post=39629"}],"version-history":[{"count":1,"href":"https:\/\/informativoelvalledeaguascalientes.online\/index.php?rest_route=\/wp\/v2\/posts\/39629\/revisions"}],"predecessor-version":[{"id":39631,"href":"https:\/\/informativoelvalledeaguascalientes.online\/index.php?rest_route=\/wp\/v2\/posts\/39629\/revisions\/39631"}],"wp:featuredmedia":[{"embeddable":true,"href":"https:\/\/informativoelvalledeaguascalientes.online\/index.php?rest_route=\/wp\/v2\/media\/39630"}],"wp:attachment":[{"href":"https:\/\/informativoelvalledeaguascalientes.online\/index.php?rest_route=%2Fwp%2Fv2%2Fmedia&parent=39629"}],"wp:term":[{"taxonomy":"category","embeddable":true,"href":"https:\/\/informativoelvalledeaguascalientes.online\/index.php?rest_route=%2Fwp%2Fv2%2Fcategories&post=39629"},{"taxonomy":"post_tag","embeddable":true,"href":"https:\/\/informativoelvalledeaguascalientes.online\/index.php?rest_route=%2Fwp%2Fv2%2Ftags&post=39629"}],"curies":[{"name":"wp","href":"https:\/\/api.w.org\/{rel}","templated":true}]}}