{"id":39565,"date":"2023-01-17T23:37:48","date_gmt":"2023-01-18T05:37:48","guid":{"rendered":"https:\/\/informativoelvalledeaguascalientes.online\/?p=39565"},"modified":"2023-01-17T23:37:48","modified_gmt":"2023-01-18T05:37:48","slug":"que-realiza-tere-jimenez-en-materia-de-seguridad","status":"publish","type":"post","link":"https:\/\/informativoelvalledeaguascalientes.online\/?p=39565","title":{"rendered":"QUE REALIZA TERE JIM\u00c9NEZ EN MATERIA DE SEGURIDAD"},"content":{"rendered":"<p><strong><a href=\"https:\/\/www.facebook.com\/hashtag\/informativoelvalledeaguascalientes\">#informativoelvalledeaguascalientes<\/a> <\/strong><\/p>\n<p><strong><a href=\"https:\/\/www.facebook.com\/hashtag\/novaradioaguascalientes\">#novaradioaguascalientes<\/a><\/strong><\/p>\n<p><strong><a href=\"https:\/\/www.facebook.com\/GobiernodeAguascalientes\">#ElGiganteDeMexico<\/a><\/strong><\/p>\n<div id=\"bgLayers_comp-l7sh9ubr2\" class=\"MW5IWV\" data-hook=\"bgLayers\">\n<div id=\"bgMedia_comp-l7sh9ubr2\" class=\"VgO9Yg\"><\/div>\n<\/div>\n<div class=\"\" data-mesh-id=\"comp-l7sh9ubr2inlineContent\" data-testid=\"inline-content\">\n<div data-mesh-id=\"comp-l7sh9ubr2inlineContent-gridContainer\" data-testid=\"mesh-container-content\">\n<div id=\"comp-l7sh9ubx\" class=\"TWFxr5\">\n<div class=\"comp-l7sh9ubx\">\n<div class=\"s1IW4bz comp-l7sh9ubx\" data-hook=\"ricosviewer-wrapper\">\n<div class=\"kvdbP _1O7aH\" dir=\"ltr\" data-id=\"rich-content-viewer\">\n<div class=\"_1hN1O _3EPBy\">\n<div id=\"viewer-foo\" class=\"mm8Nw _1j-51 _1FoOD _78FBa public-DraftStyleDefault-block-depth0 fixed-tab-size public-DraftStyleDefault-text-ltr\"><span class=\"_2PHJq public-DraftStyleDefault-ltr\">\u00a0<\/span><\/div>\n<p id=\"viewer-pwhf45461\" class=\"mm8Nw _1j-51 _1FoOD _78FBa public-DraftStyleDefault-block-depth0 fixed-tab-size public-DraftStyleDefault-text-ltr\"><span class=\"_2PHJq public-DraftStyleDefault-ltr\">Tere Jim\u00e9nez, gobernadora de Aguascalientes, se reuni\u00f3 con don Roberto D\u00edaz Ruiz, delegado estatal de la C\u00e1mara Nacional del Autotransporte de Carga (Canacar); en el encuentro abordaron temas en los que se fortalecer\u00e1 la colaboraci\u00f3n a favor del sector productivo.<\/span><\/p>\n<div id=\"viewer-opv605463\" class=\"mm8Nw _1j-51 _1FoOD _78FBa public-DraftStyleDefault-block-depth0 fixed-tab-size public-DraftStyleDefault-text-ltr\"><span class=\"_2PHJq public-DraftStyleDefault-ltr\">\u00a0<\/span><\/div>\n<p id=\"viewer-vuy7j5464\" class=\"mm8Nw _1j-51 _1FoOD _78FBa public-DraftStyleDefault-block-depth0 fixed-tab-size public-DraftStyleDefault-text-ltr\"><span class=\"_2PHJq public-DraftStyleDefault-ltr\">La gobernadora se\u00f1al\u00f3 que su administraci\u00f3n impulsar\u00e1 las medidas necesarias que permitan a los transportistas transitar con seguridad por las carreteras de Aguascalientes y estados de la regi\u00f3n, pues la exportaci\u00f3n de productos hechos en Aguascalientes a otras partes del pa\u00eds y del mundo es de suma importancia para fortalecer la econom\u00eda local, y en esta din\u00e1mica el sector del transporte es indispensable, por lo que Tere Jim\u00e9nez refrend\u00f3 su compromiso con el gremio.<\/span><\/p>\n<div id=\"viewer-y9qwm5466\" class=\"mm8Nw _1j-51 _1FoOD _78FBa public-DraftStyleDefault-block-depth0 fixed-tab-size public-DraftStyleDefault-text-ltr\"><span class=\"_2PHJq public-DraftStyleDefault-ltr\">\u00a0<\/span><\/div>\n<p id=\"viewer-n0u1l5467\" class=\"mm8Nw _1j-51 _1FoOD _78FBa public-DraftStyleDefault-block-depth0 fixed-tab-size public-DraftStyleDefault-text-ltr\"><span class=\"_2PHJq public-DraftStyleDefault-ltr\">Don Roberto reconoci\u00f3 la estrategia \u201cBlindaje Aguascalientes\u201d y los esfuerzos de la gobernadora por hacer de Aguascalientes un estado seguro; adem\u00e1s resalt\u00f3 la coordinaci\u00f3n que mantiene con los diferentes niveles de gobierno, pues ello repercute en el fortalecimiento de estrategias en beneficio de la gente de Aguascalientes.<\/span><\/p>\n<\/div>\n<\/div>\n<\/div>\n<\/div>\n<\/div>\n<\/div>\n<\/div>\n","protected":false},"excerpt":{"rendered":"<p>#informativoelvalledeaguascalientes #novaradioaguascalientes #ElGiganteDeMexico \u00a0 Tere Jim\u00e9nez, gobernadora de Aguascalientes, se reuni\u00f3 con don Roberto D\u00edaz Ruiz, delegado estatal de la C\u00e1mara Nacional del Autotransporte de Carga (Canacar); en el encuentro abordaron temas en los que se fortalecer\u00e1 la colaboraci\u00f3n a favor del sector productivo. \u00a0 La gobernadora se\u00f1al\u00f3 que su administraci\u00f3n impulsar\u00e1 las medidas necesarias [&hellip;]<\/p>\n","protected":false},"author":1,"featured_media":39566,"comment_status":"closed","ping_status":"open","sticky":false,"template":"","format":"standard","meta":{"advanced_seo_description":"","jetpack_seo_html_title":"","jetpack_seo_noindex":false,"_jetpack_memberships_contains_paid_content":false,"footnotes":"","jetpack_publicize_message":"","jetpack_publicize_feature_enabled":true,"jetpack_social_post_already_shared":true,"jetpack_social_options":{"image_generator_settings":{"template":"highway","default_image_id":0,"font":"","enabled":false},"version":2}},"categories":[21,4],"tags":[22,161,320],"class_list":["post-39565","post","type-post","status-publish","format-standard","has-post-thumbnail","hentry","category-aguascalientes","category-gobierno-del-estado-aguascalientes","tag-aguascalientes","tag-gobierno-del-estado-aguascalientes","tag-tere-jimenez"],"jetpack_publicize_connections":[],"jetpack_featured_media_url":"https:\/\/i0.wp.com\/informativoelvalledeaguascalientes.online\/wp-content\/uploads\/2023\/01\/20230117103340_img_8776.jpg?fit=2227%2C1485&ssl=1","jetpack-related-posts":[],"jetpack_sharing_enabled":true,"jetpack_likes_enabled":true,"_links":{"self":[{"href":"https:\/\/informativoelvalledeaguascalientes.online\/index.php?rest_route=\/wp\/v2\/posts\/39565","targetHints":{"allow":["GET"]}}],"collection":[{"href":"https:\/\/informativoelvalledeaguascalientes.online\/index.php?rest_route=\/wp\/v2\/posts"}],"about":[{"href":"https:\/\/informativoelvalledeaguascalientes.online\/index.php?rest_route=\/wp\/v2\/types\/post"}],"author":[{"embeddable":true,"href":"https:\/\/informativoelvalledeaguascalientes.online\/index.php?rest_route=\/wp\/v2\/users\/1"}],"replies":[{"embeddable":true,"href":"https:\/\/informativoelvalledeaguascalientes.online\/index.php?rest_route=%2Fwp%2Fv2%2Fcomments&post=39565"}],"version-history":[{"count":1,"href":"https:\/\/informativoelvalledeaguascalientes.online\/index.php?rest_route=\/wp\/v2\/posts\/39565\/revisions"}],"predecessor-version":[{"id":39567,"href":"https:\/\/informativoelvalledeaguascalientes.online\/index.php?rest_route=\/wp\/v2\/posts\/39565\/revisions\/39567"}],"wp:featuredmedia":[{"embeddable":true,"href":"https:\/\/informativoelvalledeaguascalientes.online\/index.php?rest_route=\/wp\/v2\/media\/39566"}],"wp:attachment":[{"href":"https:\/\/informativoelvalledeaguascalientes.online\/index.php?rest_route=%2Fwp%2Fv2%2Fmedia&parent=39565"}],"wp:term":[{"taxonomy":"category","embeddable":true,"href":"https:\/\/informativoelvalledeaguascalientes.online\/index.php?rest_route=%2Fwp%2Fv2%2Fcategories&post=39565"},{"taxonomy":"post_tag","embeddable":true,"href":"https:\/\/informativoelvalledeaguascalientes.online\/index.php?rest_route=%2Fwp%2Fv2%2Ftags&post=39565"}],"curies":[{"name":"wp","href":"https:\/\/api.w.org\/{rel}","templated":true}]}}