{"id":39392,"date":"2023-01-12T20:17:29","date_gmt":"2023-01-13T02:17:29","guid":{"rendered":"https:\/\/informativoelvalledeaguascalientes.online\/?p=39392"},"modified":"2023-01-12T20:17:29","modified_gmt":"2023-01-13T02:17:29","slug":"quien-atente-contra-la-unidad-del-partido-o-de-va-por-mexico-no-quiere-al-pais-alejandro-moreno","status":"publish","type":"post","link":"https:\/\/informativoelvalledeaguascalientes.online\/?p=39392","title":{"rendered":"QUIEN ATENTE CONTRA LA UNIDAD DEL PARTIDO O DE \u201cVA POR M\u00c9XICO\u201d NO QUIERE AL PA\u00cdS: ALEJANDRO MORENO"},"content":{"rendered":"<p><strong><a href=\"https:\/\/www.facebook.com\/hashtag\/informativoelvalledeaguascalientes\">#informativoelvalledeaguascalientes<\/a><\/strong><\/p>\n<p><strong><a href=\"https:\/\/www.facebook.com\/hashtag\/novaradioaguascalientes\">#novaradioaguascalientes<\/a><\/strong><\/p>\n<p>&nbsp;<\/p>\n<p>\u2022 El l\u00edder nacional del PRI afirm\u00f3 que \u201cestamos m\u00e1s firmes y unidos que nunca\u201d.<br \/>\n\u2022 Al lado de los dirigentes nacionales del PAN, Marko Cort\u00e9s y del PRD, Jes\u00fas Zambrano, subray\u00f3 que es una alianza potente, construida por partidos y ciudadanos.<br \/>\n\u2022 Asegur\u00f3 que \u201cVa por M\u00e9xico\u201d triunfar\u00e1 el 4 de junio en el Estado de M\u00e9xico y Coahuila.<\/p>\n<p>Estamos m\u00e1s firmes y unidos que nunca. No hay obst\u00e1culos para construir la mejor alianza de \u201cVa por M\u00e9xico\u201d, una coalici\u00f3n potente construida por partidos y ciudadanos, que va por la defensa de nuestro modelo democr\u00e1tico, afirm\u00f3 Alejandro Moreno, Presidente del Comit\u00e9 Ejecutivo Nacional (CEN) del Partido Revolucionario Institucional (PRI).<\/p>\n<p>Al lado de los dirigentes de los partidos Acci\u00f3n Nacional (PAN), Marko Cort\u00e9s y de la Revoluci\u00f3n Democr\u00e1tica (PRD), Jes\u00fas Zambrano, el l\u00edder del tricolor particip\u00f3 en una conferencia de prensa conjunta de la coalici\u00f3n \u201cVa por M\u00e9xico\u201d, donde asegur\u00f3 que es una alianza de todo aquel que quiere lo mejor para nuestro pa\u00eds.<\/p>\n<p>Luego de refrendar su apoyo total a la coalici\u00f3n y respaldar las decisiones que la fortalecen, el Presidente Alejandro Moreno sostuvo que en la actual coyuntura del pa\u00eds, \u201cson los ciudadanos quienes est\u00e1n moldeando\u201d una alianza m\u00e1s s\u00f3lida.<\/p>\n<p>\u201cNi nos van a doblar ni nos van a echar para atr\u00e1s\u201d, asegur\u00f3, al tiempo de se\u00f1alar que \u201clas acciones del gobierno negligente de Morena est\u00e1n costando vidas. Pero nosotros estamos del lado correcto, al defender nuestra Constituci\u00f3n\u201d, subray\u00f3.<\/p>\n<p>En este marco, el dirigente del Revolucionario Institucional puntualiz\u00f3 que \u201cVa por M\u00e9xico\u201d triunfar\u00e1 el 4 de junio de 2023 en el Estado de M\u00e9xico y Coahuila. La prioridad, dijo, ser\u00e1 \u201crefrendar la confianza hist\u00f3rica de coahuilenses y mexiquenses, para que la destrucci\u00f3n de Morena no llegue a estas entidades\u201d.<\/p>\n<p>\u201cVamos a sacarlos del poder y comenzaremos con la reconstrucci\u00f3n nacional\u201d, destac\u00f3, al referirse al asedio de un gobierno autoritario que persigue a los opositores y destruye las instituciones.<\/p>\n<p>El tambi\u00e9n Presidente de la Conferencia Permanente de Partidos Pol\u00edticos de Am\u00e9rica Latina y el Caribe (COPPPAL) recalc\u00f3 que a \u201cVa por M\u00e9xico\u201d la sostienen ra\u00edces s\u00f3lidas y advirti\u00f3 que \u201cquienes atenten contra la unidad de la coalici\u00f3n, atentar\u00e1n contra el futuro de nuestro pa\u00eds y se estar\u00e1n prestando al juego de Morena y del gobierno, en su intento por dividirnos\u201d.<\/p>\n<p>En torno de los acuerdos aliancistas alcanzados, precis\u00f3 que el PAN ser\u00e1 el que sigle a los candidatos mejor posicionados para la elecci\u00f3n presidencial de 2024 y para la jefatura de Gobierno de la Ciudad de M\u00e9xico.<\/p>\n<p>Finalmente, el l\u00edder nacional del PRI indic\u00f3 que \u201cVa por M\u00e9xico est\u00e1 aqu\u00ed para solucionar, para entregar resultados y para dar certeza en el momento de mayor incertidumbre de nuestro pa\u00eds\u201d.<\/p>\n<p>En el acto estuvieron presentes los priistas Alejandra del Moral y Manolo Jim\u00e9nez; el panista Enrique Vargas y el perredista Omar Ortega; los dirigentes del PRI de Coahuila, Rodrigo Fuentes y del Estado de M\u00e9xico, Eric Sevilla; y la Delegada del CEN en territorio mexiquense, Ana Lilia Herrera.<\/p>\n<p>Asimismo, la Secretaria General del tricolor, Carolina Viggiano; el Coordinador Parlamentario de este instituto pol\u00edtico en la C\u00e1mara de Diputados, Rub\u00e9n Moreira; y los senadores Mario Zamora y Manuel A\u00f1orve, entre otras personas.<\/p>\n","protected":false},"excerpt":{"rendered":"<p>#informativoelvalledeaguascalientes #novaradioaguascalientes &nbsp; \u2022 El l\u00edder nacional del PRI afirm\u00f3 que \u201cestamos m\u00e1s firmes y unidos que nunca\u201d. \u2022 Al lado de los dirigentes nacionales del PAN, Marko Cort\u00e9s y del PRD, Jes\u00fas Zambrano, subray\u00f3 que es una alianza potente, construida por partidos y ciudadanos. \u2022 Asegur\u00f3 que \u201cVa por M\u00e9xico\u201d triunfar\u00e1 el 4 de [&hellip;]<\/p>\n","protected":false},"author":1,"featured_media":39393,"comment_status":"closed","ping_status":"open","sticky":false,"template":"","format":"standard","meta":{"advanced_seo_description":"","jetpack_seo_html_title":"","jetpack_seo_noindex":false,"_jetpack_memberships_contains_paid_content":false,"footnotes":"","jetpack_publicize_message":"","jetpack_publicize_feature_enabled":true,"jetpack_social_post_already_shared":true,"jetpack_social_options":{"image_generator_settings":{"template":"highway","default_image_id":0,"font":"","enabled":false},"version":2}},"categories":[21,9],"tags":[22,91,33,609],"class_list":["post-39392","post","type-post","status-publish","format-standard","has-post-thumbnail","hentry","category-aguascalientes","category-pri-aguascalientes","tag-aguascalientes","tag-pri-aguascalientes","tag-pri-aguascalientes-cde","tag-pri-cen"],"jetpack_publicize_connections":[],"jetpack_featured_media_url":"https:\/\/i0.wp.com\/informativoelvalledeaguascalientes.online\/wp-content\/uploads\/2023\/01\/pri-ags-va-por-mexico.jpg?fit=1280%2C854&ssl=1","jetpack-related-posts":[],"jetpack_sharing_enabled":true,"jetpack_likes_enabled":true,"_links":{"self":[{"href":"https:\/\/informativoelvalledeaguascalientes.online\/index.php?rest_route=\/wp\/v2\/posts\/39392","targetHints":{"allow":["GET"]}}],"collection":[{"href":"https:\/\/informativoelvalledeaguascalientes.online\/index.php?rest_route=\/wp\/v2\/posts"}],"about":[{"href":"https:\/\/informativoelvalledeaguascalientes.online\/index.php?rest_route=\/wp\/v2\/types\/post"}],"author":[{"embeddable":true,"href":"https:\/\/informativoelvalledeaguascalientes.online\/index.php?rest_route=\/wp\/v2\/users\/1"}],"replies":[{"embeddable":true,"href":"https:\/\/informativoelvalledeaguascalientes.online\/index.php?rest_route=%2Fwp%2Fv2%2Fcomments&post=39392"}],"version-history":[{"count":1,"href":"https:\/\/informativoelvalledeaguascalientes.online\/index.php?rest_route=\/wp\/v2\/posts\/39392\/revisions"}],"predecessor-version":[{"id":39394,"href":"https:\/\/informativoelvalledeaguascalientes.online\/index.php?rest_route=\/wp\/v2\/posts\/39392\/revisions\/39394"}],"wp:featuredmedia":[{"embeddable":true,"href":"https:\/\/informativoelvalledeaguascalientes.online\/index.php?rest_route=\/wp\/v2\/media\/39393"}],"wp:attachment":[{"href":"https:\/\/informativoelvalledeaguascalientes.online\/index.php?rest_route=%2Fwp%2Fv2%2Fmedia&parent=39392"}],"wp:term":[{"taxonomy":"category","embeddable":true,"href":"https:\/\/informativoelvalledeaguascalientes.online\/index.php?rest_route=%2Fwp%2Fv2%2Fcategories&post=39392"},{"taxonomy":"post_tag","embeddable":true,"href":"https:\/\/informativoelvalledeaguascalientes.online\/index.php?rest_route=%2Fwp%2Fv2%2Ftags&post=39392"}],"curies":[{"name":"wp","href":"https:\/\/api.w.org\/{rel}","templated":true}]}}