{"id":39389,"date":"2023-01-12T20:12:35","date_gmt":"2023-01-13T02:12:35","guid":{"rendered":"https:\/\/informativoelvalledeaguascalientes.online\/?p=39389"},"modified":"2023-01-12T20:12:35","modified_gmt":"2023-01-13T02:12:35","slug":"municipio-de-calvillo-e-iea-arrancan-mejoramiento-de-20-planteles-educativos-con-inversion-de-2-mdp","status":"publish","type":"post","link":"https:\/\/informativoelvalledeaguascalientes.online\/?p=39389","title":{"rendered":"MUNICIPIO DE CALVILLO E IEA ARRANCAN MEJORAMIENTO DE 20 PLANTELES EDUCATIVOS CON INVERSI\u00d3N DE 2 MDP"},"content":{"rendered":"<p><strong><a href=\"https:\/\/www.facebook.com\/hashtag\/informativoelvalledeaguascalientes\">#informativoelvalledeaguascalientes<\/a><\/strong><\/p>\n<p><strong><a href=\"https:\/\/www.facebook.com\/hashtag\/novaradioaguascalientes\">#novaradioaguascalientes<\/a><\/strong><\/p>\n<p>#TierraQueTrasciende<\/p>\n<p>&nbsp;<\/p>\n<p>Por iniciativa de su gobierno, Calvillo es el primer municipio del estado en contar con un programa para dignificar y mejora la infraestructura educativa<br \/>\nAlianza con padres de familia, autoridades educativas y municipales para impulsar la educaci\u00f3n y elevar el grado de escolaridad de Calvillo.<\/p>\n<p>El presidente municipal de Calvillo, Daniel Romo Urrutia, encabez\u00f3 el arranque del \u201cPrograma de Mejoramiento de Planteles Educativos\u201d, que en coordinaci\u00f3n con el Instituto del Estado de Aguascalientes (IEA), se realizar\u00e1n obras para mejorar la infraestuctura educativa y condiciones f\u00edsicas de 20 planteles de preescolar, primaria y secundaria en todo el municipio, con una inversi\u00f3n de 2 millones de pesos.<\/p>\n<p>Romo Urrutia agradeci\u00f3 a la directora general del IEA, Lorena Mart\u00ednez Rodr\u00edguez, la respuesta positiva a su gesti\u00f3n para obtener este recurso que permitir\u00e1 la compra de materiales e insumos, mientras que el gobierno municipal de Calvillo, aportar\u00e1 2 millones de pesos en mano de obra, maquinaria especializada y equipo humano, con lo que se atender\u00e1n solicitudes con m\u00e1s de 15 a\u00f1os de antig\u00fcedad, realizadas por padres de familia y docentes, y que ahora, son atendidas por el gobierno municipal, otorgando espacios dignos, seguros y propicios para los estudiantes.<\/p>\n<p>La directora general del IEA, Lorena Mart\u00ednez Rodr\u00edguez, hizo un reconocimiento a la labor del presidente municipal por su compromiso con el mejoramiento de la infraestructura educativa, se\u00f1alando que a pesar que no es una obligaci\u00f3n constitucional de los municipios, en este caso, la iniciativa del alcalde para mejorar la infraestructura educativa, convierte a Calvillo en un referente al ser el primero en el estado en contar con un programa de este tipo.<\/p>\n<p>Finalmente, padres de familia y maestros se mostraron agradecidos con las autoridades por atender las peticiones para la construcci\u00f3n y mejora de los inmuebles de educaci\u00f3n, y establecieron una alianza para trabajar por elevar la calidad en la educaci\u00f3n, reducir la deserci\u00f3n, y elevar el promedio de grado de escolaridad en Calvillo.<\/p>\n","protected":false},"excerpt":{"rendered":"<p>#informativoelvalledeaguascalientes #novaradioaguascalientes #TierraQueTrasciende &nbsp; Por iniciativa de su gobierno, Calvillo es el primer municipio del estado en contar con un programa para dignificar y mejora la infraestructura educativa Alianza con padres de familia, autoridades educativas y municipales para impulsar la educaci\u00f3n y elevar el grado de escolaridad de Calvillo. El presidente municipal de Calvillo, Daniel [&hellip;]<\/p>\n","protected":false},"author":1,"featured_media":39390,"comment_status":"closed","ping_status":"open","sticky":false,"template":"","format":"standard","meta":{"advanced_seo_description":"","jetpack_seo_html_title":"","jetpack_seo_noindex":false,"_jetpack_memberships_contains_paid_content":false,"footnotes":"","jetpack_publicize_message":"","jetpack_publicize_feature_enabled":true,"jetpack_social_post_already_shared":true,"jetpack_social_options":{"image_generator_settings":{"template":"highway","default_image_id":0,"font":"","enabled":false},"version":2}},"categories":[21,13],"tags":[22,88,29],"class_list":["post-39389","post","type-post","status-publish","format-standard","has-post-thumbnail","hentry","category-aguascalientes","category-calvillo-aguascalientes","tag-aguascalientes","tag-calvillo","tag-calvillo-aguascalientes"],"jetpack_publicize_connections":[],"jetpack_featured_media_url":"https:\/\/i0.wp.com\/informativoelvalledeaguascalientes.online\/wp-content\/uploads\/2023\/01\/calvillo-iea-12012023.jpg?fit=1024%2C683&ssl=1","jetpack-related-posts":[],"jetpack_sharing_enabled":true,"jetpack_likes_enabled":true,"_links":{"self":[{"href":"https:\/\/informativoelvalledeaguascalientes.online\/index.php?rest_route=\/wp\/v2\/posts\/39389","targetHints":{"allow":["GET"]}}],"collection":[{"href":"https:\/\/informativoelvalledeaguascalientes.online\/index.php?rest_route=\/wp\/v2\/posts"}],"about":[{"href":"https:\/\/informativoelvalledeaguascalientes.online\/index.php?rest_route=\/wp\/v2\/types\/post"}],"author":[{"embeddable":true,"href":"https:\/\/informativoelvalledeaguascalientes.online\/index.php?rest_route=\/wp\/v2\/users\/1"}],"replies":[{"embeddable":true,"href":"https:\/\/informativoelvalledeaguascalientes.online\/index.php?rest_route=%2Fwp%2Fv2%2Fcomments&post=39389"}],"version-history":[{"count":1,"href":"https:\/\/informativoelvalledeaguascalientes.online\/index.php?rest_route=\/wp\/v2\/posts\/39389\/revisions"}],"predecessor-version":[{"id":39391,"href":"https:\/\/informativoelvalledeaguascalientes.online\/index.php?rest_route=\/wp\/v2\/posts\/39389\/revisions\/39391"}],"wp:featuredmedia":[{"embeddable":true,"href":"https:\/\/informativoelvalledeaguascalientes.online\/index.php?rest_route=\/wp\/v2\/media\/39390"}],"wp:attachment":[{"href":"https:\/\/informativoelvalledeaguascalientes.online\/index.php?rest_route=%2Fwp%2Fv2%2Fmedia&parent=39389"}],"wp:term":[{"taxonomy":"category","embeddable":true,"href":"https:\/\/informativoelvalledeaguascalientes.online\/index.php?rest_route=%2Fwp%2Fv2%2Fcategories&post=39389"},{"taxonomy":"post_tag","embeddable":true,"href":"https:\/\/informativoelvalledeaguascalientes.online\/index.php?rest_route=%2Fwp%2Fv2%2Ftags&post=39389"}],"curies":[{"name":"wp","href":"https:\/\/api.w.org\/{rel}","templated":true}]}}