{"id":39366,"date":"2023-01-11T17:46:48","date_gmt":"2023-01-11T23:46:48","guid":{"rendered":"https:\/\/informativoelvalledeaguascalientes.online\/?p=39366"},"modified":"2023-01-11T17:46:48","modified_gmt":"2023-01-11T23:46:48","slug":"durante-la-sesion-de-la-diputacion-legisladora-hace-llamado-para-frenar-violencia-contra-las-mujeres","status":"publish","type":"post","link":"https:\/\/informativoelvalledeaguascalientes.online\/?p=39366","title":{"rendered":"DURANTE LA SESI\u00d3N DE LA DIPUTACI\u00d3N LEGISLADORA HACE LLAMADO PARA FRENAR VIOLENCIA CONTRA LAS MUJERES"},"content":{"rendered":"<p><strong><a href=\"https:\/\/www.facebook.com\/hashtag\/informativoelvalledeaguascalientes\">#informativoelvalledeaguascalientes<\/a> <\/strong><\/p>\n<p><strong><a href=\"https:\/\/www.facebook.com\/hashtag\/novaradioaguascalientes\">#novaradioaguascalientes<\/a><\/strong><\/p>\n<p>&nbsp;<\/p>\n<p>&nbsp;<\/p>\n<ul>\n<li>De igual manera, el diputado Juanjo Hern\u00e1ndez agradeci\u00f3 a sus homolog@s y personal administrativo tras 15 meses de trabajo legislativo; el titular de la diputaci\u00f3n, Jos\u00e9 Altamira asumir\u00e1 funciones el 15 de enero.<\/li>\n<\/ul>\n<p>&nbsp;<\/p>\n<p>&nbsp;<\/p>\n<p>Durante los trabajos de la cuarta sesi\u00f3n ordinaria de la Diputaci\u00f3n Permanente del Congreso de Aguascalientes y que en esta ocasi\u00f3n presidi\u00f3 el legislador Juanjo Hern\u00e1ndez, se hizo un llamado en\u00e9rgico, en voz de la legisladora Juanis Mart\u00ednez, para frenar la violencia contra las mujeres que deriv\u00f3 en 17 lamentables feminicidios al cierre del a\u00f1o pasado, de acuerdo con cifras oficiales que dio a conocer el Observatorio de Violencia Social y de G\u00e9nero.<\/p>\n<p>&nbsp;<\/p>\n<p>En este sentido, la legisladora exigi\u00f3 a autoridades federales y estatales poner un alto a la ola de casos que se suscitan en Aguascalientes y en el pa\u00eds.<\/p>\n<p>&nbsp;<\/p>\n<p>Al mismo tiempo, Juanis Mart\u00ednez exhort\u00f3 a las autoridades encargadas de la investigaci\u00f3n e impartici\u00f3n de justicia, a que eviten la re victimizaci\u00f3n de quienes perdieron a vida a consecuencia de sus agresores.<\/p>\n<p>&nbsp;<\/p>\n<p>En otro tema, el diputado Juanjo Hern\u00e1ndez solicit\u00f3 el uso de la voz para externar su agradecimiento a sus compa\u00f1eras y compa\u00f1eros hom\u00f3logos, as\u00ed como al personal administrativo, por el apoyo que le brindaron durante los 15 meses que se desempe\u00f1\u00f3 como representante popular,\u00a0 dado que a partir del 15 de enero de este a\u00f1o, retomar\u00e1 funciones Jos\u00e9 de Jes\u00fas Altamira, en calidad de diputado titular.<\/p>\n<p>&nbsp;<\/p>\n<p>Por su parte, el legislador Ra\u00fal Silva Perezchica reconoci\u00f3 en Juanjo Hern\u00e1ndez, una persona que destac\u00f3 en su paso por el Congreso de Aguascalientes, por su profesionalismo, entrega y dedicaci\u00f3n en los temas inherentes a la Comisi\u00f3n de Recursos Hidr\u00e1ulicos que le correspondi\u00f3 presidir.<\/p>\n<p>&nbsp;<\/p>\n<p>Acto seguido, el vicepresidente en funciones de presidente de la mesa directiva de la Diputaci\u00f3n Permanente, diputado Juanjo Hern\u00e1ndez clausur\u00f3 los trabajos de la sesi\u00f3n y cit\u00f3 a sus compa\u00f1eros para el pr\u00f3ximo mi\u00e9rcoles 18 de enero, a las 10 horas, en el sal\u00f3n Aquiles Elourduy Garc\u00eda.<\/p>\n<p>&nbsp;<\/p>\n","protected":false},"excerpt":{"rendered":"<p>#informativoelvalledeaguascalientes #novaradioaguascalientes &nbsp; &nbsp; De igual manera, el diputado Juanjo Hern\u00e1ndez agradeci\u00f3 a sus homolog@s y personal administrativo tras 15 meses de trabajo legislativo; el titular de la diputaci\u00f3n, Jos\u00e9 Altamira asumir\u00e1 funciones el 15 de enero. &nbsp; &nbsp; Durante los trabajos de la cuarta sesi\u00f3n ordinaria de la Diputaci\u00f3n Permanente del Congreso de Aguascalientes [&hellip;]<\/p>\n","protected":false},"author":1,"featured_media":39367,"comment_status":"closed","ping_status":"open","sticky":false,"template":"","format":"standard","meta":{"advanced_seo_description":"","jetpack_seo_html_title":"","jetpack_seo_noindex":false,"_jetpack_memberships_contains_paid_content":false,"footnotes":"","jetpack_publicize_message":"","jetpack_publicize_feature_enabled":true,"jetpack_social_post_already_shared":true,"jetpack_social_options":{"image_generator_settings":{"template":"highway","default_image_id":0,"font":"","enabled":false},"version":2}},"categories":[21,5],"tags":[22,520],"class_list":["post-39366","post","type-post","status-publish","format-standard","has-post-thumbnail","hentry","category-aguascalientes","category-h-congreso-del-estado-aguascalientes","tag-aguascalientes","tag-lxv-legislatura-aguascalientes"],"jetpack_publicize_connections":[],"jetpack_featured_media_url":"https:\/\/i0.wp.com\/informativoelvalledeaguascalientes.online\/wp-content\/uploads\/2023\/01\/DSC_8106.jpg?fit=1004%2C625&ssl=1","jetpack-related-posts":[],"jetpack_sharing_enabled":true,"jetpack_likes_enabled":true,"_links":{"self":[{"href":"https:\/\/informativoelvalledeaguascalientes.online\/index.php?rest_route=\/wp\/v2\/posts\/39366","targetHints":{"allow":["GET"]}}],"collection":[{"href":"https:\/\/informativoelvalledeaguascalientes.online\/index.php?rest_route=\/wp\/v2\/posts"}],"about":[{"href":"https:\/\/informativoelvalledeaguascalientes.online\/index.php?rest_route=\/wp\/v2\/types\/post"}],"author":[{"embeddable":true,"href":"https:\/\/informativoelvalledeaguascalientes.online\/index.php?rest_route=\/wp\/v2\/users\/1"}],"replies":[{"embeddable":true,"href":"https:\/\/informativoelvalledeaguascalientes.online\/index.php?rest_route=%2Fwp%2Fv2%2Fcomments&post=39366"}],"version-history":[{"count":1,"href":"https:\/\/informativoelvalledeaguascalientes.online\/index.php?rest_route=\/wp\/v2\/posts\/39366\/revisions"}],"predecessor-version":[{"id":39368,"href":"https:\/\/informativoelvalledeaguascalientes.online\/index.php?rest_route=\/wp\/v2\/posts\/39366\/revisions\/39368"}],"wp:featuredmedia":[{"embeddable":true,"href":"https:\/\/informativoelvalledeaguascalientes.online\/index.php?rest_route=\/wp\/v2\/media\/39367"}],"wp:attachment":[{"href":"https:\/\/informativoelvalledeaguascalientes.online\/index.php?rest_route=%2Fwp%2Fv2%2Fmedia&parent=39366"}],"wp:term":[{"taxonomy":"category","embeddable":true,"href":"https:\/\/informativoelvalledeaguascalientes.online\/index.php?rest_route=%2Fwp%2Fv2%2Fcategories&post=39366"},{"taxonomy":"post_tag","embeddable":true,"href":"https:\/\/informativoelvalledeaguascalientes.online\/index.php?rest_route=%2Fwp%2Fv2%2Ftags&post=39366"}],"curies":[{"name":"wp","href":"https:\/\/api.w.org\/{rel}","templated":true}]}}