{"id":39141,"date":"2023-01-03T13:36:17","date_gmt":"2023-01-03T19:36:17","guid":{"rendered":"https:\/\/informativoelvalledeaguascalientes.online\/?p=39141"},"modified":"2023-01-03T13:36:17","modified_gmt":"2023-01-03T19:36:17","slug":"mas-de-17-mil-docentes-y-personal-de-apoyo-de-las-escuelas-se-capacitan-a-traves-de-taller-intensivo-de-los-nuevos-planes-y-programas-de-estudio","status":"publish","type":"post","link":"https:\/\/informativoelvalledeaguascalientes.online\/?p=39141","title":{"rendered":"M\u00c1S DE 17 MIL DOCENTES Y PERSONAL DE APOYO DE LAS ESCUELAS SE CAPACITAN A TRAV\u00c9S DE TALLER INTENSIVO DE LOS NUEVOS PLANES Y PROGRAMAS DE ESTUDIO"},"content":{"rendered":"<p><strong><a href=\"https:\/\/www.facebook.com\/hashtag\/informativoelvalledeaguascalientes\">#informativoelvalledeaguascalientes<\/a> <\/strong><\/p>\n<p><strong><a href=\"https:\/\/www.facebook.com\/hashtag\/novaradioaguascalientes\">#novaradioaguascalientes<\/a><\/strong><\/p>\n<p><strong><a href=\"https:\/\/www.facebook.com\/GobiernodeAguascalientes\">#ElGiganteDeMexico<\/a><\/strong><\/p>\n<p>&nbsp;<\/p>\n<p><strong>\u00a0<\/strong><\/p>\n<p>Para nuestra gobernadora Tere Jim\u00e9nez, la actualizaci\u00f3n docente es fundamental para seguir brindando una educaci\u00f3n de calidad a ni\u00f1as, ni\u00f1os y j\u00f3venes. Por ello, del 2 al 6 de enero, se realiza el Taller Intensivo de Formaci\u00f3n Continua para Docentes Nuevos Planes y Programas de Estudios, con la participaci\u00f3n de m\u00e1s de 17 mil maestras, maestros y personal de apoyo de las escuelas, con la finalidad de proponer estrategias pedag\u00f3gicas y analizar, a partir de la reflexi\u00f3n colectiva, las implicaciones del Plan de Estudios para la educaci\u00f3n preescolar, primaria y secundaria.<\/p>\n<p>&nbsp;<\/p>\n<p>Dicha capacitaci\u00f3n arranc\u00f3 este lunes en los centros escolares, donde participan supervisores, directores, titulares de SisAAE, asesores t\u00e9cnicos pedag\u00f3gicos, jefes de departamento, de sector y de ense\u00f1anza, quienes ser\u00e1n los responsables del desarrollo del taller intensivo en cada uno de los colectivos docentes, del 3 al 6 de enero.<\/p>\n<p>&nbsp;<\/p>\n<p>Este espacio de actualizaci\u00f3n docente se realiza previo a que las y los estudiantes regresen a las aulas el pr\u00f3ximo lunes 9 de enero, luego del periodo vacacional de invierno, para continuar con las actividades acad\u00e9micas.<\/p>\n","protected":false},"excerpt":{"rendered":"<p>#informativoelvalledeaguascalientes #novaradioaguascalientes #ElGiganteDeMexico &nbsp; \u00a0 Para nuestra gobernadora Tere Jim\u00e9nez, la actualizaci\u00f3n docente es fundamental para seguir brindando una educaci\u00f3n de calidad a ni\u00f1as, ni\u00f1os y j\u00f3venes. Por ello, del 2 al 6 de enero, se realiza el Taller Intensivo de Formaci\u00f3n Continua para Docentes Nuevos Planes y Programas de Estudios, con la participaci\u00f3n de [&hellip;]<\/p>\n","protected":false},"author":1,"featured_media":39142,"comment_status":"closed","ping_status":"open","sticky":false,"template":"","format":"standard","meta":{"advanced_seo_description":"","jetpack_seo_html_title":"","jetpack_seo_noindex":false,"_jetpack_memberships_contains_paid_content":false,"footnotes":"","jetpack_publicize_message":"","jetpack_publicize_feature_enabled":true,"jetpack_social_post_already_shared":true,"jetpack_social_options":{"image_generator_settings":{"template":"highway","default_image_id":0,"font":"","enabled":false},"version":2}},"categories":[21,4],"tags":[22,161,39,320],"class_list":["post-39141","post","type-post","status-publish","format-standard","has-post-thumbnail","hentry","category-aguascalientes","category-gobierno-del-estado-aguascalientes","tag-aguascalientes","tag-gobierno-del-estado-aguascalientes","tag-iea","tag-tere-jimenez"],"jetpack_publicize_connections":[],"jetpack_featured_media_url":"https:\/\/i0.wp.com\/informativoelvalledeaguascalientes.online\/wp-content\/uploads\/2023\/01\/IMG_0926-scaled.jpg?fit=2560%2C1707&ssl=1","jetpack-related-posts":[],"jetpack_sharing_enabled":true,"jetpack_likes_enabled":true,"_links":{"self":[{"href":"https:\/\/informativoelvalledeaguascalientes.online\/index.php?rest_route=\/wp\/v2\/posts\/39141","targetHints":{"allow":["GET"]}}],"collection":[{"href":"https:\/\/informativoelvalledeaguascalientes.online\/index.php?rest_route=\/wp\/v2\/posts"}],"about":[{"href":"https:\/\/informativoelvalledeaguascalientes.online\/index.php?rest_route=\/wp\/v2\/types\/post"}],"author":[{"embeddable":true,"href":"https:\/\/informativoelvalledeaguascalientes.online\/index.php?rest_route=\/wp\/v2\/users\/1"}],"replies":[{"embeddable":true,"href":"https:\/\/informativoelvalledeaguascalientes.online\/index.php?rest_route=%2Fwp%2Fv2%2Fcomments&post=39141"}],"version-history":[{"count":1,"href":"https:\/\/informativoelvalledeaguascalientes.online\/index.php?rest_route=\/wp\/v2\/posts\/39141\/revisions"}],"predecessor-version":[{"id":39144,"href":"https:\/\/informativoelvalledeaguascalientes.online\/index.php?rest_route=\/wp\/v2\/posts\/39141\/revisions\/39144"}],"wp:featuredmedia":[{"embeddable":true,"href":"https:\/\/informativoelvalledeaguascalientes.online\/index.php?rest_route=\/wp\/v2\/media\/39142"}],"wp:attachment":[{"href":"https:\/\/informativoelvalledeaguascalientes.online\/index.php?rest_route=%2Fwp%2Fv2%2Fmedia&parent=39141"}],"wp:term":[{"taxonomy":"category","embeddable":true,"href":"https:\/\/informativoelvalledeaguascalientes.online\/index.php?rest_route=%2Fwp%2Fv2%2Fcategories&post=39141"},{"taxonomy":"post_tag","embeddable":true,"href":"https:\/\/informativoelvalledeaguascalientes.online\/index.php?rest_route=%2Fwp%2Fv2%2Ftags&post=39141"}],"curies":[{"name":"wp","href":"https:\/\/api.w.org\/{rel}","templated":true}]}}