{"id":39138,"date":"2023-01-03T13:27:01","date_gmt":"2023-01-03T19:27:01","guid":{"rendered":"https:\/\/informativoelvalledeaguascalientes.online\/?p=39138"},"modified":"2023-01-03T13:27:01","modified_gmt":"2023-01-03T19:27:01","slug":"ser-policia-de-aguascalientes-es-motivo-de-orgullo-para-las-nuevas-generaciones","status":"publish","type":"post","link":"https:\/\/informativoelvalledeaguascalientes.online\/?p=39138","title":{"rendered":"SER POLIC\u00cdA DE AGUASCALIENTES ES MOTIVO DE ORGULLO PARA LAS NUEVAS GENERACIONES"},"content":{"rendered":"<div id=\"bgLayers_comp-l7sh9ubr2\" class=\"MW5IWV\" data-hook=\"bgLayers\">\n<div id=\"bgMedia_comp-l7sh9ubr2\" class=\"VgO9Yg\">\n<p><strong><a href=\"https:\/\/www.facebook.com\/hashtag\/informativoelvalledeaguascalientes\">#informativoelvalledeaguascalientes<\/a> <\/strong><\/p>\n<p><strong><a href=\"https:\/\/www.facebook.com\/hashtag\/novaradioaguascalientes\">#novaradioaguascalientes<\/a><\/strong><\/p>\n<p><strong><a href=\"https:\/\/www.facebook.com\/GobiernodeAguascalientes\">#ElGiganteDeMexico<\/a><\/strong><\/p>\n<p>&nbsp;<\/p>\n<\/div>\n<\/div>\n<div class=\"\" data-mesh-id=\"comp-l7sh9ubr2inlineContent\" data-testid=\"inline-content\">\n<div data-mesh-id=\"comp-l7sh9ubr2inlineContent-gridContainer\" data-testid=\"mesh-container-content\">\n<div id=\"comp-l7sh9ubx\" class=\"TWFxr5\">\n<div class=\"comp-l7sh9ubx\">\n<div class=\"s1IW4bz comp-l7sh9ubx\" data-hook=\"ricosviewer-wrapper\">\n<div class=\"kvdbP _1O7aH\" dir=\"ltr\" data-id=\"rich-content-viewer\">\n<div class=\"_1hN1O _3EPBy\">\n<ul class=\"public-DraftStyleDefault-ul\">\n<li id=\"viewer-foo\" class=\"_3Kjjs _78FBa public-DraftStyleDefault-unorderedListItem public-DraftStyleDefault-depth0 public-DraftStyleDefault-list-ltr fixed-tab-size public-DraftStyleDefault-reset _1FoOD _78FBa\">\n<p class=\"_1j-51 _1FoOD _78FBa undefined\"><strong><em>Miguel Pi\u00f1a es uno de los nuevos polic\u00edas que velar\u00e1 por la seguridad de las y los aguascalentenses<\/em><\/strong><\/p>\n<\/li>\n<li id=\"viewer-376ez8613\" class=\"_3Kjjs _78FBa public-DraftStyleDefault-unorderedListItem public-DraftStyleDefault-depth0 public-DraftStyleDefault-list-ltr fixed-tab-size _1FoOD _78FBa\">\n<p class=\"_1j-51 _1FoOD _78FBa undefined\"><strong><em>Los interesados en formar parte de la Polic\u00eda Estatal pueden consultar los detalles de la convocatoria en la p\u00e1gina <\/em><\/strong><a class=\"_3Bkfb _1lsz7\" href=\"https:\/\/www.aguascalientes.gob.mx\/ssp\/documentos\/CONVOCATORIA_2023_PE.pdf-\" target=\"_self\" rel=\"noopener noreferrer\" data-hook=\"linkViewer\"><strong><em><u class=\"_3zM-5\">https:\/\/www.aguascalientes.gob.mx\/ssp\/documentos\/CONVOCATORIA_2023_PE.pdf-<\/u><\/em><\/strong><\/a><\/p>\n<\/li>\n<\/ul>\n<div id=\"viewer-kix6g8663\" class=\"mm8Nw _1j-51 _1FoOD _78FBa public-DraftStyleDefault-block-depth0 fixed-tab-size public-DraftStyleDefault-text-ltr\"><span class=\"_2PHJq public-DraftStyleDefault-ltr\">\u00a0<\/span><\/div>\n<p id=\"viewer-svoth8672\" class=\"mm8Nw _1j-51 _1FoOD _78FBa public-DraftStyleDefault-block-depth0 fixed-tab-size public-DraftStyleDefault-text-ltr\"><span class=\"_2PHJq public-DraftStyleDefault-ltr\">La honorabilidad, la lealtad y la pasi\u00f3n de servicio son caracter\u00edsticas que identifican a las fuerzas policiales de Aguascalientes y, a su vez, son un motivante para que las nuevas generaciones se integren a sus filas, as\u00ed como lo hizo Miguel Pi\u00f1a, un joven que desde hace poco m\u00e1s de un a\u00f1o tom\u00f3 la decisi\u00f3n de continuar el legado de su padre, un elemento reci\u00e9n retirado de la Polic\u00eda Estatal.<\/span><\/p>\n<div id=\"viewer-1nr4n8696\" class=\"mm8Nw _1j-51 _1FoOD _78FBa public-DraftStyleDefault-block-depth0 fixed-tab-size public-DraftStyleDefault-text-ltr\"><span class=\"_2PHJq public-DraftStyleDefault-ltr\">\u00a0<\/span><\/div>\n<p id=\"viewer-wpphm8681\" class=\"mm8Nw _1j-51 _1FoOD _78FBa public-DraftStyleDefault-block-depth0 fixed-tab-size public-DraftStyleDefault-text-ltr\"><span class=\"_2PHJq public-DraftStyleDefault-ltr\">Desde que era un ni\u00f1o, Miguel so\u00f1aba con ser polic\u00eda, pues lo \u00fanico que buscaba era seguir los pasos de su padre: &#8220;Para m\u00ed, era un orgullo ver a mi pap\u00e1 portar su uniforme, pero lo que m\u00e1s me gustaba era verlo salir a trabajar feliz, porque iba a velar por la seguridad de nuestra familia y de m\u00e1s familias de Aguascalientes&#8221;, expres\u00f3 Miguel.<\/span><\/p>\n<div id=\"viewer-o77cw8709\" class=\"mm8Nw _1j-51 _1FoOD _78FBa public-DraftStyleDefault-block-depth0 fixed-tab-size public-DraftStyleDefault-text-ltr\"><span class=\"_2PHJq public-DraftStyleDefault-ltr\">\u00a0<\/span><\/div>\n<p id=\"viewer-t1xpk8683\" class=\"mm8Nw _1j-51 _1FoOD _78FBa public-DraftStyleDefault-block-depth0 fixed-tab-size public-DraftStyleDefault-text-ltr\"><span class=\"_2PHJq public-DraftStyleDefault-ltr\">Para \u00e9l no hubo consideraciones y pas\u00f3 por el proceso que todo elemento debe seguir para integrarse a la Polic\u00eda, el cual, a pesar de ser complicado, pudo superar a base de esfuerzo, disciplina e inteligencia. <\/span><\/p>\n<div id=\"viewer-ht7yw8722\" class=\"mm8Nw _1j-51 _1FoOD _78FBa public-DraftStyleDefault-block-depth0 fixed-tab-size public-DraftStyleDefault-text-ltr\"><span class=\"_2PHJq public-DraftStyleDefault-ltr\">\u00a0<\/span><\/div>\n<p id=\"viewer-oldce8685\" class=\"mm8Nw _1j-51 _1FoOD _78FBa public-DraftStyleDefault-block-depth0 fixed-tab-size public-DraftStyleDefault-text-ltr\"><span class=\"_2PHJq public-DraftStyleDefault-ltr\">&#8220;La verdad, despu\u00e9s de todo lo que he vivido, me siento feliz porque cumpl\u00ed uno de mis sue\u00f1os, y quiero decirle a la gente de mi Aguascalientes que mis compa\u00f1eros y yo vamos a velar por su seguridad y la de sus familias con todo el coraje, entrega y lealtad&#8221;, indic\u00f3. <\/span><\/p>\n<div id=\"viewer-oxmnr8735\" class=\"mm8Nw _1j-51 _1FoOD _78FBa public-DraftStyleDefault-block-depth0 fixed-tab-size public-DraftStyleDefault-text-ltr\"><span class=\"_2PHJq public-DraftStyleDefault-ltr\">\u00a0<\/span><\/div>\n<p id=\"viewer-vamx08687\" class=\"mm8Nw _1j-51 _1FoOD _78FBa public-DraftStyleDefault-block-depth0 fixed-tab-size public-DraftStyleDefault-text-ltr\"><span class=\"_2PHJq public-DraftStyleDefault-ltr\">Cabe mencionar que la convocatoria para integrarse a las filas de la Polic\u00eda Estatal est\u00e1 vigente, por lo que las y los interesados pueden consultar los detalles en la p\u00e1gina: <a class=\"_3Bkfb _1lsz7\" href=\"https:\/\/www.aguascalientes.gob.mx\/ssp\/documentos\/CONVOCATORIA_2023_PE.pdf\" target=\"_self\" rel=\"noopener noreferrer\" data-hook=\"linkViewer\">https:\/\/www.aguascalientes.gob.mx\/ssp\/documentos\/CONVOCATORIA_2023_PE.pdf<\/a> o bien, comunicarse al tel\u00e9fono (449) 910 20 55, extensi\u00f3n 6635.<\/span><\/p>\n<\/div>\n<\/div>\n<\/div>\n<\/div>\n<\/div>\n<\/div>\n<\/div>\n","protected":false},"excerpt":{"rendered":"<p>#informativoelvalledeaguascalientes #novaradioaguascalientes #ElGiganteDeMexico &nbsp; Miguel Pi\u00f1a es uno de los nuevos polic\u00edas que velar\u00e1 por la seguridad de las y los aguascalentenses Los interesados en formar parte de la Polic\u00eda Estatal pueden consultar los detalles de la convocatoria en la p\u00e1gina https:\/\/www.aguascalientes.gob.mx\/ssp\/documentos\/CONVOCATORIA_2023_PE.pdf- \u00a0 La honorabilidad, la lealtad y la pasi\u00f3n de servicio son caracter\u00edsticas que [&hellip;]<\/p>\n","protected":false},"author":1,"featured_media":39139,"comment_status":"closed","ping_status":"open","sticky":false,"template":"","format":"standard","meta":{"advanced_seo_description":"","jetpack_seo_html_title":"","jetpack_seo_noindex":false,"_jetpack_memberships_contains_paid_content":false,"footnotes":"","jetpack_publicize_message":"","jetpack_publicize_feature_enabled":true,"jetpack_social_post_already_shared":true,"jetpack_social_options":{"image_generator_settings":{"template":"highway","default_image_id":0,"font":"","enabled":false},"version":2}},"categories":[21,4],"tags":[22,161,122,320],"class_list":["post-39138","post","type-post","status-publish","format-standard","has-post-thumbnail","hentry","category-aguascalientes","category-gobierno-del-estado-aguascalientes","tag-aguascalientes","tag-gobierno-del-estado-aguascalientes","tag-sspe-aguascalientes","tag-tere-jimenez"],"jetpack_publicize_connections":[],"jetpack_featured_media_url":"https:\/\/i0.wp.com\/informativoelvalledeaguascalientes.online\/wp-content\/uploads\/2023\/01\/rubros-presupuesto-3-1.jpg?fit=1754%2C1169&ssl=1","jetpack-related-posts":[],"jetpack_sharing_enabled":true,"jetpack_likes_enabled":true,"_links":{"self":[{"href":"https:\/\/informativoelvalledeaguascalientes.online\/index.php?rest_route=\/wp\/v2\/posts\/39138","targetHints":{"allow":["GET"]}}],"collection":[{"href":"https:\/\/informativoelvalledeaguascalientes.online\/index.php?rest_route=\/wp\/v2\/posts"}],"about":[{"href":"https:\/\/informativoelvalledeaguascalientes.online\/index.php?rest_route=\/wp\/v2\/types\/post"}],"author":[{"embeddable":true,"href":"https:\/\/informativoelvalledeaguascalientes.online\/index.php?rest_route=\/wp\/v2\/users\/1"}],"replies":[{"embeddable":true,"href":"https:\/\/informativoelvalledeaguascalientes.online\/index.php?rest_route=%2Fwp%2Fv2%2Fcomments&post=39138"}],"version-history":[{"count":1,"href":"https:\/\/informativoelvalledeaguascalientes.online\/index.php?rest_route=\/wp\/v2\/posts\/39138\/revisions"}],"predecessor-version":[{"id":39140,"href":"https:\/\/informativoelvalledeaguascalientes.online\/index.php?rest_route=\/wp\/v2\/posts\/39138\/revisions\/39140"}],"wp:featuredmedia":[{"embeddable":true,"href":"https:\/\/informativoelvalledeaguascalientes.online\/index.php?rest_route=\/wp\/v2\/media\/39139"}],"wp:attachment":[{"href":"https:\/\/informativoelvalledeaguascalientes.online\/index.php?rest_route=%2Fwp%2Fv2%2Fmedia&parent=39138"}],"wp:term":[{"taxonomy":"category","embeddable":true,"href":"https:\/\/informativoelvalledeaguascalientes.online\/index.php?rest_route=%2Fwp%2Fv2%2Fcategories&post=39138"},{"taxonomy":"post_tag","embeddable":true,"href":"https:\/\/informativoelvalledeaguascalientes.online\/index.php?rest_route=%2Fwp%2Fv2%2Ftags&post=39138"}],"curies":[{"name":"wp","href":"https:\/\/api.w.org\/{rel}","templated":true}]}}