{"id":39132,"date":"2023-01-03T13:15:21","date_gmt":"2023-01-03T19:15:21","guid":{"rendered":"https:\/\/informativoelvalledeaguascalientes.online\/?p=39132"},"modified":"2023-01-03T13:15:21","modified_gmt":"2023-01-03T19:15:21","slug":"gobierno-de-tere-jimenez-tiende-la-mano-a-jovenes-emprendedores-para-que-cristalicen-sus-proyectos","status":"publish","type":"post","link":"https:\/\/informativoelvalledeaguascalientes.online\/?p=39132","title":{"rendered":"GOBIERNO DE TERE JIM\u00c9NEZ TIENDE LA MANO A J\u00d3VENES EMPRENDEDORES PARA QUE CRISTALICEN SUS PROYECTOS"},"content":{"rendered":"<div id=\"bgLayers_comp-l7sh9ubr2\" class=\"MW5IWV\" data-hook=\"bgLayers\">\n<div id=\"bgMedia_comp-l7sh9ubr2\" class=\"VgO9Yg\">\n<p><strong><a href=\"https:\/\/www.facebook.com\/hashtag\/informativoelvalledeaguascalientes\">#informativoelvalledeaguascalientes<\/a> <\/strong><\/p>\n<p><strong><a href=\"https:\/\/www.facebook.com\/hashtag\/novaradioaguascalientes\">#novaradioaguascalientes<\/a><\/strong><\/p>\n<p><strong><a href=\"https:\/\/www.facebook.com\/GobiernodeAguascalientes\">#ElGiganteDeMexico<\/a><\/strong><\/p>\n<p>&nbsp;<\/p>\n<\/div>\n<\/div>\n<div class=\"\" data-mesh-id=\"comp-l7sh9ubr2inlineContent\" data-testid=\"inline-content\">\n<div data-mesh-id=\"comp-l7sh9ubr2inlineContent-gridContainer\" data-testid=\"mesh-container-content\">\n<div id=\"comp-l7sh9ubx\" class=\"_2PSyL\">\n<div class=\"comp-l7sh9ubx\">\n<div class=\"s1IW4bz comp-l7sh9ubx\" data-hook=\"ricosviewer-wrapper\">\n<div class=\"kvdbP _1O7aH\" dir=\"ltr\" data-id=\"rich-content-viewer\">\n<div class=\"_1hN1O _3EPBy\">\n<ul class=\"public-DraftStyleDefault-ul\">\n<li id=\"viewer-foo\" class=\"_3Kjjs _78FBa public-DraftStyleDefault-unorderedListItem public-DraftStyleDefault-depth0 public-DraftStyleDefault-list-ltr fixed-tab-size public-DraftStyleDefault-reset _1FoOD _78FBa\">\n<p class=\"_1j-51 _1FoOD _78FBa undefined\"><strong><em>Emprende-T es un programa que apoya el talento de los j\u00f3venes para el desarrollo de proyectos innovadores<\/em><\/strong><\/p>\n<\/li>\n<li id=\"viewer-8mnnk344\" class=\"_3Kjjs _78FBa public-DraftStyleDefault-unorderedListItem public-DraftStyleDefault-depth0 public-DraftStyleDefault-list-ltr fixed-tab-size _1FoOD _78FBa\">\n<p class=\"_1j-51 _1FoOD _78FBa undefined\"><strong><em>Gonzalo es uno de los beneficiarios de este programa que podr\u00e1 realizar su sue\u00f1o de consolidar un club de p\u00e1del<\/em><\/strong><\/p>\n<\/li>\n<\/ul>\n<div id=\"viewer-h2kih346\" class=\"mm8Nw _1j-51 _1FoOD _78FBa public-DraftStyleDefault-block-depth0 fixed-tab-size public-DraftStyleDefault-text-ltr\"><span class=\"_2PHJq public-DraftStyleDefault-ltr\">\u00a0<\/span><\/div>\n<p id=\"viewer-d1tph347\" class=\"mm8Nw _1j-51 _1FoOD _78FBa public-DraftStyleDefault-block-depth0 fixed-tab-size public-DraftStyleDefault-text-ltr\"><span class=\"_2PHJq public-DraftStyleDefault-ltr\">Cuando lo \u00fanico que requieres es un empujoncito para dar el paso que te cambiar\u00e1 la vida, siempre es importante contar con alguien que te tienda la mano y te impulse a seguir adelante; como le sucedi\u00f3 a Gonzalo, que con el apoyo del Gobierno del Estado y su gusto por el deporte, logr\u00f3 abrir el primer club de p\u00e1del en Aguascalientes.<\/span><\/p>\n<div id=\"viewer-9hgbi349\" class=\"mm8Nw _1j-51 _1FoOD _78FBa public-DraftStyleDefault-block-depth0 fixed-tab-size public-DraftStyleDefault-text-ltr\"><span class=\"_2PHJq public-DraftStyleDefault-ltr\">\u00a0<\/span><\/div>\n<p id=\"viewer-gjglk350\" class=\"mm8Nw _1j-51 _1FoOD _78FBa public-DraftStyleDefault-block-depth0 fixed-tab-size public-DraftStyleDefault-text-ltr\"><span class=\"_2PHJq public-DraftStyleDefault-ltr\">\u201cDesde muy chico siempre tuve ganas de hacer emprendimiento; vengo de una familia de gente trabajadora que a base de esfuerzo y dedicaci\u00f3n ha logrado salir adelante; y con ese mismo \u00e1nimo me acerqu\u00e9 al Gobierno del Estado a pedir apoyo y aqu\u00ed estoy, haciendo realidad mi sue\u00f1o\u201d, coment\u00f3 Gonzalo D\u00edaz Rojano.<\/span><\/p>\n<div id=\"viewer-rb1om352\" class=\"mm8Nw _1j-51 _1FoOD _78FBa public-DraftStyleDefault-block-depth0 fixed-tab-size public-DraftStyleDefault-text-ltr\"><span class=\"_2PHJq public-DraftStyleDefault-ltr\">\u00a0<\/span><\/div>\n<p id=\"viewer-usbie353\" class=\"mm8Nw _1j-51 _1FoOD _78FBa public-DraftStyleDefault-block-depth0 fixed-tab-size public-DraftStyleDefault-text-ltr\"><span class=\"_2PHJq public-DraftStyleDefault-ltr\">Dijo que en cuanto conoci\u00f3 la convocatoria del programa Emprende-T, cubri\u00f3 todos los requisitos con la esperanza de ser seleccionado y as\u00ed fue; hoy, gracias a este programa, Gonzalo recibi\u00f3 un apoyo econ\u00f3mico por cerca de 30 mil pesos que invertir\u00e1 en algunas instalaciones que complementar\u00e1n su proyecto del club de p\u00e1del.<\/span><\/p>\n<div id=\"viewer-o4s7i355\" class=\"mm8Nw _1j-51 _1FoOD _78FBa public-DraftStyleDefault-block-depth0 fixed-tab-size public-DraftStyleDefault-text-ltr\"><span class=\"_2PHJq public-DraftStyleDefault-ltr\">\u00a0<\/span><\/div>\n<p id=\"viewer-rlrh6356\" class=\"mm8Nw _1j-51 _1FoOD _78FBa public-DraftStyleDefault-block-depth0 fixed-tab-size public-DraftStyleDefault-text-ltr\"><span class=\"_2PHJq public-DraftStyleDefault-ltr\">El Gobierno del Estado, a trav\u00e9s de la Secretar\u00eda de Desarrollo Econ\u00f3mico, Ciencia y Tecnolog\u00eda, promueve el programa Emprende-T, con el objetivo de apoyar a j\u00f3venes emprendedores que tienen las ganas de desarrollar proyectos productivos e innovadores.<\/span><\/p>\n<div id=\"viewer-u8onf358\" class=\"mm8Nw _1j-51 _1FoOD _78FBa public-DraftStyleDefault-block-depth0 fixed-tab-size public-DraftStyleDefault-text-ltr\"><span class=\"_2PHJq public-DraftStyleDefault-ltr\">\u00a0<\/span><\/div>\n<p id=\"viewer-6nu0p359\" class=\"mm8Nw _1j-51 _1FoOD _78FBa public-DraftStyleDefault-block-depth0 fixed-tab-size public-DraftStyleDefault-text-ltr\"><span class=\"_2PHJq public-DraftStyleDefault-ltr\">Gonzalo D\u00edaz invit\u00f3 a las y los j\u00f3venes que sue\u00f1an con ampliar o crear su propio negocio, a que se acerquen al Gobierno del Estado y conozcan los diferentes programas de impulso a las micro, peque\u00f1as y medianas empresas; \u201ctengan confianza, el apoyo es real y yo puedo dar testimonio de ello\u201d, finaliz\u00f3.<\/span><\/p>\n<p id=\"viewer-npgo3361\" class=\"mm8Nw _1j-51 _1FoOD _3M0Fe public-DraftStyleDefault-block-depth0 fixed-tab-size public-DraftStyleDefault-text-ltr\"><span class=\"_2PHJq public-DraftStyleDefault-ltr\">\u00a0<\/span><\/p>\n<div id=\"viewer-arxqn363\" class=\"mm8Nw _1j-51 _1FoOD _3M0Fe public-DraftStyleDefault-block-depth0 fixed-tab-size public-DraftStyleDefault-text-ltr\"><\/div>\n<\/div>\n<\/div>\n<\/div>\n<\/div>\n<\/div>\n<\/div>\n<\/div>\n","protected":false},"excerpt":{"rendered":"<p>#informativoelvalledeaguascalientes #novaradioaguascalientes #ElGiganteDeMexico &nbsp; Emprende-T es un programa que apoya el talento de los j\u00f3venes para el desarrollo de proyectos innovadores Gonzalo es uno de los beneficiarios de este programa que podr\u00e1 realizar su sue\u00f1o de consolidar un club de p\u00e1del \u00a0 Cuando lo \u00fanico que requieres es un empujoncito para dar el paso que [&hellip;]<\/p>\n","protected":false},"author":1,"featured_media":39133,"comment_status":"closed","ping_status":"open","sticky":false,"template":"","format":"standard","meta":{"advanced_seo_description":"","jetpack_seo_html_title":"","jetpack_seo_noindex":false,"_jetpack_memberships_contains_paid_content":false,"footnotes":"","jetpack_publicize_message":"","jetpack_publicize_feature_enabled":true,"jetpack_social_post_already_shared":true,"jetpack_social_options":{"image_generator_settings":{"template":"highway","default_image_id":0,"font":"","enabled":false},"version":2}},"categories":[21,4],"tags":[22,161,610,320],"class_list":["post-39132","post","type-post","status-publish","format-standard","has-post-thumbnail","hentry","category-aguascalientes","category-gobierno-del-estado-aguascalientes","tag-aguascalientes","tag-gobierno-del-estado-aguascalientes","tag-sedecyt","tag-tere-jimenez"],"jetpack_publicize_connections":[],"jetpack_featured_media_url":"https:\/\/i0.wp.com\/informativoelvalledeaguascalientes.online\/wp-content\/uploads\/2023\/01\/gonzalo-emprende-t-10.jpg?fit=2048%2C1429&ssl=1","jetpack-related-posts":[],"jetpack_sharing_enabled":true,"jetpack_likes_enabled":true,"_links":{"self":[{"href":"https:\/\/informativoelvalledeaguascalientes.online\/index.php?rest_route=\/wp\/v2\/posts\/39132","targetHints":{"allow":["GET"]}}],"collection":[{"href":"https:\/\/informativoelvalledeaguascalientes.online\/index.php?rest_route=\/wp\/v2\/posts"}],"about":[{"href":"https:\/\/informativoelvalledeaguascalientes.online\/index.php?rest_route=\/wp\/v2\/types\/post"}],"author":[{"embeddable":true,"href":"https:\/\/informativoelvalledeaguascalientes.online\/index.php?rest_route=\/wp\/v2\/users\/1"}],"replies":[{"embeddable":true,"href":"https:\/\/informativoelvalledeaguascalientes.online\/index.php?rest_route=%2Fwp%2Fv2%2Fcomments&post=39132"}],"version-history":[{"count":1,"href":"https:\/\/informativoelvalledeaguascalientes.online\/index.php?rest_route=\/wp\/v2\/posts\/39132\/revisions"}],"predecessor-version":[{"id":39134,"href":"https:\/\/informativoelvalledeaguascalientes.online\/index.php?rest_route=\/wp\/v2\/posts\/39132\/revisions\/39134"}],"wp:featuredmedia":[{"embeddable":true,"href":"https:\/\/informativoelvalledeaguascalientes.online\/index.php?rest_route=\/wp\/v2\/media\/39133"}],"wp:attachment":[{"href":"https:\/\/informativoelvalledeaguascalientes.online\/index.php?rest_route=%2Fwp%2Fv2%2Fmedia&parent=39132"}],"wp:term":[{"taxonomy":"category","embeddable":true,"href":"https:\/\/informativoelvalledeaguascalientes.online\/index.php?rest_route=%2Fwp%2Fv2%2Fcategories&post=39132"},{"taxonomy":"post_tag","embeddable":true,"href":"https:\/\/informativoelvalledeaguascalientes.online\/index.php?rest_route=%2Fwp%2Fv2%2Ftags&post=39132"}],"curies":[{"name":"wp","href":"https:\/\/api.w.org\/{rel}","templated":true}]}}