{"id":39098,"date":"2022-12-29T21:49:32","date_gmt":"2022-12-30T03:49:32","guid":{"rendered":"https:\/\/informativoelvalledeaguascalientes.online\/?p=39098"},"modified":"2022-12-29T21:49:32","modified_gmt":"2022-12-30T03:49:32","slug":"tere-jimenez-ya-nos-demostro-que-hay-respaldo-a-los-productores-del-campo-eduardo-gutierrez-beneficiario-de-la-sedrae","status":"publish","type":"post","link":"https:\/\/informativoelvalledeaguascalientes.online\/?p=39098","title":{"rendered":"TERE JIM\u00c9NEZ YA NOS DEMOSTR\u00d3 QUE HAY RESPALDO A LOS PRODUCTORES DEL CAMPO: EDUARDO GUTI\u00c9RREZ, BENEFICIARIO DE LA SEDRAE"},"content":{"rendered":"<p><strong><a href=\"https:\/\/www.facebook.com\/hashtag\/informativoelvalledeaguascalientes\">#informativoelvalledeaguascalientes<\/a> <\/strong><\/p>\n<p><strong><a href=\"https:\/\/www.facebook.com\/hashtag\/novaradioaguascalientes\">#novaradioaguascalientes<\/a><\/strong><\/p>\n<p><strong><a href=\"https:\/\/www.facebook.com\/GobiernodeAguascalientes\">#ElGiganteDeMexico<\/a><\/strong><\/p>\n<section id=\"comp-l7sh9ubq\" class=\"comp-l7sh9ubq Lw0u6i\" data-scope=\"\" data-repeater-items-indexes=\"\">\n<div class=\"So7Ias\" data-testid=\"columns\">\n<div id=\"comp-l7sh9ubr2\" class=\"comp-l7sh9ubr2 YzqVVZ\" data-scope=\"\" data-repeater-items-indexes=\"\">\n<div class=\"\" data-mesh-id=\"comp-l7sh9ubr2inlineContent\" data-testid=\"inline-content\">\n<div data-mesh-id=\"comp-l7sh9ubr2inlineContent-gridContainer\" data-testid=\"mesh-container-content\">\n<div id=\"comp-l7sh9ubx\" class=\"_2PSyL\">\n<div class=\"comp-l7sh9ubx\">\n<div class=\"s1IW4bz comp-l7sh9ubx\" data-hook=\"ricosviewer-wrapper\">\n<div class=\"kvdbP _1O7aH\" dir=\"ltr\" data-id=\"rich-content-viewer\">\n<div class=\"_1hN1O _3EPBy\">\n<ul class=\"public-DraftStyleDefault-ul\">\n<li id=\"viewer-82o2w287\" class=\"_3Kjjs _78FBa public-DraftStyleDefault-unorderedListItem public-DraftStyleDefault-depth0 public-DraftStyleDefault-list-ltr fixed-tab-size public-DraftStyleDefault-reset _1FoOD _78FBa\">\n<p class=\"_1j-51 _1FoOD _78FBa undefined\"><strong><em>La gobernadora seguir\u00e1 acercando recursos y herramientas a las y los productores del campo a trav\u00e9s de la Sedrae<\/em><\/strong><\/p>\n<\/li>\n<li id=\"viewer-wfv44290\" class=\"_3Kjjs _78FBa public-DraftStyleDefault-unorderedListItem public-DraftStyleDefault-depth0 public-DraftStyleDefault-list-ltr fixed-tab-size _1FoOD _78FBa\">\n<p class=\"_1j-51 _1FoOD _78FBa undefined\"><strong><em>Eduardo Mart\u00edn Guti\u00e9rrez es un productor hidroc\u00e1lido beneficiario del programa &#8220;Apoyos diversos para el sector agropecuario&#8221;<\/em><\/strong><\/p>\n<\/li>\n<\/ul>\n<div id=\"viewer-t49g1292\" class=\"mm8Nw _1j-51 _1FoOD _78FBa public-DraftStyleDefault-block-depth0 fixed-tab-size public-DraftStyleDefault-text-ltr\"><span class=\"_2PHJq public-DraftStyleDefault-ltr\">\u00a0<\/span><\/div>\n<p id=\"viewer-1rdf9293\" class=\"mm8Nw _1j-51 _1FoOD _78FBa public-DraftStyleDefault-block-depth0 fixed-tab-size public-DraftStyleDefault-text-ltr\"><span class=\"_2PHJq public-DraftStyleDefault-ltr\">Para la gobernadora de Aguascalientes, Tere Jim\u00e9nez, el apoyo al sector primario es de gran importancia, pues son los hombres y las mujeres del campo quienes con su esfuerzo alimentan a una naci\u00f3n, en algunos casos sus productos trascienden fronteras y ponen en alto el nombre de Aguascalientes.<\/span><\/p>\n<div id=\"viewer-azwdy295\" class=\"mm8Nw _1j-51 _1FoOD _78FBa public-DraftStyleDefault-block-depth0 fixed-tab-size public-DraftStyleDefault-text-ltr\"><span class=\"_2PHJq public-DraftStyleDefault-ltr\">\u00a0<\/span><\/div>\n<p id=\"viewer-xbfvz296\" class=\"mm8Nw _1j-51 _1FoOD _78FBa public-DraftStyleDefault-block-depth0 fixed-tab-size public-DraftStyleDefault-text-ltr\"><span class=\"_2PHJq public-DraftStyleDefault-ltr\">Tere Jim\u00e9nez ha se\u00f1alado que el esfuerzo de los agroproductores se ver\u00e1 respaldado por su administraci\u00f3n, buscando que cada vez m\u00e1s hidroc\u00e1lidos formen parte del mercado mundial; por eso, a trav\u00e9s de la Secretar\u00eda de Desarrollo Rural y Agroempresarial (Sedrae), seguir\u00e1 acercando los recursos que ellos necesiten para desarrollar sus negocios.<\/span><\/p>\n<div id=\"viewer-iqttc298\" class=\"mm8Nw _1j-51 _1FoOD _78FBa public-DraftStyleDefault-block-depth0 fixed-tab-size public-DraftStyleDefault-text-ltr\"><span class=\"_2PHJq public-DraftStyleDefault-ltr\">\u00a0<\/span><\/div>\n<p id=\"viewer-0cg3w299\" class=\"mm8Nw _1j-51 _1FoOD _78FBa public-DraftStyleDefault-block-depth0 fixed-tab-size public-DraftStyleDefault-text-ltr\"><span class=\"_2PHJq public-DraftStyleDefault-ltr\">En ese sentido, con el programa &#8220;Apoyos diversos para el sector agropecuario&#8221; se benefici\u00f3 al se\u00f1or Eduardo Mart\u00edn Guti\u00e9rrez, fundador de Queser\u00eda: El fresno, un negocio familiar que \u00e9l comenz\u00f3 hace 35 a\u00f1os.<\/span><\/p>\n<div id=\"viewer-xsd4d301\" class=\"mm8Nw _1j-51 _1FoOD _78FBa public-DraftStyleDefault-block-depth0 fixed-tab-size public-DraftStyleDefault-text-ltr\"><span class=\"_2PHJq public-DraftStyleDefault-ltr\">\u00a0<\/span><\/div>\n<p id=\"viewer-dsw92302\" class=\"mm8Nw _1j-51 _1FoOD _78FBa public-DraftStyleDefault-block-depth0 fixed-tab-size public-DraftStyleDefault-text-ltr\"><span class=\"_2PHJq public-DraftStyleDefault-ltr\">&#8220;Este proyecto lo comenzamos de una manera muy r\u00fastica y con una baja producci\u00f3n, solo distribu\u00edamos para algunos familiares y algunos negocios, pero desde que mis hijos entraron a ayudarme, hemos crecido considerablemente&#8221;, dijo Eduardo.\u00a0<\/span><\/p>\n<div id=\"viewer-g31hj304\" class=\"mm8Nw _1j-51 _1FoOD _78FBa public-DraftStyleDefault-block-depth0 fixed-tab-size public-DraftStyleDefault-text-ltr\"><span class=\"_2PHJq public-DraftStyleDefault-ltr\">\u00a0<\/span><\/div>\n<p id=\"viewer-ob92a305\" class=\"mm8Nw _1j-51 _1FoOD _78FBa public-DraftStyleDefault-block-depth0 fixed-tab-size public-DraftStyleDefault-text-ltr\"><span class=\"_2PHJq public-DraftStyleDefault-ltr\">Consciente de dicho crecimiento, el se\u00f1or Eduardo se acerc\u00f3 a la Sedrae para solicitar un apoyo que le permitiera adquirir equipo: &#8220;Me enter\u00e9 de que en el Gobierno del Estado hab\u00eda algunos apoyos y fui a que me orientaran para adquirir una c\u00e1mara de refrigeraci\u00f3n, y me apoyaron con el 50 por ciento de lo que costaba&#8221;, expres\u00f3 entusiasmado.\u00a0<\/span><\/p>\n<div id=\"viewer-8pgf9307\" class=\"mm8Nw _1j-51 _1FoOD _78FBa public-DraftStyleDefault-block-depth0 fixed-tab-size public-DraftStyleDefault-text-ltr\"><span class=\"_2PHJq public-DraftStyleDefault-ltr\">\u00a0<\/span><\/div>\n<p id=\"viewer-43d9e308\" class=\"mm8Nw _1j-51 _1FoOD _78FBa public-DraftStyleDefault-block-depth0 fixed-tab-size public-DraftStyleDefault-text-ltr\"><span class=\"_2PHJq public-DraftStyleDefault-ltr\">Con este nuevo equipo, Queser\u00eda: El fresno ampli\u00f3 su capacidad de almacenamiento a casi el 100 por ciento, puede conservar en mejor estado sus productos, le da la alternativa de crear otros nuevos y la distribuci\u00f3n ahora llega a los municipios del interior y Zacatecas.\u00a0<\/span><\/p>\n<div id=\"viewer-4ysfy310\" class=\"mm8Nw _1j-51 _1FoOD _78FBa public-DraftStyleDefault-block-depth0 fixed-tab-size public-DraftStyleDefault-text-ltr\"><span class=\"_2PHJq public-DraftStyleDefault-ltr\">\u00a0<\/span><\/div>\n<p id=\"viewer-ccquz311\" class=\"mm8Nw _1j-51 _1FoOD _78FBa public-DraftStyleDefault-block-depth0 fixed-tab-size public-DraftStyleDefault-text-ltr\"><span class=\"_2PHJq public-DraftStyleDefault-ltr\">Finalmente, don Eduardo coment\u00f3 que el Gobierno ya le demostr\u00f3 que s\u00ed hay un respaldo: &#8220;Platicando con mi familia, comentamos que, si se sigue apoyando a los productores, se visualiza un panorama con m\u00e1s crecimiento y oportunidades para todos nosotros y, l\u00f3gico, para Aguascalientes&#8221;, concluy\u00f3.<\/span><\/p>\n<div id=\"viewer-5voxh313\" class=\"mm8Nw _1j-51 _1FoOD _78FBa public-DraftStyleDefault-block-depth0 fixed-tab-size public-DraftStyleDefault-text-ltr\"><span class=\"_2PHJq public-DraftStyleDefault-ltr\">\u00a0<\/span><\/div>\n<\/div>\n<\/div>\n<\/div>\n<\/div>\n<\/div>\n<\/div>\n<\/div>\n<\/div>\n<\/div>\n<\/section>\n<div id=\"comp-l7sjzfb3\" class=\"KcpHeO tz5f0K comp-l7sjzfb3\" data-scope=\"\" data-repeater-items-indexes=\"\" data-testid=\"richTextElement\"><\/div>\n","protected":false},"excerpt":{"rendered":"<p>#informativoelvalledeaguascalientes #novaradioaguascalientes #ElGiganteDeMexico La gobernadora seguir\u00e1 acercando recursos y herramientas a las y los productores del campo a trav\u00e9s de la Sedrae Eduardo Mart\u00edn Guti\u00e9rrez es un productor hidroc\u00e1lido beneficiario del programa &#8220;Apoyos diversos para el sector agropecuario&#8221; \u00a0 Para la gobernadora de Aguascalientes, Tere Jim\u00e9nez, el apoyo al sector primario es de gran importancia, [&hellip;]<\/p>\n","protected":false},"author":1,"featured_media":39099,"comment_status":"closed","ping_status":"open","sticky":false,"template":"","format":"standard","meta":{"advanced_seo_description":"","jetpack_seo_html_title":"","jetpack_seo_noindex":false,"_jetpack_memberships_contains_paid_content":false,"footnotes":"","jetpack_publicize_message":"","jetpack_publicize_feature_enabled":true,"jetpack_social_post_already_shared":true,"jetpack_social_options":{"image_generator_settings":{"template":"highway","default_image_id":0,"font":"","enabled":false},"version":2}},"categories":[21,4],"tags":[22,161,106,320],"class_list":["post-39098","post","type-post","status-publish","format-standard","has-post-thumbnail","hentry","category-aguascalientes","category-gobierno-del-estado-aguascalientes","tag-aguascalientes","tag-gobierno-del-estado-aguascalientes","tag-sedrae","tag-tere-jimenez"],"jetpack_publicize_connections":[],"jetpack_featured_media_url":"https:\/\/i0.wp.com\/informativoelvalledeaguascalientes.online\/wp-content\/uploads\/2022\/12\/whatsapp-image-2022-12-28-at-12.25.43-pm.jpeg?fit=1600%2C1066&ssl=1","jetpack-related-posts":[],"jetpack_sharing_enabled":true,"jetpack_likes_enabled":true,"_links":{"self":[{"href":"https:\/\/informativoelvalledeaguascalientes.online\/index.php?rest_route=\/wp\/v2\/posts\/39098","targetHints":{"allow":["GET"]}}],"collection":[{"href":"https:\/\/informativoelvalledeaguascalientes.online\/index.php?rest_route=\/wp\/v2\/posts"}],"about":[{"href":"https:\/\/informativoelvalledeaguascalientes.online\/index.php?rest_route=\/wp\/v2\/types\/post"}],"author":[{"embeddable":true,"href":"https:\/\/informativoelvalledeaguascalientes.online\/index.php?rest_route=\/wp\/v2\/users\/1"}],"replies":[{"embeddable":true,"href":"https:\/\/informativoelvalledeaguascalientes.online\/index.php?rest_route=%2Fwp%2Fv2%2Fcomments&post=39098"}],"version-history":[{"count":1,"href":"https:\/\/informativoelvalledeaguascalientes.online\/index.php?rest_route=\/wp\/v2\/posts\/39098\/revisions"}],"predecessor-version":[{"id":39100,"href":"https:\/\/informativoelvalledeaguascalientes.online\/index.php?rest_route=\/wp\/v2\/posts\/39098\/revisions\/39100"}],"wp:featuredmedia":[{"embeddable":true,"href":"https:\/\/informativoelvalledeaguascalientes.online\/index.php?rest_route=\/wp\/v2\/media\/39099"}],"wp:attachment":[{"href":"https:\/\/informativoelvalledeaguascalientes.online\/index.php?rest_route=%2Fwp%2Fv2%2Fmedia&parent=39098"}],"wp:term":[{"taxonomy":"category","embeddable":true,"href":"https:\/\/informativoelvalledeaguascalientes.online\/index.php?rest_route=%2Fwp%2Fv2%2Fcategories&post=39098"},{"taxonomy":"post_tag","embeddable":true,"href":"https:\/\/informativoelvalledeaguascalientes.online\/index.php?rest_route=%2Fwp%2Fv2%2Ftags&post=39098"}],"curies":[{"name":"wp","href":"https:\/\/api.w.org\/{rel}","templated":true}]}}