{"id":39095,"date":"2022-12-29T21:42:30","date_gmt":"2022-12-30T03:42:30","guid":{"rendered":"https:\/\/informativoelvalledeaguascalientes.online\/?p=39095"},"modified":"2022-12-29T21:42:30","modified_gmt":"2022-12-30T03:42:30","slug":"emprende-t-un-programa-dedicado-a-cumplir-los-suenos-de-la-juventud-de-aguascalientes","status":"publish","type":"post","link":"https:\/\/informativoelvalledeaguascalientes.online\/?p=39095","title":{"rendered":"EMPRENDE-T, UN PROGRAMA DEDICADO A CUMPLIR LOS SUE\u00d1OS DE LA JUVENTUD DE AGUASCALIENTES"},"content":{"rendered":"<p><strong><a href=\"https:\/\/www.facebook.com\/hashtag\/informativoelvalledeaguascalientes\">#informativoelvalledeaguascalientes<\/a> <\/strong><\/p>\n<p><strong><a href=\"https:\/\/www.facebook.com\/hashtag\/novaradioaguascalientes\">#novaradioaguascalientes<\/a><\/strong><\/p>\n<p><strong><a href=\"https:\/\/www.facebook.com\/GobiernodeAguascalientes\">#ElGiganteDeMexico<\/a><\/strong><\/p>\n<p>&nbsp;<\/p>\n<ul class=\"public-DraftStyleDefault-ul\">\n<li id=\"viewer-foo\" class=\"_3Kjjs _78FBa public-DraftStyleDefault-unorderedListItem public-DraftStyleDefault-depth0 public-DraftStyleDefault-list-ltr fixed-tab-size public-DraftStyleDefault-reset _1FoOD _78FBa\">\n<p class=\"_1j-51 _1FoOD _78FBa undefined\"><strong><em>A trav\u00e9s de este programa se apoya hasta con 100 mil pesos a j\u00f3venes emprendedores que quieran mejorar o iniciar su propio negocio<\/em><\/strong><\/p>\n<\/li>\n<li id=\"viewer-qwa56236\" class=\"_3Kjjs _78FBa public-DraftStyleDefault-unorderedListItem public-DraftStyleDefault-depth0 public-DraftStyleDefault-list-ltr fixed-tab-size _1FoOD _78FBa\">\n<p class=\"_1j-51 _1FoOD _78FBa undefined\"><strong><em>Omar es uno de los m\u00e1s de 100 beneficiarios que lograron cumplir sus sue\u00f1os, ya que pudo ampliar su negocio de comida a trav\u00e9s de este programa<\/em><\/strong><\/p>\n<\/li>\n<\/ul>\n<div id=\"viewer-xa39e238\" class=\"mm8Nw _1j-51 _1FoOD _78FBa public-DraftStyleDefault-block-depth0 fixed-tab-size public-DraftStyleDefault-text-ltr\"><span class=\"_2PHJq public-DraftStyleDefault-ltr\">\u00a0<\/span><\/div>\n<p id=\"viewer-pxrf7239\" class=\"mm8Nw _1j-51 _1FoOD _78FBa public-DraftStyleDefault-block-depth0 fixed-tab-size public-DraftStyleDefault-text-ltr\"><span class=\"_2PHJq public-DraftStyleDefault-ltr\">La vida no siempre les da las mismas oportunidades a todos, pero con esfuerzo y dedicaci\u00f3n siempre es posible salir adelante; como lo hizo Omar, pues a pesar de las adversidades, hoy cumple el sue\u00f1o de ampliar su negocio de comida r\u00e1pida gracias al programa Emprende-T que impulsa el Gobierno de Tere Jim\u00e9nez.<\/span><\/p>\n<div id=\"viewer-r4n40241\" class=\"mm8Nw _1j-51 _1FoOD _78FBa public-DraftStyleDefault-block-depth0 fixed-tab-size public-DraftStyleDefault-text-ltr\"><span class=\"_2PHJq public-DraftStyleDefault-ltr\">\u00a0<\/span><\/div>\n<p id=\"viewer-8xfsz242\" class=\"mm8Nw _1j-51 _1FoOD _78FBa public-DraftStyleDefault-block-depth0 fixed-tab-size public-DraftStyleDefault-text-ltr\"><span class=\"_2PHJq public-DraftStyleDefault-ltr\">\u201cCuando comenz\u00f3 la pandemia todo fue muy dif\u00edcil porque empezaron a cerrar todos los negocios; entonces lo que hicimos fue trabajar a trav\u00e9s de las aplicaciones digitales para hacer entregas a domicilio, y con perseverancia pudimos salir adelante y sobrevivir a esa etapa\u201d, destac\u00f3.<\/span><\/p>\n<div id=\"viewer-mr6ej244\" class=\"mm8Nw _1j-51 _1FoOD _78FBa public-DraftStyleDefault-block-depth0 fixed-tab-size public-DraftStyleDefault-text-ltr\"><span class=\"_2PHJq public-DraftStyleDefault-ltr\">\u00a0<\/span><\/div>\n<p id=\"viewer-ooloa245\" class=\"mm8Nw _1j-51 _1FoOD _78FBa public-DraftStyleDefault-block-depth0 fixed-tab-size public-DraftStyleDefault-text-ltr\"><span class=\"_2PHJq public-DraftStyleDefault-ltr\">Omar Ch\u00e1vez Rocha es uno de los m\u00e1s de 100 beneficiarios del programa Emprende-T, dedicado al impulso de j\u00f3venes que buscan cristalizar sus ideas con el desarrollo o ampliaci\u00f3n de proyectos productivos que no solo favorezcan su econom\u00eda, sino tambi\u00e9n su crecimiento personal y profesional.<\/span><\/p>\n<div id=\"viewer-mdi5k247\" class=\"mm8Nw _1j-51 _1FoOD _78FBa public-DraftStyleDefault-block-depth0 fixed-tab-size public-DraftStyleDefault-text-ltr\"><span class=\"_2PHJq public-DraftStyleDefault-ltr\">\u00a0<\/span><\/div>\n<p id=\"viewer-19yud248\" class=\"mm8Nw _1j-51 _1FoOD _78FBa public-DraftStyleDefault-block-depth0 fixed-tab-size public-DraftStyleDefault-text-ltr\"><span class=\"_2PHJq public-DraftStyleDefault-ltr\">\u00c9l no crey\u00f3 que un d\u00eda tendr\u00eda acceso a un apoyo de este tipo; al inicio, dijo, no pensaba que esto fuera posible.<\/span><\/p>\n<div id=\"viewer-886oj250\" class=\"mm8Nw _1j-51 _1FoOD _78FBa public-DraftStyleDefault-block-depth0 fixed-tab-size public-DraftStyleDefault-text-ltr\"><span class=\"_2PHJq public-DraftStyleDefault-ltr\">\u00a0<\/span><\/div>\n<p id=\"viewer-m2zpc251\" class=\"mm8Nw _1j-51 _1FoOD _78FBa public-DraftStyleDefault-block-depth0 fixed-tab-size public-DraftStyleDefault-text-ltr\"><span class=\"_2PHJq public-DraftStyleDefault-ltr\">\u201cCuando me enter\u00e9 de la convocatoria para el programa Emprende-T estaba un poco esc\u00e9ptico, no cre\u00eda que fuera verdad; sin embargo, present\u00e9 mi solicitud y la atenci\u00f3n que recib\u00ed durante todo el proceso fue muy buena. Por eso los invito a que se acerquen y aprovechen estos apoyos, porque son una muy buena herramienta para hacer crecer la econom\u00eda\u201d, coment\u00f3.<\/span><\/p>\n<div id=\"viewer-uot5g253\" class=\"mm8Nw _1j-51 _1FoOD _78FBa public-DraftStyleDefault-block-depth0 fixed-tab-size public-DraftStyleDefault-text-ltr\"><span class=\"_2PHJq public-DraftStyleDefault-ltr\">\u00a0<\/span><\/div>\n<p id=\"viewer-aztin254\" class=\"mm8Nw _1j-51 _1FoOD _78FBa public-DraftStyleDefault-block-depth0 fixed-tab-size public-DraftStyleDefault-text-ltr\"><span class=\"_2PHJq public-DraftStyleDefault-ltr\">A trav\u00e9s de este programa, Omar recibi\u00f3 poco m\u00e1s de 53 mil pesos que destin\u00f3 a comprar equipo y herramientas que le permitir\u00e1n ampliar sus ventas, lo que a su vez le dar\u00e1 la oportunidad de generar nuevos empleos y contribuir as\u00ed a la econom\u00eda del estado.<\/span><\/p>\n","protected":false},"excerpt":{"rendered":"<p>#informativoelvalledeaguascalientes #novaradioaguascalientes #ElGiganteDeMexico &nbsp; A trav\u00e9s de este programa se apoya hasta con 100 mil pesos a j\u00f3venes emprendedores que quieran mejorar o iniciar su propio negocio Omar es uno de los m\u00e1s de 100 beneficiarios que lograron cumplir sus sue\u00f1os, ya que pudo ampliar su negocio de comida a trav\u00e9s de este programa \u00a0 [&hellip;]<\/p>\n","protected":false},"author":1,"featured_media":39096,"comment_status":"closed","ping_status":"open","sticky":false,"template":"","format":"standard","meta":{"advanced_seo_description":"","jetpack_seo_html_title":"","jetpack_seo_noindex":false,"_jetpack_memberships_contains_paid_content":false,"footnotes":"","jetpack_publicize_message":"","jetpack_publicize_feature_enabled":true,"jetpack_social_post_already_shared":true,"jetpack_social_options":{"image_generator_settings":{"template":"highway","default_image_id":0,"font":"","enabled":false},"version":2}},"categories":[21,4],"tags":[22,161,320],"class_list":["post-39095","post","type-post","status-publish","format-standard","has-post-thumbnail","hentry","category-aguascalientes","category-gobierno-del-estado-aguascalientes","tag-aguascalientes","tag-gobierno-del-estado-aguascalientes","tag-tere-jimenez"],"jetpack_publicize_connections":[],"jetpack_featured_media_url":"https:\/\/i0.wp.com\/informativoelvalledeaguascalientes.online\/wp-content\/uploads\/2022\/12\/historia-omar-emprende-t-3.jpg?fit=1422%2C1066&ssl=1","jetpack-related-posts":[],"jetpack_sharing_enabled":true,"jetpack_likes_enabled":true,"_links":{"self":[{"href":"https:\/\/informativoelvalledeaguascalientes.online\/index.php?rest_route=\/wp\/v2\/posts\/39095","targetHints":{"allow":["GET"]}}],"collection":[{"href":"https:\/\/informativoelvalledeaguascalientes.online\/index.php?rest_route=\/wp\/v2\/posts"}],"about":[{"href":"https:\/\/informativoelvalledeaguascalientes.online\/index.php?rest_route=\/wp\/v2\/types\/post"}],"author":[{"embeddable":true,"href":"https:\/\/informativoelvalledeaguascalientes.online\/index.php?rest_route=\/wp\/v2\/users\/1"}],"replies":[{"embeddable":true,"href":"https:\/\/informativoelvalledeaguascalientes.online\/index.php?rest_route=%2Fwp%2Fv2%2Fcomments&post=39095"}],"version-history":[{"count":1,"href":"https:\/\/informativoelvalledeaguascalientes.online\/index.php?rest_route=\/wp\/v2\/posts\/39095\/revisions"}],"predecessor-version":[{"id":39097,"href":"https:\/\/informativoelvalledeaguascalientes.online\/index.php?rest_route=\/wp\/v2\/posts\/39095\/revisions\/39097"}],"wp:featuredmedia":[{"embeddable":true,"href":"https:\/\/informativoelvalledeaguascalientes.online\/index.php?rest_route=\/wp\/v2\/media\/39096"}],"wp:attachment":[{"href":"https:\/\/informativoelvalledeaguascalientes.online\/index.php?rest_route=%2Fwp%2Fv2%2Fmedia&parent=39095"}],"wp:term":[{"taxonomy":"category","embeddable":true,"href":"https:\/\/informativoelvalledeaguascalientes.online\/index.php?rest_route=%2Fwp%2Fv2%2Fcategories&post=39095"},{"taxonomy":"post_tag","embeddable":true,"href":"https:\/\/informativoelvalledeaguascalientes.online\/index.php?rest_route=%2Fwp%2Fv2%2Ftags&post=39095"}],"curies":[{"name":"wp","href":"https:\/\/api.w.org\/{rel}","templated":true}]}}