{"id":39089,"date":"2022-12-29T21:28:43","date_gmt":"2022-12-30T03:28:43","guid":{"rendered":"https:\/\/informativoelvalledeaguascalientes.online\/?p=39089"},"modified":"2022-12-29T21:28:43","modified_gmt":"2022-12-30T03:28:43","slug":"las-mas-de-12-mil-becas-entregadas-por-tere-jimenez-en-2022-son-un-respaldo-a-ninas-ninos-jovenes-y-sus-familias","status":"publish","type":"post","link":"https:\/\/informativoelvalledeaguascalientes.online\/?p=39089","title":{"rendered":"LAS M\u00c1S DE 12 MIL BECAS ENTREGADAS POR TERE JIM\u00c9NEZ EN 2022 SON UN RESPALDO A NI\u00d1AS, NI\u00d1OS, J\u00d3VENES Y SUS FAMILIAS"},"content":{"rendered":"<p><strong><a href=\"https:\/\/www.facebook.com\/hashtag\/informativoelvalledeaguascalientes\">#informativoelvalledeaguascalientes<\/a> <\/strong><\/p>\n<p><strong><a href=\"https:\/\/www.facebook.com\/hashtag\/novaradioaguascalientes\">#novaradioaguascalientes<\/a><\/strong><\/p>\n<p><strong><a href=\"https:\/\/www.facebook.com\/GobiernodeAguascalientes\">#ElGiganteDeMexico<\/a><\/strong><\/p>\n<div id=\"bgLayers_comp-l7sh9ubr2\" class=\"MW5IWV\" data-hook=\"bgLayers\">\n<div id=\"bgMedia_comp-l7sh9ubr2\" class=\"VgO9Yg\"><\/div>\n<\/div>\n<div class=\"\" data-mesh-id=\"comp-l7sh9ubr2inlineContent\" data-testid=\"inline-content\">\n<div data-mesh-id=\"comp-l7sh9ubr2inlineContent-gridContainer\" data-testid=\"mesh-container-content\">\n<div id=\"comp-l7yvxqnz\" class=\"comp-l7yvxqnz MazNVa rYiAuL\" data-scope=\"\" data-repeater-items-indexes=\"\"><\/div>\n<div id=\"comp-l7sh9ubx\" class=\"_2PSyL\">\n<div class=\"comp-l7sh9ubx\">\n<div class=\"s1IW4bz comp-l7sh9ubx\" data-hook=\"ricosviewer-wrapper\">\n<div class=\"kvdbP _1O7aH\" dir=\"ltr\" data-id=\"rich-content-viewer\">\n<div class=\"_1hN1O _3EPBy\">\n<ul class=\"public-DraftStyleDefault-ul\">\n<li id=\"viewer-foo\" class=\"_3Kjjs _78FBa public-DraftStyleDefault-unorderedListItem public-DraftStyleDefault-depth0 public-DraftStyleDefault-list-ltr fixed-tab-size public-DraftStyleDefault-reset _1FoOD _78FBa\">\n<p class=\"_1j-51 _1FoOD _78FBa undefined\"><strong><em>Con estas becas los ni\u00f1os y ni\u00f1as beneficiarios pueden continuar sus estudios\u00a0<\/em><\/strong><\/p>\n<\/li>\n<li id=\"viewer-bbfil237\" class=\"_3Kjjs _78FBa public-DraftStyleDefault-unorderedListItem public-DraftStyleDefault-depth0 public-DraftStyleDefault-list-ltr fixed-tab-size _1FoOD _78FBa\">\n<p class=\"_1j-51 _1FoOD _78FBa undefined\"><strong><em>En 2023 la gobernadora continuar\u00e1 apoyando a m\u00e1s estudiantes a trav\u00e9s del IEA y otras instituciones de gobierno\u00a0<\/em><\/strong><\/p>\n<\/li>\n<li id=\"viewer-3eiz0240\" class=\"_3Kjjs _78FBa public-DraftStyleDefault-unorderedListItem public-DraftStyleDefault-depth0 public-DraftStyleDefault-list-ltr fixed-tab-size _1FoOD _78FBa\">\n<p class=\"_1j-51 _1FoOD _78FBa undefined\"><strong><em>Ximena G\u00f3mez es una beneficiaria que a sus 8 a\u00f1os, entiende el valor de su beca\u00a0<\/em><\/strong><\/p>\n<\/li>\n<\/ul>\n<div id=\"viewer-q45wd242\" class=\"mm8Nw _1j-51 _1FoOD _78FBa public-DraftStyleDefault-block-depth0 fixed-tab-size public-DraftStyleDefault-text-ltr\"><span class=\"_2PHJq public-DraftStyleDefault-ltr\">\u00a0<\/span><\/div>\n<p id=\"viewer-5zbww243\" class=\"mm8Nw _1j-51 _1FoOD _78FBa public-DraftStyleDefault-block-depth0 fixed-tab-size public-DraftStyleDefault-text-ltr\"><span class=\"_2PHJq public-DraftStyleDefault-ltr\">A tan solo tres meses del inicio de su gesti\u00f3n, la gobernadora de Aguascalientes, Tere Jim\u00e9nez, ha entregado m\u00e1s de 12 mil becas a estudiantes de todos los niveles educativos de los 11 municipios, con el objetivo de motivarlos a continuar con su preparaci\u00f3n acad\u00e9mica, apoyar a sus familias y que sigan por el camino que los lleve a cumplir sus sue\u00f1os.\u00a0<\/span><\/p>\n<div id=\"viewer-kdk3m245\" class=\"mm8Nw _1j-51 _1FoOD _78FBa public-DraftStyleDefault-block-depth0 fixed-tab-size public-DraftStyleDefault-text-ltr\"><span class=\"_2PHJq public-DraftStyleDefault-ltr\">\u00a0<\/span><\/div>\n<p id=\"viewer-lsxxy246\" class=\"mm8Nw _1j-51 _1FoOD _78FBa public-DraftStyleDefault-block-depth0 fixed-tab-size public-DraftStyleDefault-text-ltr\"><span class=\"_2PHJq public-DraftStyleDefault-ltr\">Una de las beneficiarias es la peque\u00f1a Ximena Shayk G\u00f3mez Rocha, una ni\u00f1a hidroc\u00e1lida que a sus 8 a\u00f1os de edad, entiende el valor que tiene este apoyo; \u201cCuando supe que iba a tener mi beca me sent\u00ed muy feliz porque con ese dinero ahora puedo comprar algunas cosas que necesito, como por ejemplo ropa\u201d, expres\u00f3 Ximena.\u00a0<\/span><\/p>\n<div id=\"viewer-ohg8x248\" class=\"mm8Nw _1j-51 _1FoOD _78FBa public-DraftStyleDefault-block-depth0 fixed-tab-size public-DraftStyleDefault-text-ltr\"><span class=\"_2PHJq public-DraftStyleDefault-ltr\">\u00a0<\/span><\/div>\n<p id=\"viewer-irdkp249\" class=\"mm8Nw _1j-51 _1FoOD _78FBa public-DraftStyleDefault-block-depth0 fixed-tab-size public-DraftStyleDefault-text-ltr\"><span class=\"_2PHJq public-DraftStyleDefault-ltr\">Ella cursa el tercer grado de primaria y su materia favorita es Espa\u00f1ol; para ella, la escuela es un lugar en el que aprende y se divierte con sus amigos.<\/span><\/p>\n<div id=\"viewer-h2iwb251\" class=\"mm8Nw _1j-51 _1FoOD _78FBa public-DraftStyleDefault-block-depth0 fixed-tab-size public-DraftStyleDefault-text-ltr\"><span class=\"_2PHJq public-DraftStyleDefault-ltr\">\u00a0<\/span><\/div>\n<p id=\"viewer-wwgal252\" class=\"mm8Nw _1j-51 _1FoOD _78FBa public-DraftStyleDefault-block-depth0 fixed-tab-size public-DraftStyleDefault-text-ltr\"><span class=\"_2PHJq public-DraftStyleDefault-ltr\">Xime, como la llama su mam\u00e1, es una ni\u00f1a que admira mucho la labor de sus maestros y maestras, por eso de grande quiere seguir sus pasos; \u201cUno de mis sue\u00f1os es que cuando sea grande llegue a ser maestra, porque me gustar\u00eda que cada vez m\u00e1s ni\u00f1as y ni\u00f1os aprendan, pero sobre todo que no dejen de ir a la escuela\u201d, mencion\u00f3.<\/span><\/p>\n<div id=\"viewer-ozxgq254\" class=\"mm8Nw _1j-51 _1FoOD _78FBa public-DraftStyleDefault-block-depth0 fixed-tab-size public-DraftStyleDefault-text-ltr\"><span class=\"_2PHJq public-DraftStyleDefault-ltr\">\u00a0<\/span><\/div>\n<p id=\"viewer-cmqg9255\" class=\"mm8Nw _1j-51 _1FoOD _78FBa public-DraftStyleDefault-block-depth0 fixed-tab-size public-DraftStyleDefault-text-ltr\"><span class=\"_2PHJq public-DraftStyleDefault-ltr\">Asimismo, la se\u00f1ora Miriam Rocha, madre de Ximena, ve este apoyo como una oportunidad para que su hija se integre a una de las actividades que m\u00e1s le gustan; \u201cShayk es una ni\u00f1a a la que tambi\u00e9n le gusta mucho el deporte y me ha pedido inscribirla en gimnasia; ahora con ese recurso extra podemos hacer que lleve de la mano el estudio y el deporte\u201d, detall\u00f3.<\/span><\/p>\n<div id=\"viewer-will6257\" class=\"mm8Nw _1j-51 _1FoOD _78FBa public-DraftStyleDefault-block-depth0 fixed-tab-size public-DraftStyleDefault-text-ltr\"><span class=\"_2PHJq public-DraftStyleDefault-ltr\">\u00a0<\/span><\/div>\n<p id=\"viewer-s2ybx258\" class=\"mm8Nw _1j-51 _1FoOD _78FBa public-DraftStyleDefault-block-depth0 fixed-tab-size public-DraftStyleDefault-text-ltr\"><span class=\"_2PHJq public-DraftStyleDefault-ltr\">Cabe mencionar que Tere Jim\u00e9nez, a trav\u00e9s del Instituto de Educaci\u00f3n de Aguascalientes (IEA) y otras instancias gubernamentales, continuar\u00e1 apoyando a estudiantes durante el 2023, para que m\u00e1s alumnos tengan oportunidades de avanzar en su preparaci\u00f3n acad\u00e9mica.<\/span><\/p>\n<div id=\"viewer-srlwj260\" class=\"mm8Nw _1j-51 _1FoOD _3M0Fe public-DraftStyleDefault-block-depth0 fixed-tab-size public-DraftStyleDefault-text-ltr\"><\/div>\n<\/div>\n<\/div>\n<\/div>\n<\/div>\n<\/div>\n<\/div>\n<\/div>\n","protected":false},"excerpt":{"rendered":"<p>#informativoelvalledeaguascalientes #novaradioaguascalientes #ElGiganteDeMexico Con estas becas los ni\u00f1os y ni\u00f1as beneficiarios pueden continuar sus estudios\u00a0 En 2023 la gobernadora continuar\u00e1 apoyando a m\u00e1s estudiantes a trav\u00e9s del IEA y otras instituciones de gobierno\u00a0 Ximena G\u00f3mez es una beneficiaria que a sus 8 a\u00f1os, entiende el valor de su beca\u00a0 \u00a0 A tan solo tres meses [&hellip;]<\/p>\n","protected":false},"author":1,"featured_media":39090,"comment_status":"closed","ping_status":"open","sticky":false,"template":"","format":"standard","meta":{"advanced_seo_description":"","jetpack_seo_html_title":"","jetpack_seo_noindex":false,"_jetpack_memberships_contains_paid_content":false,"footnotes":"","jetpack_publicize_message":"","jetpack_publicize_feature_enabled":true,"jetpack_social_post_already_shared":true,"jetpack_social_options":{"image_generator_settings":{"template":"highway","default_image_id":0,"font":"","enabled":false},"version":2}},"categories":[21,4],"tags":[22,161,39,320],"class_list":["post-39089","post","type-post","status-publish","format-standard","has-post-thumbnail","hentry","category-aguascalientes","category-gobierno-del-estado-aguascalientes","tag-aguascalientes","tag-gobierno-del-estado-aguascalientes","tag-iea","tag-tere-jimenez"],"jetpack_publicize_connections":[],"jetpack_featured_media_url":"https:\/\/i0.wp.com\/informativoelvalledeaguascalientes.online\/wp-content\/uploads\/2022\/12\/historia-ximena-beca-4.jpeg?fit=1280%2C854&ssl=1","jetpack-related-posts":[],"jetpack_sharing_enabled":true,"jetpack_likes_enabled":true,"_links":{"self":[{"href":"https:\/\/informativoelvalledeaguascalientes.online\/index.php?rest_route=\/wp\/v2\/posts\/39089","targetHints":{"allow":["GET"]}}],"collection":[{"href":"https:\/\/informativoelvalledeaguascalientes.online\/index.php?rest_route=\/wp\/v2\/posts"}],"about":[{"href":"https:\/\/informativoelvalledeaguascalientes.online\/index.php?rest_route=\/wp\/v2\/types\/post"}],"author":[{"embeddable":true,"href":"https:\/\/informativoelvalledeaguascalientes.online\/index.php?rest_route=\/wp\/v2\/users\/1"}],"replies":[{"embeddable":true,"href":"https:\/\/informativoelvalledeaguascalientes.online\/index.php?rest_route=%2Fwp%2Fv2%2Fcomments&post=39089"}],"version-history":[{"count":1,"href":"https:\/\/informativoelvalledeaguascalientes.online\/index.php?rest_route=\/wp\/v2\/posts\/39089\/revisions"}],"predecessor-version":[{"id":39091,"href":"https:\/\/informativoelvalledeaguascalientes.online\/index.php?rest_route=\/wp\/v2\/posts\/39089\/revisions\/39091"}],"wp:featuredmedia":[{"embeddable":true,"href":"https:\/\/informativoelvalledeaguascalientes.online\/index.php?rest_route=\/wp\/v2\/media\/39090"}],"wp:attachment":[{"href":"https:\/\/informativoelvalledeaguascalientes.online\/index.php?rest_route=%2Fwp%2Fv2%2Fmedia&parent=39089"}],"wp:term":[{"taxonomy":"category","embeddable":true,"href":"https:\/\/informativoelvalledeaguascalientes.online\/index.php?rest_route=%2Fwp%2Fv2%2Fcategories&post=39089"},{"taxonomy":"post_tag","embeddable":true,"href":"https:\/\/informativoelvalledeaguascalientes.online\/index.php?rest_route=%2Fwp%2Fv2%2Ftags&post=39089"}],"curies":[{"name":"wp","href":"https:\/\/api.w.org\/{rel}","templated":true}]}}