{"id":38990,"date":"2022-12-22T21:53:56","date_gmt":"2022-12-23T03:53:56","guid":{"rendered":"https:\/\/informativoelvalledeaguascalientes.online\/?p=38990"},"modified":"2022-12-22T21:53:56","modified_gmt":"2022-12-23T03:53:56","slug":"urbanos-modifican-horarios-de-servicio-del-24-y-25-de-diciembre","status":"publish","type":"post","link":"https:\/\/informativoelvalledeaguascalientes.online\/?p=38990","title":{"rendered":"URBANOS MODIFICAN HORARIOS DE SERVICIO DEL 24 y 25 DE DICIEMBRE"},"content":{"rendered":"<p><strong><a href=\"https:\/\/www.facebook.com\/hashtag\/informativoelvalledeaguascalientes\">#informativoelvalledeaguascalientes<\/a> <\/strong><\/p>\n<p><strong><a href=\"https:\/\/www.facebook.com\/hashtag\/novaradioaguascalientes\">#novaradioaguascalientes<\/a><\/strong><\/p>\n<p><strong><a href=\"https:\/\/www.facebook.com\/GobiernodeAguascalientes\">#ElGiganteDeMexico<\/a><\/strong><\/p>\n<p>&nbsp;<\/p>\n<p align=\"justify\">El servicio de transporte p\u00fablico urbano tendr\u00e1 modificaciones en sus horarios los pr\u00f3ximos d\u00edas 24 y 25 de diciembre con motivo de las festividades navide\u00f1as.<\/p>\n<p align=\"justify\">Durante estos dos d\u00edas se reducir\u00e1 el horario del servicio en esta modalidad del transporte p\u00fablico: el 24 de diciembre el inicio de las rutas ser\u00e1 normal, pero los \u00faltimos camiones saldr\u00e1n de su terminal a las 19:30 horas; por su parte, el 25 de diciembre las primeras unidades comenzar\u00e1n a salir a las 7:15 horas y los \u00faltimos camiones saldr\u00e1n de manera ordinaria.<\/p>\n","protected":false},"excerpt":{"rendered":"<p>#informativoelvalledeaguascalientes #novaradioaguascalientes #ElGiganteDeMexico &nbsp; El servicio de transporte p\u00fablico urbano tendr\u00e1 modificaciones en sus horarios los pr\u00f3ximos d\u00edas 24 y 25 de diciembre con motivo de las festividades navide\u00f1as. Durante estos dos d\u00edas se reducir\u00e1 el horario del servicio en esta modalidad del transporte p\u00fablico: el 24 de diciembre el inicio de las rutas ser\u00e1 [&hellip;]<\/p>\n","protected":false},"author":1,"featured_media":38991,"comment_status":"closed","ping_status":"open","sticky":false,"template":"","format":"standard","meta":{"advanced_seo_description":"","jetpack_seo_html_title":"","jetpack_seo_noindex":false,"_jetpack_memberships_contains_paid_content":false,"footnotes":"","jetpack_publicize_message":"","jetpack_publicize_feature_enabled":true,"jetpack_social_post_already_shared":true,"jetpack_social_options":{"image_generator_settings":{"template":"highway","default_image_id":0,"font":"","enabled":false},"version":2}},"categories":[21,4],"tags":[22,53,161],"class_list":["post-38990","post","type-post","status-publish","format-standard","has-post-thumbnail","hentry","category-aguascalientes","category-gobierno-del-estado-aguascalientes","tag-aguascalientes","tag-cmov","tag-gobierno-del-estado-aguascalientes"],"jetpack_publicize_connections":[],"jetpack_featured_media_url":"https:\/\/i0.wp.com\/informativoelvalledeaguascalientes.online\/wp-content\/uploads\/2022\/12\/2022-12-21-at-14.41.24-1.jpeg?fit=1280%2C1098&ssl=1","jetpack-related-posts":[],"jetpack_sharing_enabled":true,"jetpack_likes_enabled":true,"_links":{"self":[{"href":"https:\/\/informativoelvalledeaguascalientes.online\/index.php?rest_route=\/wp\/v2\/posts\/38990","targetHints":{"allow":["GET"]}}],"collection":[{"href":"https:\/\/informativoelvalledeaguascalientes.online\/index.php?rest_route=\/wp\/v2\/posts"}],"about":[{"href":"https:\/\/informativoelvalledeaguascalientes.online\/index.php?rest_route=\/wp\/v2\/types\/post"}],"author":[{"embeddable":true,"href":"https:\/\/informativoelvalledeaguascalientes.online\/index.php?rest_route=\/wp\/v2\/users\/1"}],"replies":[{"embeddable":true,"href":"https:\/\/informativoelvalledeaguascalientes.online\/index.php?rest_route=%2Fwp%2Fv2%2Fcomments&post=38990"}],"version-history":[{"count":1,"href":"https:\/\/informativoelvalledeaguascalientes.online\/index.php?rest_route=\/wp\/v2\/posts\/38990\/revisions"}],"predecessor-version":[{"id":38992,"href":"https:\/\/informativoelvalledeaguascalientes.online\/index.php?rest_route=\/wp\/v2\/posts\/38990\/revisions\/38992"}],"wp:featuredmedia":[{"embeddable":true,"href":"https:\/\/informativoelvalledeaguascalientes.online\/index.php?rest_route=\/wp\/v2\/media\/38991"}],"wp:attachment":[{"href":"https:\/\/informativoelvalledeaguascalientes.online\/index.php?rest_route=%2Fwp%2Fv2%2Fmedia&parent=38990"}],"wp:term":[{"taxonomy":"category","embeddable":true,"href":"https:\/\/informativoelvalledeaguascalientes.online\/index.php?rest_route=%2Fwp%2Fv2%2Fcategories&post=38990"},{"taxonomy":"post_tag","embeddable":true,"href":"https:\/\/informativoelvalledeaguascalientes.online\/index.php?rest_route=%2Fwp%2Fv2%2Ftags&post=38990"}],"curies":[{"name":"wp","href":"https:\/\/api.w.org\/{rel}","templated":true}]}}