{"id":38922,"date":"2022-12-21T19:44:58","date_gmt":"2022-12-22T01:44:58","guid":{"rendered":"https:\/\/informativoelvalledeaguascalientes.online\/?p=38922"},"modified":"2022-12-21T19:44:58","modified_gmt":"2022-12-22T01:44:58","slug":"lamentable-la-ola-de-inseguridad-que-se-vive-en-aguascalientes-y-en-todo-el-pais-kendor-macias-presidente-del-cde-del-pri","status":"publish","type":"post","link":"https:\/\/informativoelvalledeaguascalientes.online\/?p=38922","title":{"rendered":"Lamentable la ola de inseguridad que se vive en Aguascalientes y en todo el pa\u00eds: Kendor Mac\u00edas, presidente del CDE del PRI"},"content":{"rendered":"<p><strong><a href=\"https:\/\/www.facebook.com\/hashtag\/informativoelvalledeaguascalientes\">#informativoelvalledeaguascalientes<\/a><\/strong><\/p>\n<p><strong><a href=\"https:\/\/www.facebook.com\/hashtag\/novaradioaguascalientes\">#novaradioaguascalientes<\/a><\/strong><\/p>\n<p>&nbsp;<\/p>\n<p>Como lamentable calific\u00f3 el dirigente local del partido tricolor, Kendor Mac\u00edas, la ola de inseguridad que se vive en Aguascalientes y en todo el pa\u00eds, a solo unos cuantos d\u00edas de que las familias se re\u00fanan para celebrar la navidad.<\/p>\n<p>Lo anterior ante los hechos violentos ocurridos en entidades vecinas como Zacatecas y en nuestra propia localidad, como los recientes asesinatos y el hallazgo del cuerpo calcinado de una mujer en el fraccionamiento Municipio Libre.<\/p>\n<p>Se\u00f1al\u00f3 que en todo el pa\u00eds se vive un tiempo de crisis en un tema prioritario como lo es la seguridad y se podr\u00eda seguir avanzando a un punto sin retorno \u201cya que la violencia est\u00e1 peor que nunca en la historia de M\u00e9xico\u201d indic\u00f3.<\/p>\n<p>Dijo que el presidente de la Rep\u00fablica, Andr\u00e9s Manuel L\u00f3pez Obrador, sigue en su af\u00e1n de victimizarse y miente a la ciudadan\u00eda, sin dar alguna respuesta a los problemas que necesitan ser atendidos de urgencia, entre estos el tema de la seguridad.<\/p>\n","protected":false},"excerpt":{"rendered":"<p>#informativoelvalledeaguascalientes #novaradioaguascalientes &nbsp; Como lamentable calific\u00f3 el dirigente local del partido tricolor, Kendor Mac\u00edas, la ola de inseguridad que se vive en Aguascalientes y en todo el pa\u00eds, a solo unos cuantos d\u00edas de que las familias se re\u00fanan para celebrar la navidad. Lo anterior ante los hechos violentos ocurridos en entidades vecinas como Zacatecas [&hellip;]<\/p>\n","protected":false},"author":1,"featured_media":38923,"comment_status":"closed","ping_status":"open","sticky":false,"template":"","format":"standard","meta":{"advanced_seo_description":"","jetpack_seo_html_title":"","jetpack_seo_noindex":false,"_jetpack_memberships_contains_paid_content":false,"footnotes":"","jetpack_publicize_message":"","jetpack_publicize_feature_enabled":true,"jetpack_social_post_already_shared":true,"jetpack_social_options":{"image_generator_settings":{"template":"highway","default_image_id":0,"font":"","enabled":false},"version":2}},"categories":[21,19,6,9],"tags":[22,91,33],"class_list":["post-38922","post","type-post","status-publish","format-standard","has-post-thumbnail","hentry","category-aguascalientes","category-informacion-general","category-partidos-politicos","category-pri-aguascalientes","tag-aguascalientes","tag-pri-aguascalientes","tag-pri-aguascalientes-cde"],"jetpack_publicize_connections":[],"jetpack_featured_media_url":"https:\/\/i0.wp.com\/informativoelvalledeaguascalientes.online\/wp-content\/uploads\/2022\/12\/pri-ags-20122022.jpg?fit=683%2C1024&ssl=1","jetpack-related-posts":[],"jetpack_sharing_enabled":true,"jetpack_likes_enabled":true,"_links":{"self":[{"href":"https:\/\/informativoelvalledeaguascalientes.online\/index.php?rest_route=\/wp\/v2\/posts\/38922","targetHints":{"allow":["GET"]}}],"collection":[{"href":"https:\/\/informativoelvalledeaguascalientes.online\/index.php?rest_route=\/wp\/v2\/posts"}],"about":[{"href":"https:\/\/informativoelvalledeaguascalientes.online\/index.php?rest_route=\/wp\/v2\/types\/post"}],"author":[{"embeddable":true,"href":"https:\/\/informativoelvalledeaguascalientes.online\/index.php?rest_route=\/wp\/v2\/users\/1"}],"replies":[{"embeddable":true,"href":"https:\/\/informativoelvalledeaguascalientes.online\/index.php?rest_route=%2Fwp%2Fv2%2Fcomments&post=38922"}],"version-history":[{"count":1,"href":"https:\/\/informativoelvalledeaguascalientes.online\/index.php?rest_route=\/wp\/v2\/posts\/38922\/revisions"}],"predecessor-version":[{"id":38924,"href":"https:\/\/informativoelvalledeaguascalientes.online\/index.php?rest_route=\/wp\/v2\/posts\/38922\/revisions\/38924"}],"wp:featuredmedia":[{"embeddable":true,"href":"https:\/\/informativoelvalledeaguascalientes.online\/index.php?rest_route=\/wp\/v2\/media\/38923"}],"wp:attachment":[{"href":"https:\/\/informativoelvalledeaguascalientes.online\/index.php?rest_route=%2Fwp%2Fv2%2Fmedia&parent=38922"}],"wp:term":[{"taxonomy":"category","embeddable":true,"href":"https:\/\/informativoelvalledeaguascalientes.online\/index.php?rest_route=%2Fwp%2Fv2%2Fcategories&post=38922"},{"taxonomy":"post_tag","embeddable":true,"href":"https:\/\/informativoelvalledeaguascalientes.online\/index.php?rest_route=%2Fwp%2Fv2%2Ftags&post=38922"}],"curies":[{"name":"wp","href":"https:\/\/api.w.org\/{rel}","templated":true}]}}