{"id":38576,"date":"2022-12-09T15:04:47","date_gmt":"2022-12-09T21:04:47","guid":{"rendered":"https:\/\/informativoelvalledeaguascalientes.online\/?p=38576"},"modified":"2022-12-09T15:04:47","modified_gmt":"2022-12-09T21:04:47","slug":"pequenas-gimnastas-presentaran-sus-talentos-en-gala-navidena-este-jueves","status":"publish","type":"post","link":"https:\/\/informativoelvalledeaguascalientes.online\/?p=38576","title":{"rendered":"PEQUE\u00d1AS GIMNASTAS PRESENTAR\u00c1N SUS TALENTOS EN GALA NAVIDE\u00d1A ESTE JUEVES"},"content":{"rendered":"<p><strong><a href=\"https:\/\/www.facebook.com\/hashtag\/informativoelvalledeaguascalientes\">#informativoelvalledeaguascalientes<\/a> <\/strong><\/p>\n<p><strong><a href=\"https:\/\/www.facebook.com\/hashtag\/novaradioaguascalientes\">#novaradioaguascalientes<\/a><\/strong><\/p>\n<p><strong><a href=\"https:\/\/www.facebook.com\/GobiernodeAguascalientes\">#ElGiganteDeMexico<\/a><\/strong><\/p>\n<p id=\"viewer-foo\" class=\"mm8Nw _1j-51 _1FoOD _78FBa public-DraftStyleDefault-block-depth0 fixed-tab-size public-DraftStyleDefault-text-ltr\"><span class=\"_2PHJq public-DraftStyleDefault-ltr\">Las peque\u00f1as aguascalentenses que d\u00eda con d\u00eda practican en la Academia de gimnasia r\u00edtmica del Instituto del Deporte del Estado de Aguascalientes (IDEA), presentar\u00e1n su talento ante el p\u00fablico durante la celebraci\u00f3n de la Gala navide\u00f1a 2022 del IDEA, que se realizar\u00e1 este jueves 08 de diciembre a las 18:00 horas en el vel\u00f3dromo Juan Alfredo Morales Shaadi, ubicado en la Av. Heroico Colegio Militar.<\/span><\/p>\n<div id=\"viewer-0skrl5653\" class=\"mm8Nw _1j-51 _1FoOD _78FBa public-DraftStyleDefault-block-depth0 fixed-tab-size public-DraftStyleDefault-text-ltr\"><span class=\"_2PHJq public-DraftStyleDefault-ltr\">\u00a0<\/span><\/div>\n<p id=\"viewer-3ztuw5654\" class=\"mm8Nw _1j-51 _1FoOD _78FBa public-DraftStyleDefault-block-depth0 fixed-tab-size public-DraftStyleDefault-text-ltr\"><span class=\"_2PHJq public-DraftStyleDefault-ltr\">En esta gala participar\u00e1n peque\u00f1as de 5 a 17 a\u00f1os de edad que practican en tres diferentes niveles: iniciaci\u00f3n, fundamentos y selecci\u00f3n; con el objetivo de mostrar los conocimientos que adquirieron en su curso 2022.<\/span><\/p>\n<div id=\"viewer-by7la5656\" class=\"mm8Nw _1j-51 _1FoOD _78FBa public-DraftStyleDefault-block-depth0 fixed-tab-size public-DraftStyleDefault-text-ltr\"><span class=\"_2PHJq public-DraftStyleDefault-ltr\">\u00a0<\/span><\/div>\n<p id=\"viewer-tkkyj5657\" class=\"mm8Nw _1j-51 _1FoOD _78FBa public-DraftStyleDefault-block-depth0 fixed-tab-size public-DraftStyleDefault-text-ltr\"><span class=\"_2PHJq public-DraftStyleDefault-ltr\">Cabe mencionar que en el evento tambi\u00e9n ser\u00e1n presentados los avances de la conformaci\u00f3n de rutinas para el ciclo 2023 de gimnasia r\u00edtmica de dicha academia.\u00a0<\/span><\/p>\n","protected":false},"excerpt":{"rendered":"<p>#informativoelvalledeaguascalientes #novaradioaguascalientes #ElGiganteDeMexico Las peque\u00f1as aguascalentenses que d\u00eda con d\u00eda practican en la Academia de gimnasia r\u00edtmica del Instituto del Deporte del Estado de Aguascalientes (IDEA), presentar\u00e1n su talento ante el p\u00fablico durante la celebraci\u00f3n de la Gala navide\u00f1a 2022 del IDEA, que se realizar\u00e1 este jueves 08 de diciembre a las 18:00 horas en [&hellip;]<\/p>\n","protected":false},"author":1,"featured_media":38577,"comment_status":"closed","ping_status":"open","sticky":false,"template":"","format":"standard","meta":{"advanced_seo_description":"","jetpack_seo_html_title":"","jetpack_seo_noindex":false,"_jetpack_memberships_contains_paid_content":false,"footnotes":"","jetpack_publicize_message":"","jetpack_publicize_feature_enabled":true,"jetpack_social_post_already_shared":true,"jetpack_social_options":{"image_generator_settings":{"template":"highway","default_image_id":0,"font":"","enabled":false},"version":2}},"categories":[21,4],"tags":[22,113],"class_list":["post-38576","post","type-post","status-publish","format-standard","has-post-thumbnail","hentry","category-aguascalientes","category-gobierno-del-estado-aguascalientes","tag-aguascalientes","tag-idea"],"jetpack_publicize_connections":[],"jetpack_featured_media_url":"https:\/\/i0.wp.com\/informativoelvalledeaguascalientes.online\/wp-content\/uploads\/2022\/12\/gimnasia-olimpiada-nacional-6.jpg?fit=1500%2C1989&ssl=1","jetpack-related-posts":[],"jetpack_sharing_enabled":true,"jetpack_likes_enabled":true,"_links":{"self":[{"href":"https:\/\/informativoelvalledeaguascalientes.online\/index.php?rest_route=\/wp\/v2\/posts\/38576","targetHints":{"allow":["GET"]}}],"collection":[{"href":"https:\/\/informativoelvalledeaguascalientes.online\/index.php?rest_route=\/wp\/v2\/posts"}],"about":[{"href":"https:\/\/informativoelvalledeaguascalientes.online\/index.php?rest_route=\/wp\/v2\/types\/post"}],"author":[{"embeddable":true,"href":"https:\/\/informativoelvalledeaguascalientes.online\/index.php?rest_route=\/wp\/v2\/users\/1"}],"replies":[{"embeddable":true,"href":"https:\/\/informativoelvalledeaguascalientes.online\/index.php?rest_route=%2Fwp%2Fv2%2Fcomments&post=38576"}],"version-history":[{"count":1,"href":"https:\/\/informativoelvalledeaguascalientes.online\/index.php?rest_route=\/wp\/v2\/posts\/38576\/revisions"}],"predecessor-version":[{"id":38578,"href":"https:\/\/informativoelvalledeaguascalientes.online\/index.php?rest_route=\/wp\/v2\/posts\/38576\/revisions\/38578"}],"wp:featuredmedia":[{"embeddable":true,"href":"https:\/\/informativoelvalledeaguascalientes.online\/index.php?rest_route=\/wp\/v2\/media\/38577"}],"wp:attachment":[{"href":"https:\/\/informativoelvalledeaguascalientes.online\/index.php?rest_route=%2Fwp%2Fv2%2Fmedia&parent=38576"}],"wp:term":[{"taxonomy":"category","embeddable":true,"href":"https:\/\/informativoelvalledeaguascalientes.online\/index.php?rest_route=%2Fwp%2Fv2%2Fcategories&post=38576"},{"taxonomy":"post_tag","embeddable":true,"href":"https:\/\/informativoelvalledeaguascalientes.online\/index.php?rest_route=%2Fwp%2Fv2%2Ftags&post=38576"}],"curies":[{"name":"wp","href":"https:\/\/api.w.org\/{rel}","templated":true}]}}