{"id":38571,"date":"2022-12-09T00:45:36","date_gmt":"2022-12-09T06:45:36","guid":{"rendered":"https:\/\/informativoelvalledeaguascalientes.online\/?p=38571"},"modified":"2022-12-09T00:45:36","modified_gmt":"2022-12-09T06:45:36","slug":"en-un-contexto-internacional-complejo-aguascalientes-va-por-buen-rumbo","status":"publish","type":"post","link":"https:\/\/informativoelvalledeaguascalientes.online\/?p=38571","title":{"rendered":"EN UN CONTEXTO INTERNACIONAL COMPLEJO, AGUASCALIENTES VA POR BUEN RUMBO"},"content":{"rendered":"<p><strong><a href=\"https:\/\/www.facebook.com\/hashtag\/informativoelvalledeaguascalientes\">#informativoelvalledeaguascalientes<\/a><\/strong><\/p>\n<p><strong><a href=\"https:\/\/www.facebook.com\/hashtag\/novaradioaguascalientes\">#novaradioaguascalientes<\/a><\/strong><\/p>\n<p><strong><a href=\"https:\/\/www.facebook.com\/GobiernodeAguascalientes\">#ElGiganteDeMexico<\/a><\/strong><\/p>\n<p>&nbsp;<\/p>\n<ul class=\"public-DraftStyleDefault-ul\">\n<li id=\"viewer-aljwb252\" class=\"_3Kjjs _78FBa public-DraftStyleDefault-unorderedListItem public-DraftStyleDefault-depth0 public-DraftStyleDefault-list-ltr fixed-tab-size public-DraftStyleDefault-reset _1FoOD _78FBa\">\n<p class=\"_1j-51 _1FoOD _78FBa undefined\"><strong><em>Del total de empleos formales generados de enero a noviembre de 2022, la cuarta parte se cre\u00f3 en los dos primeros meses de la gesti\u00f3n de Tere Jim\u00e9nez<\/em><\/strong><\/p>\n<\/li>\n<li id=\"viewer-9dwwv255\" class=\"_3Kjjs _78FBa public-DraftStyleDefault-unorderedListItem public-DraftStyleDefault-depth0 public-DraftStyleDefault-list-ltr fixed-tab-size _1FoOD _78FBa\">\n<p class=\"_1j-51 _1FoOD _78FBa undefined\"><strong><em>Semanalmente, alrededor de ocho empresas extranjeras manifiestan su inter\u00e9s de establecerse en la entidad, dadas las buenas condiciones que ofrece a inversionistas<\/em><\/strong><\/p>\n<\/li>\n<li id=\"viewer-c7ydf258\" class=\"_3Kjjs _78FBa public-DraftStyleDefault-unorderedListItem public-DraftStyleDefault-depth0 public-DraftStyleDefault-list-ltr fixed-tab-size _1FoOD _78FBa\">\n<p class=\"_1j-51 _1FoOD _78FBa undefined\"><strong><em>Tan solo en octubre-noviembre se realizaron ocho Jueves de Bolsa de Trabajo con la participaci\u00f3n de 188 empresas que ofertaron 5 mil 600 vacantes<\/em><\/strong><\/p>\n<\/li>\n<\/ul>\n<div id=\"viewer-4ztk3260\" class=\"mm8Nw _1j-51 _1FoOD _78FBa public-DraftStyleDefault-block-depth0 fixed-tab-size public-DraftStyleDefault-text-ltr\"><span class=\"_2PHJq public-DraftStyleDefault-ltr\">\u00a0<\/span><\/div>\n<p id=\"viewer-9m5mn261\" class=\"mm8Nw _1j-51 _1FoOD _78FBa public-DraftStyleDefault-block-depth0 fixed-tab-size public-DraftStyleDefault-text-ltr\"><span class=\"_2PHJq public-DraftStyleDefault-ltr\">A pesar de las circunstancias complejas que enfrenta la econom\u00eda internacional, Aguascalientes va por un buen camino en materia de generaci\u00f3n de empleos, inversi\u00f3n extranjera, exportaciones e importaciones, asegur\u00f3 el secretario de Desarrollo Econ\u00f3mico, Ciencia y Tecnolog\u00eda, Manuel Alejandro Gonz\u00e1lez Mart\u00ednez.<\/span><\/p>\n<div id=\"viewer-xw6he263\" class=\"mm8Nw _1j-51 _1FoOD _78FBa public-DraftStyleDefault-block-depth0 fixed-tab-size public-DraftStyleDefault-text-ltr\"><span class=\"_2PHJq public-DraftStyleDefault-ltr\">\u00a0<\/span><\/div>\n<p id=\"viewer-5flgy264\" class=\"mm8Nw _1j-51 _1FoOD _78FBa public-DraftStyleDefault-block-depth0 fixed-tab-size public-DraftStyleDefault-text-ltr\"><span class=\"_2PHJq public-DraftStyleDefault-ltr\">En ese sentido, inform\u00f3 que la cuarta parte del total de empleos formales generados en Aguascalientes de enero a noviembre de 2022, se cre\u00f3 tan solo en los dos primeros meses de la administraci\u00f3n que encabeza la gobernadora, Tere Jim\u00e9nez, lo que da muestra de la prioridad que mantiene esta pol\u00edtica p\u00fablica dentro de su gesti\u00f3n.<\/span><\/p>\n<div id=\"viewer-ay8d1266\" class=\"mm8Nw _1j-51 _1FoOD _78FBa public-DraftStyleDefault-block-depth0 fixed-tab-size public-DraftStyleDefault-text-ltr\"><span class=\"_2PHJq public-DraftStyleDefault-ltr\">\u00a0<\/span><\/div>\n<p id=\"viewer-267to267\" class=\"mm8Nw _1j-51 _1FoOD _78FBa public-DraftStyleDefault-block-depth0 fixed-tab-size public-DraftStyleDefault-text-ltr\"><span class=\"_2PHJq public-DraftStyleDefault-ltr\">Detall\u00f3 que de acuerdo a cifras del IMSS, en los primeros 11 meses del presente a\u00f1o se registraron 11 mil 540 nuevas fuentes de trabajo, de las cuales 2 mil 920 se generaron en octubre y noviembre.<\/span><\/p>\n<div id=\"viewer-a6w70269\" class=\"mm8Nw _1j-51 _1FoOD _78FBa public-DraftStyleDefault-block-depth0 fixed-tab-size public-DraftStyleDefault-text-ltr\"><span class=\"_2PHJq public-DraftStyleDefault-ltr\">\u00a0<\/span><\/div>\n<p id=\"viewer-l8lw1270\" class=\"mm8Nw _1j-51 _1FoOD _78FBa public-DraftStyleDefault-block-depth0 fixed-tab-size public-DraftStyleDefault-text-ltr\"><span class=\"_2PHJq public-DraftStyleDefault-ltr\">Con relaci\u00f3n a la atracci\u00f3n de inversiones, el titular de la Sedecyt dio a conocer que hay expectativas de que se concreten nuevos proyectos en Aguascalientes, toda vez que semanalmente, alrededor de ocho empresas extranjeras manifiestan su inter\u00e9s por invertir en la entidad, por ser uno de los principales destinos para establecerse, dadas las condiciones de seguridad, paz laboral y calidad de la fuerza laboral que ofrece Aguascalientes.<\/span><\/p>\n<div id=\"viewer-1m25e272\" class=\"mm8Nw _1j-51 _1FoOD _78FBa public-DraftStyleDefault-block-depth0 fixed-tab-size public-DraftStyleDefault-text-ltr\"><span class=\"_2PHJq public-DraftStyleDefault-ltr\">\u00a0<\/span><\/div>\n<p id=\"viewer-c7y56273\" class=\"mm8Nw _1j-51 _1FoOD _78FBa public-DraftStyleDefault-block-depth0 fixed-tab-size public-DraftStyleDefault-text-ltr\"><span class=\"_2PHJq public-DraftStyleDefault-ltr\">Por otro lado, coment\u00f3 que tan solo en los dos primeros meses de la actual administraci\u00f3n estatal, se realizaron ocho <em>Jueves de Bolsa de Trabajo<\/em>, en los que 188 empresas ofertaron 5 mil 600 vacantes para diferentes perfiles laborales; dijo que estas jornadas de reclutamiento se desarrollan bajo cuatro vertientes: p\u00fablico en general, en municipios, en colonias populares y para grupos vulnerables.<\/span><\/p>\n<div id=\"viewer-w440y1686\" class=\"mm8Nw _1j-51 _1FoOD _78FBa public-DraftStyleDefault-block-depth0 fixed-tab-size public-DraftStyleDefault-text-ltr\"><span class=\"_2PHJq public-DraftStyleDefault-ltr\">\u00a0<\/span><\/div>\n<p id=\"viewer-hxgxm277\" class=\"mm8Nw _1j-51 _1FoOD _78FBa public-DraftStyleDefault-block-depth0 fixed-tab-size public-DraftStyleDefault-text-ltr\"><span class=\"_2PHJq public-DraftStyleDefault-ltr\">Al respecto, adelant\u00f3 que la feria de empleo correspondiente a este jueves 8 de diciembre, se realizar\u00e1 en el Auditorio Municipal de Jes\u00fas Mar\u00eda de 9:00 a 15:00 horas, con la participaci\u00f3n de 23 empresas y la oferta de m\u00e1s de 580 vacantes de empleo formal.<\/span><\/p>\n<div id=\"viewer-g68qo1832\" class=\"mm8Nw _1j-51 _1FoOD _78FBa public-DraftStyleDefault-block-depth0 fixed-tab-size public-DraftStyleDefault-text-ltr\"><span class=\"_2PHJq public-DraftStyleDefault-ltr\">\u00a0<\/span><\/div>\n<p id=\"viewer-ayy2m279\" class=\"mm8Nw _1j-51 _1FoOD _78FBa public-DraftStyleDefault-block-depth0 fixed-tab-size public-DraftStyleDefault-text-ltr\"><span class=\"_2PHJq public-DraftStyleDefault-ltr\">Por \u00faltimo, Gonz\u00e1lez Mart\u00ednez reiter\u00f3 que a pesar de las condiciones poco favorables a nivel nacional e internacional, en Aguascalientes se tienen buenas perspectivas de crecimiento econ\u00f3mico, ya que se espera cerrar el 2022 con 1.5 por ciento, mientras que la expectativa para el pr\u00f3ximo a\u00f1o es de 2.5 por ciento.<\/span><\/p>\n","protected":false},"excerpt":{"rendered":"<p>#informativoelvalledeaguascalientes #novaradioaguascalientes #ElGiganteDeMexico &nbsp; Del total de empleos formales generados de enero a noviembre de 2022, la cuarta parte se cre\u00f3 en los dos primeros meses de la gesti\u00f3n de Tere Jim\u00e9nez Semanalmente, alrededor de ocho empresas extranjeras manifiestan su inter\u00e9s de establecerse en la entidad, dadas las buenas condiciones que ofrece a inversionistas Tan [&hellip;]<\/p>\n","protected":false},"author":1,"featured_media":38572,"comment_status":"closed","ping_status":"open","sticky":false,"template":"","format":"standard","meta":{"advanced_seo_description":"","jetpack_seo_html_title":"","jetpack_seo_noindex":false,"_jetpack_memberships_contains_paid_content":false,"footnotes":"","jetpack_publicize_message":"","jetpack_publicize_feature_enabled":true,"jetpack_social_post_already_shared":true,"jetpack_social_options":{"image_generator_settings":{"template":"highway","default_image_id":0,"font":"","enabled":false},"version":2}},"categories":[21,4],"tags":[22,161],"class_list":["post-38571","post","type-post","status-publish","format-standard","has-post-thumbnail","hentry","category-aguascalientes","category-gobierno-del-estado-aguascalientes","tag-aguascalientes","tag-gobierno-del-estado-aguascalientes"],"jetpack_publicize_connections":[],"jetpack_featured_media_url":"https:\/\/i0.wp.com\/informativoelvalledeaguascalientes.online\/wp-content\/uploads\/2022\/12\/MANUEL-ALEJANDRO-SEC-ECONOMIA.webp?fit=677%2C451&ssl=1","jetpack-related-posts":[],"jetpack_sharing_enabled":true,"jetpack_likes_enabled":true,"_links":{"self":[{"href":"https:\/\/informativoelvalledeaguascalientes.online\/index.php?rest_route=\/wp\/v2\/posts\/38571","targetHints":{"allow":["GET"]}}],"collection":[{"href":"https:\/\/informativoelvalledeaguascalientes.online\/index.php?rest_route=\/wp\/v2\/posts"}],"about":[{"href":"https:\/\/informativoelvalledeaguascalientes.online\/index.php?rest_route=\/wp\/v2\/types\/post"}],"author":[{"embeddable":true,"href":"https:\/\/informativoelvalledeaguascalientes.online\/index.php?rest_route=\/wp\/v2\/users\/1"}],"replies":[{"embeddable":true,"href":"https:\/\/informativoelvalledeaguascalientes.online\/index.php?rest_route=%2Fwp%2Fv2%2Fcomments&post=38571"}],"version-history":[{"count":1,"href":"https:\/\/informativoelvalledeaguascalientes.online\/index.php?rest_route=\/wp\/v2\/posts\/38571\/revisions"}],"predecessor-version":[{"id":38573,"href":"https:\/\/informativoelvalledeaguascalientes.online\/index.php?rest_route=\/wp\/v2\/posts\/38571\/revisions\/38573"}],"wp:featuredmedia":[{"embeddable":true,"href":"https:\/\/informativoelvalledeaguascalientes.online\/index.php?rest_route=\/wp\/v2\/media\/38572"}],"wp:attachment":[{"href":"https:\/\/informativoelvalledeaguascalientes.online\/index.php?rest_route=%2Fwp%2Fv2%2Fmedia&parent=38571"}],"wp:term":[{"taxonomy":"category","embeddable":true,"href":"https:\/\/informativoelvalledeaguascalientes.online\/index.php?rest_route=%2Fwp%2Fv2%2Fcategories&post=38571"},{"taxonomy":"post_tag","embeddable":true,"href":"https:\/\/informativoelvalledeaguascalientes.online\/index.php?rest_route=%2Fwp%2Fv2%2Ftags&post=38571"}],"curies":[{"name":"wp","href":"https:\/\/api.w.org\/{rel}","templated":true}]}}