{"id":38565,"date":"2022-12-09T00:37:36","date_gmt":"2022-12-09T06:37:36","guid":{"rendered":"https:\/\/informativoelvalledeaguascalientes.online\/?p=38565"},"modified":"2022-12-09T00:37:36","modified_gmt":"2022-12-09T06:37:36","slug":"directivos-de-mercedes-benz-respaldan-a-tere-jimenez-y-reiteran-su-compromiso-con-aguascalientes","status":"publish","type":"post","link":"https:\/\/informativoelvalledeaguascalientes.online\/?p=38565","title":{"rendered":"DIRECTIVOS DE MERCEDES BENZ RESPALDAN A TERE JIM\u00c9NEZ Y REITERAN SU COMPROMISO CON AGUASCALIENTES"},"content":{"rendered":"<p><strong><a href=\"https:\/\/www.facebook.com\/hashtag\/informativoelvalledeaguascalientes\">#informativoelvalledeaguascalientes<\/a><\/strong><\/p>\n<p><strong><a href=\"https:\/\/www.facebook.com\/hashtag\/novaradioaguascalientes\">#novaradioaguascalientes<\/a><\/strong><\/p>\n<p><strong><a href=\"https:\/\/www.facebook.com\/GobiernodeAguascalientes\">#ElGiganteDeMexico<\/a><\/strong><\/p>\n<p>&nbsp;<\/p>\n<div id=\"bgLayers_comp-l7sh9ubr2\" class=\"_3wnIc\" data-hook=\"bgLayers\"><\/div>\n<div class=\"\" data-mesh-id=\"comp-l7sh9ubr2inlineContent\" data-testid=\"inline-content\">\n<div data-mesh-id=\"comp-l7sh9ubr2inlineContent-gridContainer\" data-testid=\"mesh-container-content\">\n<div id=\"comp-l7yvxqo2\" class=\"XUUsC\">\n<div class=\"xQ_iF\" data-testid=\"linkElement\"><\/div>\n<\/div>\n<div id=\"comp-l7sh9ubx\" class=\"_2PSyL\">\n<div class=\"comp-l7sh9ubx\">\n<div class=\"s1IW4bz\" data-hook=\"ricosviewer-wrapper\">\n<div class=\"kvdbP _1O7aH\" dir=\"ltr\" data-id=\"rich-content-viewer\">\n<div class=\"_1hN1O _3EPBy\">\n<p id=\"viewer-foo\" class=\"mm8Nw _1j-51 _1FoOD _78FBa public-DraftStyleDefault-block-depth0 fixed-tab-size public-DraftStyleDefault-text-ltr\"><span class=\"_2PHJq public-DraftStyleDefault-ltr\">En atenci\u00f3n a la visita que la gobernadora, Tere Jim\u00e9nez, realiz\u00f3 a Alemania antes de asumir su cargo, directivos de la empresa Mercedes Benz le hicieron una visita de cortes\u00eda para felicitarla por su nueva encomienda y agradecer el apoyo que ha brindado a su planta de Aguascalientes.<\/span><\/p>\n<div id=\"viewer-4tkj41359\" class=\"mm8Nw _1j-51 _1FoOD _78FBa public-DraftStyleDefault-block-depth0 fixed-tab-size public-DraftStyleDefault-text-ltr\"><span class=\"_2PHJq public-DraftStyleDefault-ltr\">\u00a0<\/span><\/div>\n<p id=\"viewer-rm5lc1360\" class=\"mm8Nw _1j-51 _1FoOD _78FBa public-DraftStyleDefault-block-depth0 fixed-tab-size public-DraftStyleDefault-text-ltr\"><span class=\"_2PHJq public-DraftStyleDefault-ltr\">En ese sentido, la gobernadora del estado reiter\u00f3 su compromiso con los inversionistas extranjeros y asegur\u00f3 que en su gesti\u00f3n se trabaja sin pausa en generar las condiciones necesarias para que cada vez m\u00e1s empresas se instalen en la entidad o desarrollen planes de expansi\u00f3n.<\/span><\/p>\n<div id=\"viewer-17ji61362\" class=\"mm8Nw _1j-51 _1FoOD _78FBa public-DraftStyleDefault-block-depth0 fixed-tab-size public-DraftStyleDefault-text-ltr\"><span class=\"_2PHJq public-DraftStyleDefault-ltr\">\u00a0<\/span><\/div>\n<p id=\"viewer-su0xu1363\" class=\"mm8Nw _1j-51 _1FoOD _78FBa public-DraftStyleDefault-block-depth0 fixed-tab-size public-DraftStyleDefault-text-ltr\"><span class=\"_2PHJq public-DraftStyleDefault-ltr\">Durante el encuentro, Swen Malkus y Salvador Varas Ruiz, CEO y CFO de Mercedes Benz M\u00e9xico International, respectivamente, reconocieron las ventajas competitivas que les ofrece esta entidad y refrendaron su inter\u00e9s de seguir trabajando con el Gobierno del Estado, no s\u00f3lo en el desarrollo de proyectos de inversi\u00f3n, sino tambi\u00e9n de tipo social, educativo, cultural y deportivo, en beneficio de la comunidad.<\/span><\/p>\n<div id=\"viewer-tpbu31365\" class=\"mm8Nw _1j-51 _1FoOD _78FBa public-DraftStyleDefault-block-depth0 fixed-tab-size public-DraftStyleDefault-text-ltr\"><span class=\"_2PHJq public-DraftStyleDefault-ltr\">\u00a0<\/span><\/div>\n<p id=\"viewer-vudwb1366\" class=\"mm8Nw _1j-51 _1FoOD _78FBa public-DraftStyleDefault-block-depth0 fixed-tab-size public-DraftStyleDefault-text-ltr\"><span class=\"_2PHJq public-DraftStyleDefault-ltr\">\u201cEs una forma de devolverle algo a la sociedad de Aguascalientes por todo el apoyo que recibimos de este estado\u201d, sostuvieron.<\/span><\/p>\n<div id=\"viewer-s4whn1368\" class=\"mm8Nw _1j-51 _1FoOD _78FBa public-DraftStyleDefault-block-depth0 fixed-tab-size public-DraftStyleDefault-text-ltr\"><span class=\"_2PHJq public-DraftStyleDefault-ltr\">\u00a0<\/span><\/div>\n<p id=\"viewer-kt8a01369\" class=\"mm8Nw _1j-51 _1FoOD _78FBa public-DraftStyleDefault-block-depth0 fixed-tab-size public-DraftStyleDefault-text-ltr\"><span class=\"_2PHJq public-DraftStyleDefault-ltr\">Por \u00faltimo, los directivos de Mercedes Benz comentaron que en Aguascalientes se producen 84 mil veh\u00edculos al a\u00f1o, los cuales en su mayor\u00eda se exportan a Europa, Estados Unidos y Asia; asimismo, reconocieron la calidad de la fuerza laboral de esta entidad y la seguridad que prevalece en territorio local.<\/span><\/p>\n<div id=\"viewer-3ptvw1371\" class=\"mm8Nw _1j-51 _1FoOD _78FBa public-DraftStyleDefault-block-depth0 fixed-tab-size public-DraftStyleDefault-text-ltr\"><span class=\"_2PHJq public-DraftStyleDefault-ltr\">\u00a0<\/span><\/div>\n<p id=\"viewer-9pooh1372\" class=\"mm8Nw _1j-51 _1FoOD _78FBa public-DraftStyleDefault-block-depth0 fixed-tab-size public-DraftStyleDefault-text-ltr\"><span class=\"_2PHJq public-DraftStyleDefault-ltr\">En el encuentro tambi\u00e9n estuvo presente el secretario de Desarrollo Econ\u00f3mico, Ciencia y Tecnolog\u00eda, Manuel Alejandro Gonz\u00e1lez Mart\u00ednez; as\u00ed como los ejecutivos de Mercedes Benz M\u00e9xico International, Francisco Gonz\u00e1lez Zamudio, general counsel; y Andrea Palomera Vieyra, external affairs.<\/span><\/p>\n<\/div>\n<\/div>\n<\/div>\n<\/div>\n<\/div>\n<\/div>\n<\/div>\n","protected":false},"excerpt":{"rendered":"<p>#informativoelvalledeaguascalientes #novaradioaguascalientes #ElGiganteDeMexico &nbsp; En atenci\u00f3n a la visita que la gobernadora, Tere Jim\u00e9nez, realiz\u00f3 a Alemania antes de asumir su cargo, directivos de la empresa Mercedes Benz le hicieron una visita de cortes\u00eda para felicitarla por su nueva encomienda y agradecer el apoyo que ha brindado a su planta de Aguascalientes. \u00a0 En ese [&hellip;]<\/p>\n","protected":false},"author":1,"featured_media":38566,"comment_status":"closed","ping_status":"open","sticky":false,"template":"","format":"standard","meta":{"advanced_seo_description":"","jetpack_seo_html_title":"","jetpack_seo_noindex":false,"_jetpack_memberships_contains_paid_content":false,"footnotes":"","jetpack_publicize_message":"","jetpack_publicize_feature_enabled":true,"jetpack_social_post_already_shared":true,"jetpack_social_options":{"image_generator_settings":{"template":"highway","default_image_id":0,"font":"","enabled":false},"version":2}},"categories":[21,4],"tags":[22,161,610],"class_list":["post-38565","post","type-post","status-publish","format-standard","has-post-thumbnail","hentry","category-aguascalientes","category-gobierno-del-estado-aguascalientes","tag-aguascalientes","tag-gobierno-del-estado-aguascalientes","tag-sedecyt"],"jetpack_publicize_connections":[],"jetpack_featured_media_url":"https:\/\/i0.wp.com\/informativoelvalledeaguascalientes.online\/wp-content\/uploads\/2022\/12\/gob-edo-mercedes-enz.webp?fit=980%2C382&ssl=1","jetpack-related-posts":[],"jetpack_sharing_enabled":true,"jetpack_likes_enabled":true,"_links":{"self":[{"href":"https:\/\/informativoelvalledeaguascalientes.online\/index.php?rest_route=\/wp\/v2\/posts\/38565","targetHints":{"allow":["GET"]}}],"collection":[{"href":"https:\/\/informativoelvalledeaguascalientes.online\/index.php?rest_route=\/wp\/v2\/posts"}],"about":[{"href":"https:\/\/informativoelvalledeaguascalientes.online\/index.php?rest_route=\/wp\/v2\/types\/post"}],"author":[{"embeddable":true,"href":"https:\/\/informativoelvalledeaguascalientes.online\/index.php?rest_route=\/wp\/v2\/users\/1"}],"replies":[{"embeddable":true,"href":"https:\/\/informativoelvalledeaguascalientes.online\/index.php?rest_route=%2Fwp%2Fv2%2Fcomments&post=38565"}],"version-history":[{"count":1,"href":"https:\/\/informativoelvalledeaguascalientes.online\/index.php?rest_route=\/wp\/v2\/posts\/38565\/revisions"}],"predecessor-version":[{"id":38567,"href":"https:\/\/informativoelvalledeaguascalientes.online\/index.php?rest_route=\/wp\/v2\/posts\/38565\/revisions\/38567"}],"wp:featuredmedia":[{"embeddable":true,"href":"https:\/\/informativoelvalledeaguascalientes.online\/index.php?rest_route=\/wp\/v2\/media\/38566"}],"wp:attachment":[{"href":"https:\/\/informativoelvalledeaguascalientes.online\/index.php?rest_route=%2Fwp%2Fv2%2Fmedia&parent=38565"}],"wp:term":[{"taxonomy":"category","embeddable":true,"href":"https:\/\/informativoelvalledeaguascalientes.online\/index.php?rest_route=%2Fwp%2Fv2%2Fcategories&post=38565"},{"taxonomy":"post_tag","embeddable":true,"href":"https:\/\/informativoelvalledeaguascalientes.online\/index.php?rest_route=%2Fwp%2Fv2%2Ftags&post=38565"}],"curies":[{"name":"wp","href":"https:\/\/api.w.org\/{rel}","templated":true}]}}