{"id":38562,"date":"2022-12-09T00:30:25","date_gmt":"2022-12-09T06:30:25","guid":{"rendered":"https:\/\/informativoelvalledeaguascalientes.online\/?p=38562"},"modified":"2022-12-09T00:30:25","modified_gmt":"2022-12-09T06:30:25","slug":"los-aguascalentenses-ya-eligieron-los-7-tesoros-de-su-patrimonio-cultural","status":"publish","type":"post","link":"https:\/\/informativoelvalledeaguascalientes.online\/?p=38562","title":{"rendered":"LOS AGUASCALENTENSES YA ELIGIERON LOS 7 TESOROS DE SU PATRIMONIO CULTURAL"},"content":{"rendered":"<p><strong><a href=\"https:\/\/www.facebook.com\/hashtag\/informativoelvalledeaguascalientes\">#informativoelvalledeaguascalientes<\/a><\/strong><\/p>\n<p><strong><a href=\"https:\/\/www.facebook.com\/hashtag\/novaradioaguascalientes\">#novaradioaguascalientes<\/a><\/strong><\/p>\n<p><strong><a href=\"https:\/\/www.facebook.com\/GobiernodeAguascalientes\">#ElGiganteDeMexico<\/a><\/strong><\/p>\n<p>&nbsp;<\/p>\n<ul class=\"public-DraftStyleDefault-ul\">\n<li id=\"viewer-foo\" class=\"_3Kjjs _78FBa public-DraftStyleDefault-unorderedListItem public-DraftStyleDefault-depth0 public-DraftStyleDefault-list-ltr fixed-tab-size public-DraftStyleDefault-reset _1FoOD _78FBa\">\n<p class=\"_1j-51 _1FoOD _78FBa undefined\"><strong><em>Con 34,016 votos, los hidroc\u00e1lidos votaron para elegir los lugares m\u00e1s representativos de Aguascalientes<\/em><\/strong><\/p>\n<\/li>\n<li id=\"viewer-9hv5s5497\" class=\"_3Kjjs _78FBa public-DraftStyleDefault-unorderedListItem public-DraftStyleDefault-depth0 public-DraftStyleDefault-list-ltr fixed-tab-size _1FoOD _78FBa\">\n<p class=\"_1j-51 _1FoOD _78FBa undefined\"><strong><em>Al ser elegido como la Capital Americana de la Cultura 2023, el estado y sus tesoros podr\u00e1n ser promocionados con mayor fuerza en todo el mundo\u00a0<\/em><\/strong><\/p>\n<\/li>\n<li id=\"viewer-n222t5500\" class=\"_3Kjjs _78FBa public-DraftStyleDefault-unorderedListItem public-DraftStyleDefault-depth0 public-DraftStyleDefault-list-ltr fixed-tab-size _1FoOD _78FBa\">\n<p class=\"_1j-51 _1FoOD _78FBa undefined\"><strong><em>Con los tesoros patrimoniales, Aguascalientes se suma a una selecta lista de capitales culturales en el mundo, con lo que aumenta su reputaci\u00f3n como un destino internacional de alto valor cultural<\/em><\/strong><\/p>\n<\/li>\n<\/ul>\n<div id=\"viewer-s0jjl5502\" class=\"mm8Nw _1j-51 _1FoOD _78FBa public-DraftStyleDefault-block-depth0 fixed-tab-size public-DraftStyleDefault-text-ltr\"><span class=\"_2PHJq public-DraftStyleDefault-ltr\">\u00a0<\/span><\/div>\n<p id=\"viewer-u3ads5503\" class=\"mm8Nw _1j-51 _1FoOD _78FBa public-DraftStyleDefault-block-depth0 fixed-tab-size public-DraftStyleDefault-text-ltr\"><span class=\"_2PHJq public-DraftStyleDefault-ltr\">Desde el inicio de su gesti\u00f3n, la gobernadora, Tere Jim\u00e9nez, ha trabajado fuertemente por posicionar a Aguascalientes como \u201cEl gigante de M\u00e9xico\u201d, lo cual se vio reflejado con el reci\u00e9n nombramiento del estado como la Capital Americana de la Cultura 2023.\u00a0<\/span><\/p>\n<p id=\"viewer-iuy7r5505\" class=\"mm8Nw _1j-51 _1FoOD _78FBa public-DraftStyleDefault-block-depth0 fixed-tab-size public-DraftStyleDefault-text-ltr\"><span class=\"_2PHJq public-DraftStyleDefault-ltr\">\u00a0<\/span><\/p>\n<p id=\"viewer-6y91s5507\" class=\"mm8Nw _1j-51 _1FoOD _78FBa public-DraftStyleDefault-block-depth0 fixed-tab-size public-DraftStyleDefault-text-ltr\"><span class=\"_2PHJq public-DraftStyleDefault-ltr\">A partir de ese reconocimiento, el Bureau Internacional de Capitales Culturales y el Gobierno del Estado, de la mano de la Secretar\u00eda de Turismo (Sectur) y del Instituto Cultural de Aguascalientes (ICA), iniciaron el proceso para seleccionar siete tesoros que representen el patrimonio cultural del estado, su fuerza, su gente c\u00e1lida, sus bellezas arquitect\u00f3nicas y tradiciones, por lo que se determin\u00f3 que los ciudadanos emitieran su voto para elegirlos.<\/span><\/p>\n<p id=\"viewer-4lj955509\" class=\"mm8Nw _1j-51 _1FoOD _78FBa public-DraftStyleDefault-block-depth0 fixed-tab-size public-DraftStyleDefault-text-ltr\"><span class=\"_2PHJq public-DraftStyleDefault-ltr\">\u00a0<\/span><\/p>\n<p id=\"viewer-mw0qr5511\" class=\"mm8Nw _1j-51 _1FoOD _78FBa public-DraftStyleDefault-block-depth0 fixed-tab-size public-DraftStyleDefault-text-ltr\"><span class=\"_2PHJq public-DraftStyleDefault-ltr\">En total fueron recibidos 34,016 votos que se dividieron entre los 34 postulados, por lo que Xavier Tudela, presidente del Bureau, consider\u00f3 como todo un \u00e9xito este ejercicio debido a la alta participaci\u00f3n ciudadana, lo cual har\u00e1 que las tradiciones y lugares de Aguascalientes sean reconocidos a nivel mundial.<\/span><\/p>\n<div id=\"viewer-v6o365513\" class=\"mm8Nw _1j-51 _1FoOD _78FBa public-DraftStyleDefault-block-depth0 fixed-tab-size public-DraftStyleDefault-text-ltr\"><span class=\"_2PHJq public-DraftStyleDefault-ltr\">\u00a0<\/span><\/div>\n<p id=\"viewer-5s2gy5514\" class=\"mm8Nw _1j-51 _1FoOD _78FBa public-DraftStyleDefault-block-depth0 fixed-tab-size public-DraftStyleDefault-text-ltr\"><span class=\"_2PHJq public-DraftStyleDefault-ltr\">Con los tesoros patrimoniales, Aguascalientes se suma a una selecta lista de capitales culturales en el mundo, as\u00ed aumenta su reputaci\u00f3n como un destino internacional de alto valor cultural. Cabe mencionar que en enero de 2023 el Bureau Internacional de Capitales Culturales reconocer\u00e1 a los \u201c7 Tesoros de Aguascalientes\u201d.\u00a0<\/span><\/p>\n<div id=\"viewer-to3xm5516\" class=\"mm8Nw _1j-51 _1FoOD _78FBa public-DraftStyleDefault-block-depth0 fixed-tab-size public-DraftStyleDefault-text-ltr\"><span class=\"_2PHJq public-DraftStyleDefault-ltr\">\u00a0<\/span><\/div>\n<p id=\"viewer-2viru5517\" class=\"mm8Nw _1j-51 _1FoOD _78FBa public-DraftStyleDefault-block-depth0 fixed-tab-size public-DraftStyleDefault-text-ltr\"><span class=\"_2PHJq public-DraftStyleDefault-ltr\">Los siete tesoros ganadores son:<\/span><\/p>\n<ul class=\"public-DraftStyleDefault-ul\">\n<li id=\"viewer-rt9977638\" class=\"_3Kjjs _78FBa public-DraftStyleDefault-unorderedListItem public-DraftStyleDefault-depth0 public-DraftStyleDefault-list-ltr fixed-tab-size public-DraftStyleDefault-reset _1FoOD _78FBa\">\n<p class=\"_1j-51 _1FoOD _78FBa undefined\">Ba\u00f1os Termales de Ojocaliente<\/p>\n<\/li>\n<li id=\"viewer-06kl55521\" class=\"_3Kjjs _78FBa public-DraftStyleDefault-unorderedListItem public-DraftStyleDefault-depth0 public-DraftStyleDefault-list-ltr fixed-tab-size _1FoOD _78FBa\">\n<p class=\"_1j-51 _1FoOD _78FBa undefined\">El Complejo Tres Centurias<\/p>\n<\/li>\n<li id=\"viewer-lsr0r5523\" class=\"_3Kjjs _78FBa public-DraftStyleDefault-unorderedListItem public-DraftStyleDefault-depth0 public-DraftStyleDefault-list-ltr fixed-tab-size _1FoOD _78FBa\">\n<p class=\"_1j-51 _1FoOD _78FBa undefined\">Edificios Hist\u00f3ricos (Palacio de Gobierno, Centro Cultural los Arquitos, Templo de San Antonio)<\/p>\n<\/li>\n<li id=\"viewer-296vd5525\" class=\"_3Kjjs _78FBa public-DraftStyleDefault-unorderedListItem public-DraftStyleDefault-depth0 public-DraftStyleDefault-list-ltr fixed-tab-size _1FoOD _78FBa\">\n<p class=\"_1j-51 _1FoOD _78FBa undefined\">Feria Nacional de San Marcos<\/p>\n<\/li>\n<li id=\"viewer-uxa005527\" class=\"_3Kjjs _78FBa public-DraftStyleDefault-unorderedListItem public-DraftStyleDefault-depth0 public-DraftStyleDefault-list-ltr fixed-tab-size _1FoOD _78FBa\">\n<p class=\"_1j-51 _1FoOD _78FBa undefined\">El Jard\u00edn de San Marcos<\/p>\n<\/li>\n<li id=\"viewer-w03rh5529\" class=\"_3Kjjs _78FBa public-DraftStyleDefault-unorderedListItem public-DraftStyleDefault-depth0 public-DraftStyleDefault-list-ltr fixed-tab-size _1FoOD _78FBa\">\n<p class=\"_1j-51 _1FoOD _78FBa undefined\">La Catrina Garbancera<\/p>\n<\/li>\n<li id=\"viewer-qtysg5531\" class=\"_3Kjjs _78FBa public-DraftStyleDefault-unorderedListItem public-DraftStyleDefault-depth0 public-DraftStyleDefault-list-ltr fixed-tab-size _1FoOD _78FBa\">\n<p class=\"_1j-51 _1FoOD _78FBa undefined\">Los Pueblos M\u00e1gicos<\/p>\n<\/li>\n<\/ul>\n<p>&nbsp;<\/p>\n","protected":false},"excerpt":{"rendered":"<p>#informativoelvalledeaguascalientes #novaradioaguascalientes #ElGiganteDeMexico &nbsp; Con 34,016 votos, los hidroc\u00e1lidos votaron para elegir los lugares m\u00e1s representativos de Aguascalientes Al ser elegido como la Capital Americana de la Cultura 2023, el estado y sus tesoros podr\u00e1n ser promocionados con mayor fuerza en todo el mundo\u00a0 Con los tesoros patrimoniales, Aguascalientes se suma a una selecta lista [&hellip;]<\/p>\n","protected":false},"author":1,"featured_media":38563,"comment_status":"closed","ping_status":"open","sticky":false,"template":"","format":"standard","meta":{"advanced_seo_description":"","jetpack_seo_html_title":"","jetpack_seo_noindex":false,"_jetpack_memberships_contains_paid_content":false,"footnotes":"","jetpack_publicize_message":"","jetpack_publicize_feature_enabled":true,"jetpack_social_post_already_shared":true,"jetpack_social_options":{"image_generator_settings":{"template":"highway","default_image_id":0,"font":"","enabled":false},"version":2}},"categories":[21,4],"tags":[22,161,34],"class_list":["post-38562","post","type-post","status-publish","format-standard","has-post-thumbnail","hentry","category-aguascalientes","category-gobierno-del-estado-aguascalientes","tag-aguascalientes","tag-gobierno-del-estado-aguascalientes","tag-sectur"],"jetpack_publicize_connections":[],"jetpack_featured_media_url":"https:\/\/i0.wp.com\/informativoelvalledeaguascalientes.online\/wp-content\/uploads\/2022\/12\/catrina-maravillas.webp?fit=678%2C452&ssl=1","jetpack-related-posts":[],"jetpack_sharing_enabled":true,"jetpack_likes_enabled":true,"_links":{"self":[{"href":"https:\/\/informativoelvalledeaguascalientes.online\/index.php?rest_route=\/wp\/v2\/posts\/38562","targetHints":{"allow":["GET"]}}],"collection":[{"href":"https:\/\/informativoelvalledeaguascalientes.online\/index.php?rest_route=\/wp\/v2\/posts"}],"about":[{"href":"https:\/\/informativoelvalledeaguascalientes.online\/index.php?rest_route=\/wp\/v2\/types\/post"}],"author":[{"embeddable":true,"href":"https:\/\/informativoelvalledeaguascalientes.online\/index.php?rest_route=\/wp\/v2\/users\/1"}],"replies":[{"embeddable":true,"href":"https:\/\/informativoelvalledeaguascalientes.online\/index.php?rest_route=%2Fwp%2Fv2%2Fcomments&post=38562"}],"version-history":[{"count":1,"href":"https:\/\/informativoelvalledeaguascalientes.online\/index.php?rest_route=\/wp\/v2\/posts\/38562\/revisions"}],"predecessor-version":[{"id":38564,"href":"https:\/\/informativoelvalledeaguascalientes.online\/index.php?rest_route=\/wp\/v2\/posts\/38562\/revisions\/38564"}],"wp:featuredmedia":[{"embeddable":true,"href":"https:\/\/informativoelvalledeaguascalientes.online\/index.php?rest_route=\/wp\/v2\/media\/38563"}],"wp:attachment":[{"href":"https:\/\/informativoelvalledeaguascalientes.online\/index.php?rest_route=%2Fwp%2Fv2%2Fmedia&parent=38562"}],"wp:term":[{"taxonomy":"category","embeddable":true,"href":"https:\/\/informativoelvalledeaguascalientes.online\/index.php?rest_route=%2Fwp%2Fv2%2Fcategories&post=38562"},{"taxonomy":"post_tag","embeddable":true,"href":"https:\/\/informativoelvalledeaguascalientes.online\/index.php?rest_route=%2Fwp%2Fv2%2Ftags&post=38562"}],"curies":[{"name":"wp","href":"https:\/\/api.w.org\/{rel}","templated":true}]}}