{"id":38553,"date":"2022-12-08T23:58:58","date_gmt":"2022-12-09T05:58:58","guid":{"rendered":"https:\/\/informativoelvalledeaguascalientes.online\/?p=38553"},"modified":"2022-12-08T23:58:58","modified_gmt":"2022-12-09T05:58:58","slug":"formalizan-municipalizacion-de-14-desarrollos-inmobiliarios-en-la-ciudad-de-aguascalientes","status":"publish","type":"post","link":"https:\/\/informativoelvalledeaguascalientes.online\/?p=38553","title":{"rendered":"FORMALIZAN MUNICIPALIZACI\u00d3N DE 14 DESARROLLOS INMOBILIARIOS EN LA CIUDAD DE AGUASCALIENTES"},"content":{"rendered":"<p><strong><a href=\"https:\/\/www.facebook.com\/hashtag\/informativoelvalledeaguascalientes\">#informativoelvalledeaguascalientes<\/a><\/strong><\/p>\n<p><strong><a href=\"https:\/\/www.facebook.com\/hashtag\/novaradioaguascalientes\">#novaradioaguascalientes<\/a><\/strong><\/p>\n<p><strong><a class=\"x1i10hfl xjbqb8w x6umtig x1b1mbwd xaqea5y xav7gou x9f619 x1ypdohk xt0psk2 xe8uvvx xdj266r x11i5rnm xat24cr x1mh8g0r xexx8yu x4uap5 x18d9i69 xkhd6sd x16tdsg8 x1hl2dhg xggy1nq x1a2a7pz xt0b8zv x1qq9wsj xo1l8bm\" tabindex=\"0\" role=\"link\" href=\"https:\/\/www.facebook.com\/hashtag\/laciudaddetuvida?__eep__=6&amp;__cft__[0]=AZVUzG-uzEgkHBxlWi4clX4-qXx_nfGicugdShvx3oYxvDeUIl1My5bfFXiXTmVU7O9FCNwHdVuQiVqIjO99-u7dxeUq1S3CqcB1PNpBXLQtm-Q1JLiRFFX8c4SEMe3VqRRgSs9kS8-Ajp6HnW6ebLd3GeB3j-SCsEGrTUVXz1WdbDeQs8bs0Dry33nLaV6fVU4&amp;__tn__=*NK-R\">#LaCiudadDeTuVida<\/a><\/strong><\/p>\n<p>&nbsp;<\/p>\n<ul>\n<li><strong>Reafirma Leonardo Monta\u00f1ez el compromiso de impulsar el desarrollo urbano ordenado y equitativo con servicios p\u00fablicos de calidad<\/strong><\/li>\n<\/ul>\n<p><strong>\u00a0<\/strong>Este 8 de diciembre, el presidente municipal,\u00a0<strong>Leonardo Monta\u00f1ez<\/strong>, firm\u00f3 las actas de municipalizaci\u00f3n de los fraccionamientos: Ambros\u00eda, etapas I y II; San Francisco de los Arteaga, Vistas del Valle, etapa I, Villa Fontana, \u00a0Olinda, etapa III y los condominios: Flor de Noche Buena 85, Flor de Noche Buena 87, Jos\u00e9 Mar\u00eda Escriv\u00e1 de Balaguer 128, Cluster 10, Belieu, Hacienda San Marcos, etapa II, Abad\u00eda, etapa I y Xaram\u00e1, etapa I; en este sentido, renov\u00f3 el compromiso de continuar impulsando el desarrollo urbano ordenado y equitativo para beneficiar a los habitantes con servicios p\u00fablicos eficientes.<\/p>\n<p>Leonardo Monta\u00f1ez, dijo que el Municipio seguir\u00e1 trabajando en coordinaci\u00f3n con el Gobierno del Estado, el Ayuntamiento y la C\u00e1mara Nacional de la Industria y Promoci\u00f3n de Vivienda (Canadevi), para optimizar los procesos de recepci\u00f3n y municipalizaci\u00f3n de los nuevos desarrollos inmobiliarios y brindar a las familias mayor calidad de vida, con mejores vialidades, servicios de agua, alcantarillado, alumbrado y seguridad, adem\u00e1s de espacios funcionales para la pr\u00e1ctica de actividades deportivas, sano esparcimiento y convivencia.<\/p>\n<p><strong>Jaime Gallo Camacho<\/strong>, secretario de Desarrollo Urbano del Municipio de Aguascalientes, enfatiz\u00f3 que en la presente administraci\u00f3n se ha logrado\u00a0 municipalizar 22 desarrollos, gracias al esfuerzo conjunto entre los gobiernos federal, estatal y municipal, as\u00ed como con la Canadevi.<\/p>\n<p>Cabe destacar que estos 14 desarrollos inmobiliarios representan m\u00e1s de 230 mil metros cuadrados de vialidades pavimentadas, con alumbrado, agua, m\u00e1s \u00e1rboles y se reciben 5 hect\u00e1reas y media en \u00e1reas de donaci\u00f3n para espacios verdes y de esparcimiento, todo en beneficio de las familias que habitar\u00e1n m\u00e1s de tres mil viviendas.<\/p>\n<p>El regidor presidente de la Comisi\u00f3n de Planeaci\u00f3n Urbana, Rural y Asuntos Internacionales,\u00a0<strong>Edgar Due\u00f1as Mac\u00edas<\/strong>, destac\u00f3 que este es el segundo evento de municipalizaci\u00f3n en la actual administraci\u00f3n y los trabajos que se han impulsado en favor del crecimiento ordenado y el proyecto de edificaci\u00f3n vertical para una mejor ciudad.<\/p>\n<p>Al respecto, el presidente de la CANADEVI en Aguascalientes,\u00a0<strong>Juan Carlos Rodr\u00edguez Garc\u00eda,\u00a0<\/strong>dijo que esta formalizaci\u00f3n representa un gran paso en la construcci\u00f3n de una mejor ciudad, para que sus habitantes cuenten con mayor certeza patrimonial y jur\u00eddica, respaldada por el trabajo de peritos, supervisores y dependencias estatales y municipales, mismo que cuenta con el respaldo de los desarrolladores.<\/p>\n<p><strong>Martha Aguilera Riestra<\/strong>, en representaci\u00f3n de los desarrolladores, mencion\u00f3 que trabajando de la mano se facilitan los procesos y se alcanzan mejores objetivos de mejora continua para lograr buenos servicios de recolecci\u00f3n, limpieza y mantenimiento, que impulsen una mejor calidad de vida de la poblaci\u00f3n.<\/p>\n<p>Se cont\u00f3 con la presencia en este evento, efectuado en el segundo patio de Palacio Municipal, del diputado\u00a0<strong>Maximiliano Ram\u00edrez Hern\u00e1ndez<\/strong>, presidente de la Comisi\u00f3n de\u00a0\u00a0 Planeaci\u00f3n, Desarrollo Urbano y Obras P\u00fablicas del Congreso del Estado;\u00a0<strong>Hugo Rub\u00e9n Hern\u00e1ndez Puentes<\/strong>, en representaci\u00f3n del secretario de Planeaci\u00f3n de Gobierno del Estado,\u00a0<strong>Guillermo de la Torre Sifuentes;\u00a0<\/strong>los regidores<strong>\u00a0Guillermo Alaniz de Le\u00f3n<\/strong>\u00a0y\u00a0<strong>Mar\u00eda Dolores Verd\u00edn Almanza<\/strong>, la s\u00edndico de Hacienda,\u00a0<strong>Martha Gonz\u00e1lez Estrada<\/strong>,\u00a0<strong>Jaime Beltr\u00e1n Mart\u00ednez<\/strong>, secretario del H. Ayuntamiento y director general de Gobierno;\u00a0<strong>Sergio Lozano Gonz\u00e1lez<\/strong>, secretario de Finanzas,\u00a0<strong>Carlos Espa\u00f1a Mart\u00ednez<\/strong>, secretario de Servicios P\u00fablicos;\u00a0<strong>Miguel \u00c1ngel Hu\u00edzar Botello<\/strong>, secretario de Obras P\u00fablicas;\u00a0<strong>Antonio Mart\u00ednez Romo<\/strong>, secretario de Seguridad P\u00fablica;, as\u00ed como directores de dependencias municipales, propietarios, representantes y peritos de los nuevos desarrollos inmobiliarios municipalizados.<\/p>\n","protected":false},"excerpt":{"rendered":"<p>#informativoelvalledeaguascalientes #novaradioaguascalientes #LaCiudadDeTuVida &nbsp; Reafirma Leonardo Monta\u00f1ez el compromiso de impulsar el desarrollo urbano ordenado y equitativo con servicios p\u00fablicos de calidad \u00a0Este 8 de diciembre, el presidente municipal,\u00a0Leonardo Monta\u00f1ez, firm\u00f3 las actas de municipalizaci\u00f3n de los fraccionamientos: Ambros\u00eda, etapas I y II; San Francisco de los Arteaga, Vistas del Valle, etapa I, Villa Fontana, [&hellip;]<\/p>\n","protected":false},"author":1,"featured_media":38554,"comment_status":"closed","ping_status":"open","sticky":false,"template":"","format":"standard","meta":{"advanced_seo_description":"","jetpack_seo_html_title":"","jetpack_seo_noindex":false,"_jetpack_memberships_contains_paid_content":false,"footnotes":"","jetpack_publicize_message":"","jetpack_publicize_feature_enabled":true,"jetpack_social_post_already_shared":true,"jetpack_social_options":{"image_generator_settings":{"template":"highway","default_image_id":0,"font":"","enabled":false},"version":2}},"categories":[21,3],"tags":[22,25],"class_list":["post-38553","post","type-post","status-publish","format-standard","has-post-thumbnail","hentry","category-aguascalientes","category-municipio-aguascalientes","tag-aguascalientes","tag-mpio-aguascalientes"],"jetpack_publicize_connections":[],"jetpack_featured_media_url":"https:\/\/i0.wp.com\/informativoelvalledeaguascalientes.online\/wp-content\/uploads\/2022\/12\/mpio-ags-des-urbano.jpg?fit=1024%2C683&ssl=1","jetpack-related-posts":[],"jetpack_sharing_enabled":true,"jetpack_likes_enabled":true,"_links":{"self":[{"href":"https:\/\/informativoelvalledeaguascalientes.online\/index.php?rest_route=\/wp\/v2\/posts\/38553","targetHints":{"allow":["GET"]}}],"collection":[{"href":"https:\/\/informativoelvalledeaguascalientes.online\/index.php?rest_route=\/wp\/v2\/posts"}],"about":[{"href":"https:\/\/informativoelvalledeaguascalientes.online\/index.php?rest_route=\/wp\/v2\/types\/post"}],"author":[{"embeddable":true,"href":"https:\/\/informativoelvalledeaguascalientes.online\/index.php?rest_route=\/wp\/v2\/users\/1"}],"replies":[{"embeddable":true,"href":"https:\/\/informativoelvalledeaguascalientes.online\/index.php?rest_route=%2Fwp%2Fv2%2Fcomments&post=38553"}],"version-history":[{"count":1,"href":"https:\/\/informativoelvalledeaguascalientes.online\/index.php?rest_route=\/wp\/v2\/posts\/38553\/revisions"}],"predecessor-version":[{"id":38555,"href":"https:\/\/informativoelvalledeaguascalientes.online\/index.php?rest_route=\/wp\/v2\/posts\/38553\/revisions\/38555"}],"wp:featuredmedia":[{"embeddable":true,"href":"https:\/\/informativoelvalledeaguascalientes.online\/index.php?rest_route=\/wp\/v2\/media\/38554"}],"wp:attachment":[{"href":"https:\/\/informativoelvalledeaguascalientes.online\/index.php?rest_route=%2Fwp%2Fv2%2Fmedia&parent=38553"}],"wp:term":[{"taxonomy":"category","embeddable":true,"href":"https:\/\/informativoelvalledeaguascalientes.online\/index.php?rest_route=%2Fwp%2Fv2%2Fcategories&post=38553"},{"taxonomy":"post_tag","embeddable":true,"href":"https:\/\/informativoelvalledeaguascalientes.online\/index.php?rest_route=%2Fwp%2Fv2%2Ftags&post=38553"}],"curies":[{"name":"wp","href":"https:\/\/api.w.org\/{rel}","templated":true}]}}