{"id":38535,"date":"2022-12-08T23:28:54","date_gmt":"2022-12-09T05:28:54","guid":{"rendered":"https:\/\/informativoelvalledeaguascalientes.online\/?p=38535"},"modified":"2022-12-08T23:28:54","modified_gmt":"2022-12-09T05:28:54","slug":"invita-municipio-ags-al-encendido-de-luces-navidenas-el-proximo-domingo-en-el-centro-historico-de-la-ciudad","status":"publish","type":"post","link":"https:\/\/informativoelvalledeaguascalientes.online\/?p=38535","title":{"rendered":"INVITA MUNICIPIO AGS. AL ENCENDIDO DE LUCES NAVIDE\u00d1AS EL PR\u00d3XIMO DOMINGO EN EL CENTRO HIST\u00d3RICO DE LA CIUDAD"},"content":{"rendered":"<p><strong><a href=\"https:\/\/www.facebook.com\/hashtag\/informativoelvalledeaguascalientes\">#informativoelvalledeaguascalientes<\/a><\/strong><\/p>\n<p><strong><a href=\"https:\/\/www.facebook.com\/hashtag\/novaradioaguascalientes\">#novaradioaguascalientes<\/a><\/strong><\/p>\n<p><strong><a class=\"x1i10hfl xjbqb8w x6umtig x1b1mbwd xaqea5y xav7gou x9f619 x1ypdohk xt0psk2 xe8uvvx xdj266r x11i5rnm xat24cr x1mh8g0r xexx8yu x4uap5 x18d9i69 xkhd6sd x16tdsg8 x1hl2dhg xggy1nq x1a2a7pz xt0b8zv x1qq9wsj xo1l8bm\" tabindex=\"0\" role=\"link\" href=\"https:\/\/www.facebook.com\/hashtag\/laciudaddetuvida?__eep__=6&amp;__cft__[0]=AZVUzG-uzEgkHBxlWi4clX4-qXx_nfGicugdShvx3oYxvDeUIl1My5bfFXiXTmVU7O9FCNwHdVuQiVqIjO99-u7dxeUq1S3CqcB1PNpBXLQtm-Q1JLiRFFX8c4SEMe3VqRRgSs9kS8-Ajp6HnW6ebLd3GeB3j-SCsEGrTUVXz1WdbDeQs8bs0Dry33nLaV6fVU4&amp;__tn__=*NK-R\">#LaCiudadDeTuVida<\/a><\/strong><\/p>\n<p>&nbsp;<\/p>\n<ul>\n<li><strong><em>Habr\u00e1 sorpresas para chicos y grandes a partir de las 18:30 horas en c\u00e9ntricas calles y en la Plaza de la Patria<\/em><\/strong><\/li>\n<\/ul>\n<p>&nbsp;<\/p>\n<p>El pr\u00f3ximo domingo 11 de diciembre, a partir de las 18:30 horas, se llevar\u00e1 a cabo un espectacular festival de encendido de luces y adornos que la Presidencia Municipal instalar\u00e1 en calles, plazas y jardines del centro hist\u00f3rico de la ciudad, con el prop\u00f3sito de celebrar en familia las tradiciones de la Navidad.<\/p>\n<p>&nbsp;<\/p>\n<p>El secretario de Servicios P\u00fablicos Municipales, Carlos Espa\u00f1a Mart\u00ednez, inform\u00f3 que ser\u00e1 en la esquina de las calles Zaragoza y Francisco I. Madero donde iniciar\u00e1 la celebraci\u00f3n a partir de las 18:30 horas, para encender las luces de esa arteria y caminar rumbo a la Plaza de la Patria acompa\u00f1ados por botargas de Walt Disney, por lo que hizo extensiva la invitaci\u00f3n a todas las familias de Aguascalientes y visitantes de otras entidades del pa\u00eds.<\/p>\n<p>&nbsp;<\/p>\n<p>Mencion\u00f3 que adem\u00e1s del monumental \u00e1rbol de Navidad, el tradicional nacimiento, paneles luminosos en las fachadas de la Presidencia Municipal y Palacio de Gobierno, habr\u00e1 grandes atractivos como un t\u00fanel de luces y m\u00e1quinas de nieve artificial, entre otros.<\/p>\n<p>&nbsp;<\/p>\n<p>Reiter\u00f3 que, en el primer patio de Palacio Municipal, ya se ha instalado pinos decorados con cientos de nochebuenas, arreglado de tal forma que pueda utilizarse como un set fotogr\u00e1fico para la postal familiar o de amigos.<\/p>\n<p>&nbsp;<\/p>\n<p>Por \u00faltimo, destac\u00f3 que estas acciones de unidad y convivencia ciudadana, benefician tambi\u00e9n al comercio local, ya que al incrementar la afluencia de visitantes al centro de la ciudad se reactivan las ventas en negocios fijos y semifijos.<\/p>\n","protected":false},"excerpt":{"rendered":"<p>#informativoelvalledeaguascalientes #novaradioaguascalientes #LaCiudadDeTuVida &nbsp; Habr\u00e1 sorpresas para chicos y grandes a partir de las 18:30 horas en c\u00e9ntricas calles y en la Plaza de la Patria &nbsp; El pr\u00f3ximo domingo 11 de diciembre, a partir de las 18:30 horas, se llevar\u00e1 a cabo un espectacular festival de encendido de luces y adornos que la Presidencia [&hellip;]<\/p>\n","protected":false},"author":1,"featured_media":38536,"comment_status":"closed","ping_status":"open","sticky":false,"template":"","format":"standard","meta":{"advanced_seo_description":"","jetpack_seo_html_title":"","jetpack_seo_noindex":false,"_jetpack_memberships_contains_paid_content":false,"footnotes":"","jetpack_publicize_message":"","jetpack_publicize_feature_enabled":true,"jetpack_social_post_already_shared":true,"jetpack_social_options":{"image_generator_settings":{"template":"highway","default_image_id":0,"font":"","enabled":false},"version":2}},"categories":[21,3],"tags":[22,25],"class_list":["post-38535","post","type-post","status-publish","format-standard","has-post-thumbnail","hentry","category-aguascalientes","category-municipio-aguascalientes","tag-aguascalientes","tag-mpio-aguascalientes"],"jetpack_publicize_connections":[],"jetpack_featured_media_url":"https:\/\/i0.wp.com\/informativoelvalledeaguascalientes.online\/wp-content\/uploads\/2022\/12\/mpio-luces-navidad.jpg?fit=1024%2C683&ssl=1","jetpack-related-posts":[],"jetpack_sharing_enabled":true,"jetpack_likes_enabled":true,"_links":{"self":[{"href":"https:\/\/informativoelvalledeaguascalientes.online\/index.php?rest_route=\/wp\/v2\/posts\/38535","targetHints":{"allow":["GET"]}}],"collection":[{"href":"https:\/\/informativoelvalledeaguascalientes.online\/index.php?rest_route=\/wp\/v2\/posts"}],"about":[{"href":"https:\/\/informativoelvalledeaguascalientes.online\/index.php?rest_route=\/wp\/v2\/types\/post"}],"author":[{"embeddable":true,"href":"https:\/\/informativoelvalledeaguascalientes.online\/index.php?rest_route=\/wp\/v2\/users\/1"}],"replies":[{"embeddable":true,"href":"https:\/\/informativoelvalledeaguascalientes.online\/index.php?rest_route=%2Fwp%2Fv2%2Fcomments&post=38535"}],"version-history":[{"count":1,"href":"https:\/\/informativoelvalledeaguascalientes.online\/index.php?rest_route=\/wp\/v2\/posts\/38535\/revisions"}],"predecessor-version":[{"id":38537,"href":"https:\/\/informativoelvalledeaguascalientes.online\/index.php?rest_route=\/wp\/v2\/posts\/38535\/revisions\/38537"}],"wp:featuredmedia":[{"embeddable":true,"href":"https:\/\/informativoelvalledeaguascalientes.online\/index.php?rest_route=\/wp\/v2\/media\/38536"}],"wp:attachment":[{"href":"https:\/\/informativoelvalledeaguascalientes.online\/index.php?rest_route=%2Fwp%2Fv2%2Fmedia&parent=38535"}],"wp:term":[{"taxonomy":"category","embeddable":true,"href":"https:\/\/informativoelvalledeaguascalientes.online\/index.php?rest_route=%2Fwp%2Fv2%2Fcategories&post=38535"},{"taxonomy":"post_tag","embeddable":true,"href":"https:\/\/informativoelvalledeaguascalientes.online\/index.php?rest_route=%2Fwp%2Fv2%2Ftags&post=38535"}],"curies":[{"name":"wp","href":"https:\/\/api.w.org\/{rel}","templated":true}]}}