{"id":38529,"date":"2022-12-08T23:15:08","date_gmt":"2022-12-09T05:15:08","guid":{"rendered":"https:\/\/informativoelvalledeaguascalientes.online\/?p=38529"},"modified":"2022-12-08T23:15:08","modified_gmt":"2022-12-09T05:15:08","slug":"pri-defiende-la-democracia-con-voto-en-contra-de-la-reforma-electoral-de-morena","status":"publish","type":"post","link":"https:\/\/informativoelvalledeaguascalientes.online\/?p=38529","title":{"rendered":"PRI DEFIENDE LA DEMOCRACIA CON VOTO EN CONTRA DE LA REFORMA ELECTORAL DE MORENA"},"content":{"rendered":"<p><strong><a href=\"https:\/\/www.facebook.com\/hashtag\/informativoelvalledeaguascalientes\">#informativoelvalledeaguascalientes<\/a><\/strong><\/p>\n<p><strong><a href=\"https:\/\/www.facebook.com\/hashtag\/novaradioaguascalientes\">#novaradioaguascalientes<\/a><\/strong><\/p>\n<p>&nbsp;<\/p>\n<p>&nbsp;<\/p>\n<p>Diputados federales del tricolor cumplen con la ciudadan\u00eda que march\u00f3 en defensa del INE y de la democracia.<\/p>\n<p>&nbsp;<\/p>\n<p>Las diputadas y los diputados federales del PRI, encabezados por el dirigente nacional de este instituto pol\u00edtico, Alejandro Moreno y el coordinador Rub\u00e9n Moreira, votaron en contra del dictamen de la reforma electoral del gobierno de Morena y, con ello, dieron cumplimiento al compromiso que asumieron con la ciudadan\u00eda que march\u00f3 el pasado 13 de noviembre en defensa de la democracia y del Instituto Nacional Electoral (INE).<\/p>\n<p>La reforma fue desechada, al no alcanzar las dos terceras partes de los votos, ya que s\u00f3lo 269 legisladores votaron en pro y 225 en contra, m\u00e1s una abstenci\u00f3n.<\/p>\n<p>Al fijar postura en torno a la reforma electoral, durante la presentaci\u00f3n del dictamen, Alejandro Moreno, Presidente de la Comisi\u00f3n de Gobernaci\u00f3n y Poblaci\u00f3n de la C\u00e1mara de Diputados, hab\u00eda anunciado el voto en contra por parte del PRI, del PAN, PRD y MC, al asegurar que no se le cambi\u00f3 ni una coma, ni se modific\u00f3 ni una letra a la iniciativa del Ejecutivo.<\/p>\n<p>Al concretarse el rechazo de la reforma, el diputado federal y l\u00edder nacional del tricolor, ratific\u00f3 que, con su voto en contra, el PRI reafirma su compromiso permanente con la defensa de la democracia y de las instituciones.<\/p>\n<p>\u201cM\u00e9xico cuenta con el PRI\u201d, asegur\u00f3 el Presidente Alejandro Moreno, al informar que, cumpliendo con el compromiso que hizo con el pa\u00eds y con la democracia, vot\u00f3 en contra de la reforma electoral.<\/p>\n<p>&nbsp;<\/p>\n","protected":false},"excerpt":{"rendered":"<p>#informativoelvalledeaguascalientes #novaradioaguascalientes &nbsp; &nbsp; Diputados federales del tricolor cumplen con la ciudadan\u00eda que march\u00f3 en defensa del INE y de la democracia. &nbsp; Las diputadas y los diputados federales del PRI, encabezados por el dirigente nacional de este instituto pol\u00edtico, Alejandro Moreno y el coordinador Rub\u00e9n Moreira, votaron en contra del dictamen de la reforma [&hellip;]<\/p>\n","protected":false},"author":1,"featured_media":38530,"comment_status":"closed","ping_status":"open","sticky":false,"template":"","format":"standard","meta":{"advanced_seo_description":"","jetpack_seo_html_title":"","jetpack_seo_noindex":false,"_jetpack_memberships_contains_paid_content":false,"footnotes":"","jetpack_publicize_message":"","jetpack_publicize_feature_enabled":true,"jetpack_social_post_already_shared":true,"jetpack_social_options":{"image_generator_settings":{"template":"highway","default_image_id":0,"font":"","enabled":false},"version":2}},"categories":[21,19,9],"tags":[22,91],"class_list":["post-38529","post","type-post","status-publish","format-standard","has-post-thumbnail","hentry","category-aguascalientes","category-informacion-general","category-pri-aguascalientes","tag-aguascalientes","tag-pri-aguascalientes"],"jetpack_publicize_connections":[],"jetpack_featured_media_url":"https:\/\/i0.wp.com\/informativoelvalledeaguascalientes.online\/wp-content\/uploads\/2022\/12\/pri-nacional.jpg?fit=1280%2C854&ssl=1","jetpack-related-posts":[],"jetpack_sharing_enabled":true,"jetpack_likes_enabled":true,"_links":{"self":[{"href":"https:\/\/informativoelvalledeaguascalientes.online\/index.php?rest_route=\/wp\/v2\/posts\/38529","targetHints":{"allow":["GET"]}}],"collection":[{"href":"https:\/\/informativoelvalledeaguascalientes.online\/index.php?rest_route=\/wp\/v2\/posts"}],"about":[{"href":"https:\/\/informativoelvalledeaguascalientes.online\/index.php?rest_route=\/wp\/v2\/types\/post"}],"author":[{"embeddable":true,"href":"https:\/\/informativoelvalledeaguascalientes.online\/index.php?rest_route=\/wp\/v2\/users\/1"}],"replies":[{"embeddable":true,"href":"https:\/\/informativoelvalledeaguascalientes.online\/index.php?rest_route=%2Fwp%2Fv2%2Fcomments&post=38529"}],"version-history":[{"count":1,"href":"https:\/\/informativoelvalledeaguascalientes.online\/index.php?rest_route=\/wp\/v2\/posts\/38529\/revisions"}],"predecessor-version":[{"id":38531,"href":"https:\/\/informativoelvalledeaguascalientes.online\/index.php?rest_route=\/wp\/v2\/posts\/38529\/revisions\/38531"}],"wp:featuredmedia":[{"embeddable":true,"href":"https:\/\/informativoelvalledeaguascalientes.online\/index.php?rest_route=\/wp\/v2\/media\/38530"}],"wp:attachment":[{"href":"https:\/\/informativoelvalledeaguascalientes.online\/index.php?rest_route=%2Fwp%2Fv2%2Fmedia&parent=38529"}],"wp:term":[{"taxonomy":"category","embeddable":true,"href":"https:\/\/informativoelvalledeaguascalientes.online\/index.php?rest_route=%2Fwp%2Fv2%2Fcategories&post=38529"},{"taxonomy":"post_tag","embeddable":true,"href":"https:\/\/informativoelvalledeaguascalientes.online\/index.php?rest_route=%2Fwp%2Fv2%2Ftags&post=38529"}],"curies":[{"name":"wp","href":"https:\/\/api.w.org\/{rel}","templated":true}]}}