{"id":38526,"date":"2022-12-08T23:08:54","date_gmt":"2022-12-09T05:08:54","guid":{"rendered":"https:\/\/informativoelvalledeaguascalientes.online\/?p=38526"},"modified":"2022-12-08T23:08:54","modified_gmt":"2022-12-09T05:08:54","slug":"cde-del-pan-ags-presenta-planilla-de-unidad-para-encabezar-la-secretaria-de-accion-juvenil-en-aguascalientes","status":"publish","type":"post","link":"https:\/\/informativoelvalledeaguascalientes.online\/?p=38526","title":{"rendered":"CDE DEL PAN AGS. PRESENTA PLANILLA DE UNIDAD PARA ENCABEZAR LA SECRETAR\u00cdA DE ACCI\u00d3N JUVENIL EN AGUASCALIENTES"},"content":{"rendered":"<p><strong><a href=\"https:\/\/www.facebook.com\/hashtag\/informativoelvalledeaguascalientes\">#informativoelvalledeaguascalientes<\/a><\/strong><\/p>\n<p><strong><a href=\"https:\/\/www.facebook.com\/hashtag\/novaradioaguascalientes\">#novaradioaguascalientes<\/a><\/strong><\/p>\n<p>&nbsp;<\/p>\n<p>&nbsp;<\/p>\n<p>El dirigente estatal del PAN Javier Lu\u00e9vano N\u00fa\u00f1ez respalda el proyecto que se sumar\u00e1 a los retos pol\u00edticos que se avecinan.<\/p>\n<p>Encabezada por Baruc Salas, la organizaci\u00f3n pol\u00edtica juvenil, se prepara para trabajar durante los pr\u00f3ximos dos a\u00f1os de gesti\u00f3n.<\/p>\n<p>&nbsp;<\/p>\n<p>El Comit\u00e9 Directivo Estatal del PAN en Aguascalientes, por medio de su dirigente Javier Lu\u00e9vano N\u00fa\u00f1ez, present\u00f3 la planilla de unidad encabezada por Baruc Salas Mart\u00ednez, quien se postula de acuerdo a los estatutos y reglamentos vigentes, como candidato a Secretario de Acci\u00f3n Juvenil en el estado, para el pr\u00f3ximo periodo de gesti\u00f3n comprendido de 2022 a 2024.<\/p>\n<p>Luego de que Salas Mart\u00ednez presentar\u00e1 su registro el pasado 19 de noviembre, y tras el cierre del periodo el 27 del mismo mes, la Comisi\u00f3n Electoral Estatal, declar\u00f3 procedente la candidatura tras cumplir con los requisitos que se expresan en el reglamento de Acci\u00f3n Juvenil.<\/p>\n<p>El presidente estatal del partido respald\u00f3 el proyecto y reconoci\u00f3 la voluntad y disposici\u00f3n de los j\u00f3venes que se integran en esta planilla, de quienes dijo son una parte fundamental en la vida pol\u00edtica del estado y del pa\u00eds<\/p>\n<p>Lu\u00e9vano N\u00fa\u00f1ez, hizo hincapi\u00e9 en que Acci\u00f3n Juvenil, a poco m\u00e1s de 35 a\u00f1os de su fundaci\u00f3n, es la organizaci\u00f3n juvenil m\u00e1s grande de latinoam\u00e9rica y que representa un semillero de gente con gran capacidad, tal es el caso de la gobernadora Tere Jim\u00e9nez, quien encabez\u00f3 en su momento la dirigencia estatal de esta secretar\u00eda y que ahora es referente para los j\u00f3venes y para el panismo en Aguascalientes y todo M\u00e9xico.<\/p>\n<p>Asimismo, el dirigente blanquiazul puntualiz\u00f3 que las y los j\u00f3venes se sumar\u00e1n desde la Secretar\u00eda de Acci\u00f3n Juvenil con objetivos claros para el 2023 y transitar fortalecidos para asumir el reto que representa el 2024 en materia electoral.<\/p>\n<p>Por su parte, el candidato de unidad Baruc Salas, se\u00f1al\u00f3 que su plan de trabajo est\u00e1 conformado por 6 ejes: la digitalizaci\u00f3n, la capacitaci\u00f3n , la militancia, el fortalecimiento interno, el eje social y el municipalismo, trabajando en todo el estado, para involucrar a las y los j\u00f3venes de todos los sectores en la vida pol\u00edtica, con actividades culturales, sociales, pol\u00edticas, acad\u00e9micas y deportivas, entre otras.<\/p>\n<p>Se comprometi\u00f3 a fortalecer la estructura juvenil para asumir todo lo que representa el 2024 para el partido.<\/p>\n<p>Agradeci\u00f3 la oportunidad de encabezar este proyecto, al presidente del PAN y a cada integrante de la planilla, que concluir\u00e1 con la votaci\u00f3n el pr\u00f3ximo domingo en la asamblea estatal de Acci\u00f3n Juvenil.<\/p>\n","protected":false},"excerpt":{"rendered":"<p>#informativoelvalledeaguascalientes #novaradioaguascalientes &nbsp; &nbsp; El dirigente estatal del PAN Javier Lu\u00e9vano N\u00fa\u00f1ez respalda el proyecto que se sumar\u00e1 a los retos pol\u00edticos que se avecinan. Encabezada por Baruc Salas, la organizaci\u00f3n pol\u00edtica juvenil, se prepara para trabajar durante los pr\u00f3ximos dos a\u00f1os de gesti\u00f3n. &nbsp; El Comit\u00e9 Directivo Estatal del PAN en Aguascalientes, por medio [&hellip;]<\/p>\n","protected":false},"author":1,"featured_media":38527,"comment_status":"closed","ping_status":"open","sticky":false,"template":"","format":"standard","meta":{"advanced_seo_description":"","jetpack_seo_html_title":"","jetpack_seo_noindex":false,"_jetpack_memberships_contains_paid_content":false,"footnotes":"","jetpack_publicize_message":"","jetpack_publicize_feature_enabled":true,"jetpack_social_post_already_shared":true,"jetpack_social_options":{"image_generator_settings":{"template":"highway","default_image_id":0,"font":"","enabled":false},"version":2}},"categories":[21,7],"tags":[22,23,43],"class_list":["post-38526","post","type-post","status-publish","format-standard","has-post-thumbnail","hentry","category-aguascalientes","category-pan-aguascalientes","tag-aguascalientes","tag-pan-aguascalientes","tag-pan-aguascalientes-cde"],"jetpack_publicize_connections":[],"jetpack_featured_media_url":"https:\/\/i0.wp.com\/informativoelvalledeaguascalientes.online\/wp-content\/uploads\/2022\/12\/pan-ags-juvenil.jpg?fit=1280%2C853&ssl=1","jetpack-related-posts":[],"jetpack_sharing_enabled":true,"jetpack_likes_enabled":true,"_links":{"self":[{"href":"https:\/\/informativoelvalledeaguascalientes.online\/index.php?rest_route=\/wp\/v2\/posts\/38526","targetHints":{"allow":["GET"]}}],"collection":[{"href":"https:\/\/informativoelvalledeaguascalientes.online\/index.php?rest_route=\/wp\/v2\/posts"}],"about":[{"href":"https:\/\/informativoelvalledeaguascalientes.online\/index.php?rest_route=\/wp\/v2\/types\/post"}],"author":[{"embeddable":true,"href":"https:\/\/informativoelvalledeaguascalientes.online\/index.php?rest_route=\/wp\/v2\/users\/1"}],"replies":[{"embeddable":true,"href":"https:\/\/informativoelvalledeaguascalientes.online\/index.php?rest_route=%2Fwp%2Fv2%2Fcomments&post=38526"}],"version-history":[{"count":1,"href":"https:\/\/informativoelvalledeaguascalientes.online\/index.php?rest_route=\/wp\/v2\/posts\/38526\/revisions"}],"predecessor-version":[{"id":38528,"href":"https:\/\/informativoelvalledeaguascalientes.online\/index.php?rest_route=\/wp\/v2\/posts\/38526\/revisions\/38528"}],"wp:featuredmedia":[{"embeddable":true,"href":"https:\/\/informativoelvalledeaguascalientes.online\/index.php?rest_route=\/wp\/v2\/media\/38527"}],"wp:attachment":[{"href":"https:\/\/informativoelvalledeaguascalientes.online\/index.php?rest_route=%2Fwp%2Fv2%2Fmedia&parent=38526"}],"wp:term":[{"taxonomy":"category","embeddable":true,"href":"https:\/\/informativoelvalledeaguascalientes.online\/index.php?rest_route=%2Fwp%2Fv2%2Fcategories&post=38526"},{"taxonomy":"post_tag","embeddable":true,"href":"https:\/\/informativoelvalledeaguascalientes.online\/index.php?rest_route=%2Fwp%2Fv2%2Ftags&post=38526"}],"curies":[{"name":"wp","href":"https:\/\/api.w.org\/{rel}","templated":true}]}}