{"id":38514,"date":"2022-12-08T22:50:08","date_gmt":"2022-12-09T04:50:08","guid":{"rendered":"https:\/\/informativoelvalledeaguascalientes.online\/?p=38514"},"modified":"2022-12-08T22:50:08","modified_gmt":"2022-12-09T04:50:08","slug":"%f0%9d%90%84%f0%9d%90%a7-%f0%9d%90%80%f0%9d%90%a6%f0%9d%90%9e%f0%9d%90%9a%f0%9d%90%a5%f0%9d%90%9c%f0%9d%90%a8-%f0%9d%90%9e%f0%9d%90%a7%f0%9d%90%9c%f0%9d%90%a8%f0%9d%90%a7%f0%9d%90%ad%f0%9d%90%ab","status":"publish","type":"post","link":"https:\/\/informativoelvalledeaguascalientes.online\/?p=38514","title":{"rendered":"\ud835\udc04\ud835\udc27 \ud835\udc00\ud835\udc26\ud835\udc1e\ud835\udc1a\ud835\udc25\ud835\udc1c\ud835\udc28 \ud835\udc1e\ud835\udc27\ud835\udc1c\ud835\udc28\ud835\udc27\ud835\udc2d\ud835\udc2b\ud835\udc1e\u0301 \ud835\udc25\ud835\udc1a \ud835\udc1f\ud835\udc1e\ud835\udc25\ud835\udc22\ud835\udc1c\ud835\udc22\ud835\udc1d\ud835\udc1a\ud835\udc1d \u2728"},"content":{"rendered":"<p><strong><a href=\"https:\/\/www.facebook.com\/hashtag\/informativoelvalledeaguascalientes\">#informativoelvalledeaguascalientes<\/a><\/strong><\/p>\n<p><strong><a href=\"https:\/\/www.facebook.com\/hashtag\/novaradioaguascalientes\">#novaradioaguascalientes<\/a><\/strong><\/p>\n<p>#FNGuayaba2022<br \/>\n#TierraQueTrasciende<\/p>\n<p>&nbsp;<\/p>\n<p>Te invitamos a la \ud835\udc22\ud835\udc27\ud835\udc1a\ud835\udc2e\ud835\udc20\ud835\udc2e\ud835\udc2b\ud835\udc1a\ud835\udc1c\ud835\udc22\ud835\udc28\u0301\ud835\udc27 \ud83c\udf89de la nueva exposici\u00f3n de \ud835\udc00\ud835\udc0c\ud835\udc04\ud835\udc00\ud835\udc0b\ud835\udc02\ud835\udc0e \ud835\udc03\ud835\udc04 \ud835\udc01\ud835\udc0e\ud835\udc0d\ud835\udc05\ud835\udc08\ud835\udc0b, \ud835\udc10\ud835\udc14\ud835\udc04\ud835\udc11\ud835\udc04\u0301\ud835\udc13\ud835\udc00\ud835\udc11\ud835\udc0e en la Sala Temporal Anita Brenner del Museo Nacional de Pueblos M\u00e1gicos.<\/p>\n<p>\u23f0 Este Viernes 9 de diciembre en punto de las 10:00am<\/p>\n<p>Conoce la riqueza cultural, hist\u00f3rica y gastron\u00f3mica de este hermoso pueblo m\u00e1gico de M\u00e9xico.<\/p>\n<p>#MUNPUMA<br \/>\n#T\u00faEresLaMagia<br \/>\n#PueblosM\u00e1gicos<br \/>\n#TurismoIncluyente<br \/>\n#AmealcoPuebloM\u00e1gico<br \/>\n#AmealcodeBonfil<\/p>\n","protected":false},"excerpt":{"rendered":"<p>#informativoelvalledeaguascalientes #novaradioaguascalientes #FNGuayaba2022 #TierraQueTrasciende &nbsp; Te invitamos a la \ud835\udc22\ud835\udc27\ud835\udc1a\ud835\udc2e\ud835\udc20\ud835\udc2e\ud835\udc2b\ud835\udc1a\ud835\udc1c\ud835\udc22\ud835\udc28\u0301\ud835\udc27 \ud83c\udf89de la nueva exposici\u00f3n de \ud835\udc00\ud835\udc0c\ud835\udc04\ud835\udc00\ud835\udc0b\ud835\udc02\ud835\udc0e \ud835\udc03\ud835\udc04 \ud835\udc01\ud835\udc0e\ud835\udc0d\ud835\udc05\ud835\udc08\ud835\udc0b, \ud835\udc10\ud835\udc14\ud835\udc04\ud835\udc11\ud835\udc04\u0301\ud835\udc13\ud835\udc00\ud835\udc11\ud835\udc0e en la Sala Temporal Anita Brenner del Museo Nacional de Pueblos M\u00e1gicos. \u23f0 Este Viernes 9 de diciembre en punto de las 10:00am Conoce la riqueza cultural, hist\u00f3rica y gastron\u00f3mica de este hermoso pueblo m\u00e1gico de [&hellip;]<\/p>\n","protected":false},"author":1,"featured_media":38515,"comment_status":"closed","ping_status":"open","sticky":false,"template":"","format":"standard","meta":{"advanced_seo_description":"","jetpack_seo_html_title":"","jetpack_seo_noindex":false,"_jetpack_memberships_contains_paid_content":false,"footnotes":"","jetpack_publicize_message":"","jetpack_publicize_feature_enabled":true,"jetpack_social_post_already_shared":true,"jetpack_social_options":{"image_generator_settings":{"template":"highway","default_image_id":0,"font":"","enabled":false},"version":2}},"categories":[21,13],"tags":[22,88,29],"class_list":["post-38514","post","type-post","status-publish","format-standard","has-post-thumbnail","hentry","category-aguascalientes","category-calvillo-aguascalientes","tag-aguascalientes","tag-calvillo","tag-calvillo-aguascalientes"],"jetpack_publicize_connections":[],"jetpack_featured_media_url":"https:\/\/i0.wp.com\/informativoelvalledeaguascalientes.online\/wp-content\/uploads\/2022\/12\/calvillo-amealco.jpg?fit=1080%2C1669&ssl=1","jetpack-related-posts":[],"jetpack_sharing_enabled":true,"jetpack_likes_enabled":true,"_links":{"self":[{"href":"https:\/\/informativoelvalledeaguascalientes.online\/index.php?rest_route=\/wp\/v2\/posts\/38514","targetHints":{"allow":["GET"]}}],"collection":[{"href":"https:\/\/informativoelvalledeaguascalientes.online\/index.php?rest_route=\/wp\/v2\/posts"}],"about":[{"href":"https:\/\/informativoelvalledeaguascalientes.online\/index.php?rest_route=\/wp\/v2\/types\/post"}],"author":[{"embeddable":true,"href":"https:\/\/informativoelvalledeaguascalientes.online\/index.php?rest_route=\/wp\/v2\/users\/1"}],"replies":[{"embeddable":true,"href":"https:\/\/informativoelvalledeaguascalientes.online\/index.php?rest_route=%2Fwp%2Fv2%2Fcomments&post=38514"}],"version-history":[{"count":1,"href":"https:\/\/informativoelvalledeaguascalientes.online\/index.php?rest_route=\/wp\/v2\/posts\/38514\/revisions"}],"predecessor-version":[{"id":38516,"href":"https:\/\/informativoelvalledeaguascalientes.online\/index.php?rest_route=\/wp\/v2\/posts\/38514\/revisions\/38516"}],"wp:featuredmedia":[{"embeddable":true,"href":"https:\/\/informativoelvalledeaguascalientes.online\/index.php?rest_route=\/wp\/v2\/media\/38515"}],"wp:attachment":[{"href":"https:\/\/informativoelvalledeaguascalientes.online\/index.php?rest_route=%2Fwp%2Fv2%2Fmedia&parent=38514"}],"wp:term":[{"taxonomy":"category","embeddable":true,"href":"https:\/\/informativoelvalledeaguascalientes.online\/index.php?rest_route=%2Fwp%2Fv2%2Fcategories&post=38514"},{"taxonomy":"post_tag","embeddable":true,"href":"https:\/\/informativoelvalledeaguascalientes.online\/index.php?rest_route=%2Fwp%2Fv2%2Ftags&post=38514"}],"curies":[{"name":"wp","href":"https:\/\/api.w.org\/{rel}","templated":true}]}}