{"id":38474,"date":"2022-12-06T14:37:12","date_gmt":"2022-12-06T20:37:12","guid":{"rendered":"https:\/\/informativoelvalledeaguascalientes.online\/?p=38474"},"modified":"2022-12-06T14:37:12","modified_gmt":"2022-12-06T20:37:12","slug":"congreso-de-aguascalientes-informo-que-esta-a-por-nombrarse-a-la-nueva-persona-titular-de-la-comision-estatal-de-busqueda-de-personas","status":"publish","type":"post","link":"https:\/\/informativoelvalledeaguascalientes.online\/?p=38474","title":{"rendered":"CONGRESO DE AGUASCALIENTES INFORM\u00d3 QUE EST\u00c1 A POR NOMBRARSE A LA NUEVA PERSONA TITULAR DE LA COMISI\u00d3N ESTATAL DE B\u00daSQUEDA DE PERSONAS"},"content":{"rendered":"<p><strong><a href=\"https:\/\/www.facebook.com\/hashtag\/informativoelvalledeaguascalientes\">#informativoelvalledeaguascalientes<\/a> <\/strong><\/p>\n<p><strong><a href=\"https:\/\/www.facebook.com\/hashtag\/novaradioaguascalientes\">#novaradioaguascalientes<\/a><\/strong><\/p>\n<p><strong>\u00a0<\/strong><\/p>\n<p>Este d\u00eda, se realizaron los trabajos de la Comisi\u00f3n de Lucha Contra la Trata de Personas, de la LXV Legislatura del Congreso de Aguascalientes, que preside el diputado Fernando Marmolejo y que en esta ocasi\u00f3n cont\u00f3 con la participaci\u00f3n de las congresistas integrantes Vero Romo, Juanis Mart\u00ednez y Nancy Mac\u00edas; en esta reuni\u00f3n se inform\u00f3 que antes de finalizar el a\u00f1o 2022, deber\u00e1 ser designada la persona titular de la Comisi\u00f3n Estatal de B\u00fasqueda de Personas.<\/p>\n<p>&nbsp;<\/p>\n<p>El representante popular indic\u00f3 que esta persona ser\u00e1 elegida por la Gobernadora Tere Jim\u00e9nez, sin embargo, dijo, se tomar\u00e1n en cuenta las opiniones del Poder Legislativo, de Asociaciones Civiles y de los distintos colectivos de familiares de personas desaparecidas, para proponer un perfil adecuado en este cargo.<\/p>\n<p>&nbsp;<\/p>\n<p>\u201cSabemos que ser\u00e1 una mujer quien quedar\u00e1 al frente de esta \u00e1rea de b\u00fasqueda de personas, y a m\u00e1s tardar el 31 de diciembre de 2022 tiene que estar ya nombrada para arrancar el a\u00f1o con los trabajos de esta dependencia. Para seguir prestando este servicio a la ciudadan\u00eda, quiero comentar que el Congreso del Estado a trav\u00e9s de esta comisi\u00f3n, estamos en contacto con el sub Secretario de Gobierno y aunque a\u00fan no tenemos el nombre, sabemos que ser\u00e1 una persona con amplia experiencia en la materia\u201d.<\/p>\n","protected":false},"excerpt":{"rendered":"<p>#informativoelvalledeaguascalientes #novaradioaguascalientes \u00a0 Este d\u00eda, se realizaron los trabajos de la Comisi\u00f3n de Lucha Contra la Trata de Personas, de la LXV Legislatura del Congreso de Aguascalientes, que preside el diputado Fernando Marmolejo y que en esta ocasi\u00f3n cont\u00f3 con la participaci\u00f3n de las congresistas integrantes Vero Romo, Juanis Mart\u00ednez y Nancy Mac\u00edas; en esta [&hellip;]<\/p>\n","protected":false},"author":1,"featured_media":38475,"comment_status":"closed","ping_status":"open","sticky":false,"template":"","format":"standard","meta":{"advanced_seo_description":"","jetpack_seo_html_title":"","jetpack_seo_noindex":false,"_jetpack_memberships_contains_paid_content":false,"footnotes":"","jetpack_publicize_message":"","jetpack_publicize_feature_enabled":true,"jetpack_social_post_already_shared":true,"jetpack_social_options":{"image_generator_settings":{"template":"highway","default_image_id":0,"font":"","enabled":false},"version":2}},"categories":[21,5],"tags":[22,520],"class_list":["post-38474","post","type-post","status-publish","format-standard","has-post-thumbnail","hentry","category-aguascalientes","category-h-congreso-del-estado-aguascalientes","tag-aguascalientes","tag-lxv-legislatura-aguascalientes"],"jetpack_publicize_connections":[],"jetpack_featured_media_url":"https:\/\/i0.wp.com\/informativoelvalledeaguascalientes.online\/wp-content\/uploads\/2022\/12\/DSC_2566-2.jpg?fit=852%2C568&ssl=1","jetpack-related-posts":[],"jetpack_sharing_enabled":true,"jetpack_likes_enabled":true,"_links":{"self":[{"href":"https:\/\/informativoelvalledeaguascalientes.online\/index.php?rest_route=\/wp\/v2\/posts\/38474","targetHints":{"allow":["GET"]}}],"collection":[{"href":"https:\/\/informativoelvalledeaguascalientes.online\/index.php?rest_route=\/wp\/v2\/posts"}],"about":[{"href":"https:\/\/informativoelvalledeaguascalientes.online\/index.php?rest_route=\/wp\/v2\/types\/post"}],"author":[{"embeddable":true,"href":"https:\/\/informativoelvalledeaguascalientes.online\/index.php?rest_route=\/wp\/v2\/users\/1"}],"replies":[{"embeddable":true,"href":"https:\/\/informativoelvalledeaguascalientes.online\/index.php?rest_route=%2Fwp%2Fv2%2Fcomments&post=38474"}],"version-history":[{"count":1,"href":"https:\/\/informativoelvalledeaguascalientes.online\/index.php?rest_route=\/wp\/v2\/posts\/38474\/revisions"}],"predecessor-version":[{"id":38476,"href":"https:\/\/informativoelvalledeaguascalientes.online\/index.php?rest_route=\/wp\/v2\/posts\/38474\/revisions\/38476"}],"wp:featuredmedia":[{"embeddable":true,"href":"https:\/\/informativoelvalledeaguascalientes.online\/index.php?rest_route=\/wp\/v2\/media\/38475"}],"wp:attachment":[{"href":"https:\/\/informativoelvalledeaguascalientes.online\/index.php?rest_route=%2Fwp%2Fv2%2Fmedia&parent=38474"}],"wp:term":[{"taxonomy":"category","embeddable":true,"href":"https:\/\/informativoelvalledeaguascalientes.online\/index.php?rest_route=%2Fwp%2Fv2%2Fcategories&post=38474"},{"taxonomy":"post_tag","embeddable":true,"href":"https:\/\/informativoelvalledeaguascalientes.online\/index.php?rest_route=%2Fwp%2Fv2%2Ftags&post=38474"}],"curies":[{"name":"wp","href":"https:\/\/api.w.org\/{rel}","templated":true}]}}