{"id":38464,"date":"2022-12-06T13:56:53","date_gmt":"2022-12-06T19:56:53","guid":{"rendered":"https:\/\/informativoelvalledeaguascalientes.online\/?p=38464"},"modified":"2022-12-06T13:56:53","modified_gmt":"2022-12-06T19:56:53","slug":"realzan-areas-verdes-del-centro-historico-con-vistosas-nochebuenas","status":"publish","type":"post","link":"https:\/\/informativoelvalledeaguascalientes.online\/?p=38464","title":{"rendered":"REALZAN \u00c1REAS VERDES DEL CENTRO HIST\u00d3RICO CON VISTOSAS NOCHEBUENAS"},"content":{"rendered":"<p><strong><a href=\"https:\/\/www.facebook.com\/hashtag\/informativoelvalledeaguascalientes\">#informativoelvalledeaguascalientes<\/a> <\/strong><\/p>\n<p><strong><a href=\"https:\/\/www.facebook.com\/hashtag\/novaradioaguascalientes\">#novaradioaguascalientes<\/a> <\/strong><\/p>\n<p><strong><a class=\"x1i10hfl xjbqb8w x6umtig x1b1mbwd xaqea5y xav7gou x9f619 x1ypdohk xt0psk2 xe8uvvx xdj266r x11i5rnm xat24cr x1mh8g0r xexx8yu x4uap5 x18d9i69 xkhd6sd x16tdsg8 x1hl2dhg xggy1nq x1a2a7pz xt0b8zv x1qq9wsj xo1l8bm\" tabindex=\"0\" role=\"link\" href=\"https:\/\/www.facebook.com\/hashtag\/laciudaddetuvida?__eep__=6&amp;__cft__[0]=AZVUzG-uzEgkHBxlWi4clX4-qXx_nfGicugdShvx3oYxvDeUIl1My5bfFXiXTmVU7O9FCNwHdVuQiVqIjO99-u7dxeUq1S3CqcB1PNpBXLQtm-Q1JLiRFFX8c4SEMe3VqRRgSs9kS8-Ajp6HnW6ebLd3GeB3j-SCsEGrTUVXz1WdbDeQs8bs0Dry33nLaV6fVU4&amp;__tn__=*NK-R\">#LaCiudadDeTuVida<\/a><\/strong><\/p>\n<ul>\n<li class=\"x_gmail-MsoListParagraph\"><strong><i>Cientos de estas aleg\u00f3ricas plantas fueron colocadas previo al encendido de la iluminaci\u00f3n ornamental, programada para el domingo 11 de diciembre<\/i><\/strong><\/li>\n<\/ul>\n<p class=\"x_MsoNormal\">M\u00e1s de mil plantas de nochebuena fueron instaladas en jardineras, macetones y \u00e1reas verdes de plazas y jardines del Centro Hist\u00f3rico de Aguascalientes, para colorear de verde y rojo los espacios p\u00fablicos con las simb\u00f3licas flores decembrinas.<\/p>\n<p class=\"x_MsoNormal\"><b>Carlos Espa\u00f1a Mart\u00ednez<\/b>, secretario de Servicios P\u00fablicos Municipales, inform\u00f3 que previo al encendido de la iluminaci\u00f3n ornamental, programada para el pr\u00f3ximo domingo 11 de diciembre, se han colocado las tradicionales flores de origen mexicano que desde la \u00e9poca de la colonizaci\u00f3n han sido utilizadas para destacar el periodo de Navidad.<\/p>\n<p class=\"x_MsoNormal\">La tambi\u00e9n conocida como Flor de Pascua, fue colocada en los macetones y jardineras de las calles Zaragoza y Francisco I. Madero, as\u00ed como las \u00e1reas verdes de la Plaza de la Patria, Jard\u00edn de los Palacios y Plaza Fundadores, entre otras.<\/p>\n<p class=\"x_MsoNormal\">Finalmente, anunci\u00f3 que en el primer patio de Palacio Municipal se ubicar\u00e1 el tradicional pino monumental vestido con cientos de nochebuenas, para que las personas que por tradici\u00f3n acuden a tomar la fotograf\u00eda familiar, puedan hacerlo en su edici\u00f3n 2022.<\/p>\n","protected":false},"excerpt":{"rendered":"<p>#informativoelvalledeaguascalientes #novaradioaguascalientes #LaCiudadDeTuVida Cientos de estas aleg\u00f3ricas plantas fueron colocadas previo al encendido de la iluminaci\u00f3n ornamental, programada para el domingo 11 de diciembre M\u00e1s de mil plantas de nochebuena fueron instaladas en jardineras, macetones y \u00e1reas verdes de plazas y jardines del Centro Hist\u00f3rico de Aguascalientes, para colorear de verde y rojo los espacios [&hellip;]<\/p>\n","protected":false},"author":1,"featured_media":38465,"comment_status":"closed","ping_status":"open","sticky":false,"template":"","format":"standard","meta":{"advanced_seo_description":"","jetpack_seo_html_title":"","jetpack_seo_noindex":false,"_jetpack_memberships_contains_paid_content":false,"footnotes":"","jetpack_publicize_message":"","jetpack_publicize_feature_enabled":true,"jetpack_social_post_already_shared":true,"jetpack_social_options":{"image_generator_settings":{"template":"highway","default_image_id":0,"font":"","enabled":false},"version":2}},"categories":[21,3],"tags":[22,25],"class_list":["post-38464","post","type-post","status-publish","format-standard","has-post-thumbnail","hentry","category-aguascalientes","category-municipio-aguascalientes","tag-aguascalientes","tag-mpio-aguascalientes"],"jetpack_publicize_connections":[],"jetpack_featured_media_url":"https:\/\/i0.wp.com\/informativoelvalledeaguascalientes.online\/wp-content\/uploads\/2022\/12\/30.jpeg?fit=1280%2C855&ssl=1","jetpack-related-posts":[],"jetpack_sharing_enabled":true,"jetpack_likes_enabled":true,"_links":{"self":[{"href":"https:\/\/informativoelvalledeaguascalientes.online\/index.php?rest_route=\/wp\/v2\/posts\/38464","targetHints":{"allow":["GET"]}}],"collection":[{"href":"https:\/\/informativoelvalledeaguascalientes.online\/index.php?rest_route=\/wp\/v2\/posts"}],"about":[{"href":"https:\/\/informativoelvalledeaguascalientes.online\/index.php?rest_route=\/wp\/v2\/types\/post"}],"author":[{"embeddable":true,"href":"https:\/\/informativoelvalledeaguascalientes.online\/index.php?rest_route=\/wp\/v2\/users\/1"}],"replies":[{"embeddable":true,"href":"https:\/\/informativoelvalledeaguascalientes.online\/index.php?rest_route=%2Fwp%2Fv2%2Fcomments&post=38464"}],"version-history":[{"count":1,"href":"https:\/\/informativoelvalledeaguascalientes.online\/index.php?rest_route=\/wp\/v2\/posts\/38464\/revisions"}],"predecessor-version":[{"id":38466,"href":"https:\/\/informativoelvalledeaguascalientes.online\/index.php?rest_route=\/wp\/v2\/posts\/38464\/revisions\/38466"}],"wp:featuredmedia":[{"embeddable":true,"href":"https:\/\/informativoelvalledeaguascalientes.online\/index.php?rest_route=\/wp\/v2\/media\/38465"}],"wp:attachment":[{"href":"https:\/\/informativoelvalledeaguascalientes.online\/index.php?rest_route=%2Fwp%2Fv2%2Fmedia&parent=38464"}],"wp:term":[{"taxonomy":"category","embeddable":true,"href":"https:\/\/informativoelvalledeaguascalientes.online\/index.php?rest_route=%2Fwp%2Fv2%2Fcategories&post=38464"},{"taxonomy":"post_tag","embeddable":true,"href":"https:\/\/informativoelvalledeaguascalientes.online\/index.php?rest_route=%2Fwp%2Fv2%2Ftags&post=38464"}],"curies":[{"name":"wp","href":"https:\/\/api.w.org\/{rel}","templated":true}]}}