{"id":38452,"date":"2022-12-06T13:31:36","date_gmt":"2022-12-06T19:31:36","guid":{"rendered":"https:\/\/informativoelvalledeaguascalientes.online\/?p=38452"},"modified":"2022-12-06T13:31:36","modified_gmt":"2022-12-06T19:31:36","slug":"entrega-leonardo-montanez-velaria-al-jardin-de-ninos-jesus-garcia-corona","status":"publish","type":"post","link":"https:\/\/informativoelvalledeaguascalientes.online\/?p=38452","title":{"rendered":"ENTREGA LEONARDO MONTA\u00d1EZ VELARIA AL JARD\u00cdN DE NI\u00d1OS \u00abJES\u00daS GARC\u00cdA CORONA\u00bb"},"content":{"rendered":"<p><strong><a href=\"https:\/\/www.facebook.com\/hashtag\/informativoelvalledeaguascalientes\">#informativoelvalledeaguascalientes<\/a> <\/strong><\/p>\n<p><strong><a href=\"https:\/\/www.facebook.com\/hashtag\/novaradioaguascalientes\">#novaradioaguascalientes<\/a> <\/strong><\/p>\n<p><strong><a class=\"x1i10hfl xjbqb8w x6umtig x1b1mbwd xaqea5y xav7gou x9f619 x1ypdohk xt0psk2 xe8uvvx xdj266r x11i5rnm xat24cr x1mh8g0r xexx8yu x4uap5 x18d9i69 xkhd6sd x16tdsg8 x1hl2dhg xggy1nq x1a2a7pz xt0b8zv x1qq9wsj xo1l8bm\" tabindex=\"0\" role=\"link\" href=\"https:\/\/www.facebook.com\/hashtag\/laciudaddetuvida?__eep__=6&amp;__cft__[0]=AZVUzG-uzEgkHBxlWi4clX4-qXx_nfGicugdShvx3oYxvDeUIl1My5bfFXiXTmVU7O9FCNwHdVuQiVqIjO99-u7dxeUq1S3CqcB1PNpBXLQtm-Q1JLiRFFX8c4SEMe3VqRRgSs9kS8-Ajp6HnW6ebLd3GeB3j-SCsEGrTUVXz1WdbDeQs8bs0Dry33nLaV6fVU4&amp;__tn__=*NK-R\">#LaCiudadDeTuVida<\/a><\/strong><\/p>\n<p>&nbsp;<\/p>\n<ul>\n<li><strong>El presidente municipal encabez\u00f3 la ceremonia de honores a la bandera, y regal\u00f3 un kit deportivo al plantel y bicicletas a los mejores promedios de la escuela<\/strong><\/li>\n<\/ul>\n<p>Con el prop\u00f3sito de promover la educaci\u00f3n basada en valores, identidad nacional y cultura c\u00edvica, el presidente municipal de Aguascalientes,\u00a0<strong>Leonardo Monta\u00f1ez,<\/strong>\u00a0presidi\u00f3 la ceremonia de los honores a la bandera en el Jard\u00edn de Ni\u00f1os \u201cJes\u00fas Garc\u00eda Corona\u201d, ubicado en el fraccionamiento Jes\u00fas Ter\u00e1n.<\/p>\n<p><strong>Leonardo Monta\u00f1ez<\/strong>\u00a0expres\u00f3 que la apuesta m\u00e1s importante de la actual administraci\u00f3n municipal es la educaci\u00f3n, as\u00ed como el fomento a la actividad f\u00edsica, por lo que realiz\u00f3 la entrega de una velaria, la cual permitir\u00e1 que tanto alumnos como docentes de este jard\u00edn de ni\u00f1os, puedan desarrollar sus actividades al aire libre debidamente resguardados del sol.<\/p>\n<p>Acompa\u00f1ado por la regidora\u00a0<strong>Ivonne Jacqueline Azcona Ram\u00edrez<\/strong>, de los secretarios municipales\u00a0<strong>Edson Camarillo Rodr\u00edguez\u00a0<\/strong>y\u00a0<strong>Miguel \u00c1ngel Hu\u00edzar Botello<\/strong>, titulares de Desarrollo Social y Obras P\u00fablicas respectivamente, as\u00ed como de autoridades del sector educativo, el presidente municipal entreg\u00f3 un kit deportivo al plantel educativo, as\u00ed como dos bicicletas a los mejores promedios de la escuela,\u00a0<strong>Sebasti\u00e1n Barboza Escare\u00f1o<\/strong>\u00a0y\u00a0<strong>Luis Andr\u00e9s P\u00e9rez Estrada<\/strong>.<\/p>\n","protected":false},"excerpt":{"rendered":"<p>#informativoelvalledeaguascalientes #novaradioaguascalientes #LaCiudadDeTuVida &nbsp; El presidente municipal encabez\u00f3 la ceremonia de honores a la bandera, y regal\u00f3 un kit deportivo al plantel y bicicletas a los mejores promedios de la escuela Con el prop\u00f3sito de promover la educaci\u00f3n basada en valores, identidad nacional y cultura c\u00edvica, el presidente municipal de Aguascalientes,\u00a0Leonardo Monta\u00f1ez,\u00a0presidi\u00f3 la ceremonia de [&hellip;]<\/p>\n","protected":false},"author":1,"featured_media":38453,"comment_status":"closed","ping_status":"open","sticky":false,"template":"","format":"standard","meta":{"advanced_seo_description":"","jetpack_seo_html_title":"","jetpack_seo_noindex":false,"_jetpack_memberships_contains_paid_content":false,"footnotes":"","jetpack_publicize_message":"","jetpack_publicize_feature_enabled":true,"jetpack_social_post_already_shared":true,"jetpack_social_options":{"image_generator_settings":{"template":"highway","default_image_id":0,"font":"","enabled":false},"version":2}},"categories":[21,3],"tags":[22,25],"class_list":["post-38452","post","type-post","status-publish","format-standard","has-post-thumbnail","hentry","category-aguascalientes","category-municipio-aguascalientes","tag-aguascalientes","tag-mpio-aguascalientes"],"jetpack_publicize_connections":[],"jetpack_featured_media_url":"https:\/\/i0.wp.com\/informativoelvalledeaguascalientes.online\/wp-content\/uploads\/2022\/12\/DSC_6662.jpg?fit=1620%2C1080&ssl=1","jetpack-related-posts":[],"jetpack_sharing_enabled":true,"jetpack_likes_enabled":true,"_links":{"self":[{"href":"https:\/\/informativoelvalledeaguascalientes.online\/index.php?rest_route=\/wp\/v2\/posts\/38452","targetHints":{"allow":["GET"]}}],"collection":[{"href":"https:\/\/informativoelvalledeaguascalientes.online\/index.php?rest_route=\/wp\/v2\/posts"}],"about":[{"href":"https:\/\/informativoelvalledeaguascalientes.online\/index.php?rest_route=\/wp\/v2\/types\/post"}],"author":[{"embeddable":true,"href":"https:\/\/informativoelvalledeaguascalientes.online\/index.php?rest_route=\/wp\/v2\/users\/1"}],"replies":[{"embeddable":true,"href":"https:\/\/informativoelvalledeaguascalientes.online\/index.php?rest_route=%2Fwp%2Fv2%2Fcomments&post=38452"}],"version-history":[{"count":1,"href":"https:\/\/informativoelvalledeaguascalientes.online\/index.php?rest_route=\/wp\/v2\/posts\/38452\/revisions"}],"predecessor-version":[{"id":38454,"href":"https:\/\/informativoelvalledeaguascalientes.online\/index.php?rest_route=\/wp\/v2\/posts\/38452\/revisions\/38454"}],"wp:featuredmedia":[{"embeddable":true,"href":"https:\/\/informativoelvalledeaguascalientes.online\/index.php?rest_route=\/wp\/v2\/media\/38453"}],"wp:attachment":[{"href":"https:\/\/informativoelvalledeaguascalientes.online\/index.php?rest_route=%2Fwp%2Fv2%2Fmedia&parent=38452"}],"wp:term":[{"taxonomy":"category","embeddable":true,"href":"https:\/\/informativoelvalledeaguascalientes.online\/index.php?rest_route=%2Fwp%2Fv2%2Fcategories&post=38452"},{"taxonomy":"post_tag","embeddable":true,"href":"https:\/\/informativoelvalledeaguascalientes.online\/index.php?rest_route=%2Fwp%2Fv2%2Ftags&post=38452"}],"curies":[{"name":"wp","href":"https:\/\/api.w.org\/{rel}","templated":true}]}}