{"id":38449,"date":"2022-12-06T13:03:12","date_gmt":"2022-12-06T19:03:12","guid":{"rendered":"https:\/\/informativoelvalledeaguascalientes.online\/?p=38449"},"modified":"2022-12-06T13:03:12","modified_gmt":"2022-12-06T19:03:12","slug":"acto-civico-con-motivo-del-dia-internacional-de-las-personas-con-discapacidad","status":"publish","type":"post","link":"https:\/\/informativoelvalledeaguascalientes.online\/?p=38449","title":{"rendered":"Acto C\u00edvico con motivo del D\u00eda Internacional de las Personas con Discapacidad."},"content":{"rendered":"<p><strong><a href=\"https:\/\/www.facebook.com\/hashtag\/informativoelvalledeaguascalientes\">#informativoelvalledeaguascalientes<\/a> <\/strong><\/p>\n<p><strong><a href=\"https:\/\/www.facebook.com\/hashtag\/novaradioaguascalientes\">#novaradioaguascalientes<\/a><\/strong><\/p>\n<p>\ud83d\udc68\ud83c\udffb\u200d\ud83e\uddbd\u2705\ud83e\uddbb\ud83c\udffbEn representaci\u00f3n del Presidente municipal de Calvillo, Daniel Romo Urrutia esta ma\u00f1ana el secretario particular Miguel \u00c1ngel Trinidad Esparza asisti\u00f3 a las Instalaciones del Centro de Atenci\u00f3n M\u00faltiple XIV Enrique Olivares Santana en el cual se llev\u00f3 a cabo un Acto C\u00edvico con motivo del D\u00eda Internacional de las Personas con Discapacidad.<\/p>\n<p>Posterior al Acto C\u00edvico se realiz\u00f3 un recorrido por las instalaciones de esta escuela a fin que las autoridades presentes observaran las condiciones de las aulas y los diferentes espacios de este centro educativo, as\u00ed mismo se realiz\u00f3 una actividad para crear empat\u00eda con el objetivo de que los asistentes vean y sientan lo que d\u00eda a d\u00eda viven los ni\u00f1os, sus familias y educadores.<\/p>\n<p>#TierraQueTrasciende<\/p>\n","protected":false},"excerpt":{"rendered":"<p>#informativoelvalledeaguascalientes #novaradioaguascalientes \ud83d\udc68\ud83c\udffb\u200d\ud83e\uddbd\u2705\ud83e\uddbb\ud83c\udffbEn representaci\u00f3n del Presidente municipal de Calvillo, Daniel Romo Urrutia esta ma\u00f1ana el secretario particular Miguel \u00c1ngel Trinidad Esparza asisti\u00f3 a las Instalaciones del Centro de Atenci\u00f3n M\u00faltiple XIV Enrique Olivares Santana en el cual se llev\u00f3 a cabo un Acto C\u00edvico con motivo del D\u00eda Internacional de las Personas con Discapacidad. Posterior [&hellip;]<\/p>\n","protected":false},"author":1,"featured_media":38450,"comment_status":"closed","ping_status":"open","sticky":false,"template":"","format":"standard","meta":{"advanced_seo_description":"","jetpack_seo_html_title":"","jetpack_seo_noindex":false,"_jetpack_memberships_contains_paid_content":false,"footnotes":"","jetpack_publicize_message":"","jetpack_publicize_feature_enabled":true,"jetpack_social_post_already_shared":true,"jetpack_social_options":{"image_generator_settings":{"template":"highway","default_image_id":0,"font":"","enabled":false},"version":2}},"categories":[21,3],"tags":[22,88,29],"class_list":["post-38449","post","type-post","status-publish","format-standard","has-post-thumbnail","hentry","category-aguascalientes","category-municipio-aguascalientes","tag-aguascalientes","tag-calvillo","tag-calvillo-aguascalientes"],"jetpack_publicize_connections":[],"jetpack_featured_media_url":"https:\/\/i0.wp.com\/informativoelvalledeaguascalientes.online\/wp-content\/uploads\/2022\/12\/c22f7c65-b1f2-4090-86ab-d16381286a6b.jpg?fit=1024%2C683&ssl=1","jetpack-related-posts":[],"jetpack_sharing_enabled":true,"jetpack_likes_enabled":true,"_links":{"self":[{"href":"https:\/\/informativoelvalledeaguascalientes.online\/index.php?rest_route=\/wp\/v2\/posts\/38449","targetHints":{"allow":["GET"]}}],"collection":[{"href":"https:\/\/informativoelvalledeaguascalientes.online\/index.php?rest_route=\/wp\/v2\/posts"}],"about":[{"href":"https:\/\/informativoelvalledeaguascalientes.online\/index.php?rest_route=\/wp\/v2\/types\/post"}],"author":[{"embeddable":true,"href":"https:\/\/informativoelvalledeaguascalientes.online\/index.php?rest_route=\/wp\/v2\/users\/1"}],"replies":[{"embeddable":true,"href":"https:\/\/informativoelvalledeaguascalientes.online\/index.php?rest_route=%2Fwp%2Fv2%2Fcomments&post=38449"}],"version-history":[{"count":1,"href":"https:\/\/informativoelvalledeaguascalientes.online\/index.php?rest_route=\/wp\/v2\/posts\/38449\/revisions"}],"predecessor-version":[{"id":38451,"href":"https:\/\/informativoelvalledeaguascalientes.online\/index.php?rest_route=\/wp\/v2\/posts\/38449\/revisions\/38451"}],"wp:featuredmedia":[{"embeddable":true,"href":"https:\/\/informativoelvalledeaguascalientes.online\/index.php?rest_route=\/wp\/v2\/media\/38450"}],"wp:attachment":[{"href":"https:\/\/informativoelvalledeaguascalientes.online\/index.php?rest_route=%2Fwp%2Fv2%2Fmedia&parent=38449"}],"wp:term":[{"taxonomy":"category","embeddable":true,"href":"https:\/\/informativoelvalledeaguascalientes.online\/index.php?rest_route=%2Fwp%2Fv2%2Fcategories&post=38449"},{"taxonomy":"post_tag","embeddable":true,"href":"https:\/\/informativoelvalledeaguascalientes.online\/index.php?rest_route=%2Fwp%2Fv2%2Ftags&post=38449"}],"curies":[{"name":"wp","href":"https:\/\/api.w.org\/{rel}","templated":true}]}}