{"id":38446,"date":"2022-12-06T12:59:03","date_gmt":"2022-12-06T18:59:03","guid":{"rendered":"https:\/\/informativoelvalledeaguascalientes.online\/?p=38446"},"modified":"2022-12-06T12:59:03","modified_gmt":"2022-12-06T18:59:03","slug":"este-martes-06-de-diciembre-el-poder-del-norte-te-esperan-en-el-teatro-del-pueblo-de-la-%f0%9d%91%ad%f0%9d%92%86%f0%9d%92%93%f0%9d%92%8a%f0%9d%92%82-%f0%9d%91%b5%f0%9d%92%82%f0%9d%92%84%f0%9d%92%8a","status":"publish","type":"post","link":"https:\/\/informativoelvalledeaguascalientes.online\/?p=38446","title":{"rendered":"Este martes 06 de diciembre  El Poder del Norte te esperan en el Teatro del Pueblo de la \ud835\udc6d\ud835\udc86\ud835\udc93\ud835\udc8a\ud835\udc82 \ud835\udc75\ud835\udc82\ud835\udc84\ud835\udc8a\ud835\udc90\ud835\udc8f\ud835\udc82\ud835\udc8d \ud835\udc85\ud835\udc86 \ud835\udc8d\ud835\udc82 \ud835\udc6e\ud835\udc96\ud835\udc82\ud835\udc9a\ud835\udc82\ud835\udc83\ud835\udc82 \ud835\udfd0\ud835\udfce\ud835\udfd0\ud835\udfd0"},"content":{"rendered":"<p><strong><a href=\"https:\/\/www.facebook.com\/hashtag\/informativoelvalledeaguascalientes\">#informativoelvalledeaguascalientes<\/a> <\/strong><\/p>\n<p><strong><a href=\"https:\/\/www.facebook.com\/hashtag\/novaradioaguascalientes\">#novaradioaguascalientes<\/a><\/strong><\/p>\n<p>Este martes 06 de diciembre nuestros amigos de El Poder del Norte te esperan en el Teatro del Pueblo de la \ud835\udc6d\ud835\udc86\ud835\udc93\ud835\udc8a\ud835\udc82 \ud835\udc75\ud835\udc82\ud835\udc84\ud835\udc8a\ud835\udc90\ud835\udc8f\ud835\udc82\ud835\udc8d \ud835\udc85\ud835\udc86 \ud835\udc8d\ud835\udc82 \ud835\udc6e\ud835\udc96\ud835\udc82\ud835\udc9a\ud835\udc82\ud835\udc83\ud835\udc82 \ud835\udfd0\ud835\udfce\ud835\udfd0\ud835\udfd0 a las 9:00 pm y previ\u00f3 a su presentaci\u00f3n disfruta de la m\u00fasica de Los Regios a partir de las 8:00 pm.<br \/>\n\u00a1Te esperamos!<br \/>\n#FNGuayaba2022<br \/>\n#TierraQueTrasciende<\/p>\n","protected":false},"excerpt":{"rendered":"<p>#informativoelvalledeaguascalientes #novaradioaguascalientes Este martes 06 de diciembre nuestros amigos de El Poder del Norte te esperan en el Teatro del Pueblo de la \ud835\udc6d\ud835\udc86\ud835\udc93\ud835\udc8a\ud835\udc82 \ud835\udc75\ud835\udc82\ud835\udc84\ud835\udc8a\ud835\udc90\ud835\udc8f\ud835\udc82\ud835\udc8d \ud835\udc85\ud835\udc86 \ud835\udc8d\ud835\udc82 \ud835\udc6e\ud835\udc96\ud835\udc82\ud835\udc9a\ud835\udc82\ud835\udc83\ud835\udc82 \ud835\udfd0\ud835\udfce\ud835\udfd0\ud835\udfd0 a las 9:00 pm y previ\u00f3 a su presentaci\u00f3n disfruta de la m\u00fasica de Los Regios a partir de las 8:00 pm. \u00a1Te esperamos! #FNGuayaba2022 #TierraQueTrasciende<\/p>\n","protected":false},"author":1,"featured_media":38447,"comment_status":"closed","ping_status":"open","sticky":false,"template":"","format":"standard","meta":{"advanced_seo_description":"","jetpack_seo_html_title":"","jetpack_seo_noindex":false,"_jetpack_memberships_contains_paid_content":false,"footnotes":"","jetpack_publicize_message":"","jetpack_publicize_feature_enabled":true,"jetpack_social_post_already_shared":true,"jetpack_social_options":{"image_generator_settings":{"template":"highway","default_image_id":0,"font":"","enabled":false},"version":2}},"categories":[21,13],"tags":[22,88,29],"class_list":["post-38446","post","type-post","status-publish","format-standard","has-post-thumbnail","hentry","category-aguascalientes","category-calvillo-aguascalientes","tag-aguascalientes","tag-calvillo","tag-calvillo-aguascalientes"],"jetpack_publicize_connections":[],"jetpack_featured_media_url":"https:\/\/i0.wp.com\/informativoelvalledeaguascalientes.online\/wp-content\/uploads\/2022\/12\/2a2e20bc-2930-4f1d-8920-11ec58ba113d.jpg?fit=539%2C315&ssl=1","jetpack-related-posts":[],"jetpack_sharing_enabled":true,"jetpack_likes_enabled":true,"_links":{"self":[{"href":"https:\/\/informativoelvalledeaguascalientes.online\/index.php?rest_route=\/wp\/v2\/posts\/38446","targetHints":{"allow":["GET"]}}],"collection":[{"href":"https:\/\/informativoelvalledeaguascalientes.online\/index.php?rest_route=\/wp\/v2\/posts"}],"about":[{"href":"https:\/\/informativoelvalledeaguascalientes.online\/index.php?rest_route=\/wp\/v2\/types\/post"}],"author":[{"embeddable":true,"href":"https:\/\/informativoelvalledeaguascalientes.online\/index.php?rest_route=\/wp\/v2\/users\/1"}],"replies":[{"embeddable":true,"href":"https:\/\/informativoelvalledeaguascalientes.online\/index.php?rest_route=%2Fwp%2Fv2%2Fcomments&post=38446"}],"version-history":[{"count":1,"href":"https:\/\/informativoelvalledeaguascalientes.online\/index.php?rest_route=\/wp\/v2\/posts\/38446\/revisions"}],"predecessor-version":[{"id":38448,"href":"https:\/\/informativoelvalledeaguascalientes.online\/index.php?rest_route=\/wp\/v2\/posts\/38446\/revisions\/38448"}],"wp:featuredmedia":[{"embeddable":true,"href":"https:\/\/informativoelvalledeaguascalientes.online\/index.php?rest_route=\/wp\/v2\/media\/38447"}],"wp:attachment":[{"href":"https:\/\/informativoelvalledeaguascalientes.online\/index.php?rest_route=%2Fwp%2Fv2%2Fmedia&parent=38446"}],"wp:term":[{"taxonomy":"category","embeddable":true,"href":"https:\/\/informativoelvalledeaguascalientes.online\/index.php?rest_route=%2Fwp%2Fv2%2Fcategories&post=38446"},{"taxonomy":"post_tag","embeddable":true,"href":"https:\/\/informativoelvalledeaguascalientes.online\/index.php?rest_route=%2Fwp%2Fv2%2Ftags&post=38446"}],"curies":[{"name":"wp","href":"https:\/\/api.w.org\/{rel}","templated":true}]}}