{"id":38443,"date":"2022-12-06T12:51:34","date_gmt":"2022-12-06T18:51:34","guid":{"rendered":"https:\/\/informativoelvalledeaguascalientes.online\/?p=38443"},"modified":"2022-12-06T12:51:34","modified_gmt":"2022-12-06T18:51:34","slug":"%f0%9d%90%8f%f0%9d%90%ab%f0%9d%90%a8%f0%9d%90%a0%f0%9d%90%ab%f0%9d%90%9a%f0%9d%90%a6%f0%9d%90%9a-%f0%9d%90%8c%f0%9d%90%a2-%f0%9d%90%80%f0%9d%90%a6%f0%9d%90%a2%f0%9d%90%a0%f0%9d%90%a8-%f0%9d%90%8f","status":"publish","type":"post","link":"https:\/\/informativoelvalledeaguascalientes.online\/?p=38443","title":{"rendered":"\ud835\udc0f\ud835\udc2b\ud835\udc28\ud835\udc20\ud835\udc2b\ud835\udc1a\ud835\udc26\ud835\udc1a \ud835\udc0c\ud835\udc22 \ud835\udc00\ud835\udc26\ud835\udc22\ud835\udc20\ud835\udc28 \ud835\udc0f\ud835\udc28\ud835\udc25\ud835\udc22\ud835\udc1c\ud835\udc22\u0301\ud835\udc1a \ud835\udc2c\ud835\udc1e \ud835\udc1f\ud835\udc28\ud835\udc2b\ud835\udc2d\ud835\udc1a\ud835\udc25\ud835\udc1e\ud835\udc1c\ud835\udc1e\ud835\udc27 \ud835\udc25\ud835\udc28\ud835\udc2c \ud835\udc15\ud835\udc1a\ud835\udc25\ud835\udc28\ud835\udc2b\ud835\udc1e\ud835\udc2c \ud835\udc32 \ud835\udc25\ud835\udc1a \ud835\udc0f\ud835\udc2b\ud835\udc28\ud835\udc31\ud835\udc22\ud835\udc26\ud835\udc22\ud835\udc1d\ud835\udc1a\ud835\udc1d \ud835\udc12\ud835\udc28\ud835\udc1c\ud835\udc22\ud835\udc1a\ud835\udc25"},"content":{"rendered":"<p><strong><a href=\"https:\/\/www.facebook.com\/hashtag\/informativoelvalledeaguascalientes\">#informativoelvalledeaguascalientes<\/a> <\/strong><\/p>\n<p><strong><a href=\"https:\/\/www.facebook.com\/hashtag\/novaradioaguascalientes\">#novaradioaguascalientes<\/a><\/strong><\/p>\n<p>La Secretar\u00eda de Seguridad P\u00fablica y Vialidad Municipal a trav\u00e9s del \u00c1rea de Prevenci\u00f3n del Delito pusieron en marcha el programa \ud835\udc0c\ud835\udc22 \ud835\udc00\ud835\udc26\ud835\udc22\ud835\udc20\ud835\udc28 \ud835\udc0f\ud835\udc28\ud835\udc25\ud835\udc22\ud835\udc1c\ud835\udc22\u0301\ud835\udc1a en la Escuela Primaria Miguel Hidalgo de la cabecera municipal.<br \/>\nCon un participaci\u00f3n de 25 ni\u00f1as y ni\u00f1os y un docente se realiz\u00f3 este programa mediante el cual se logra un acercamiento real entre la polic\u00eda y los alumnos fortaleciendo as\u00ed la proximidad social, mediante la acci\u00f3n &#8220;Contando Cuentos&#8221; se fortalecen los valores entre los participantes.<br \/>\n#\ud835\udc13\ud835\udc2e\ud835\udc12\ud835\udc1e\ud835\udc20\ud835\udc2e\ud835\udc2b\ud835\udc22\ud835\udc1d\ud835\udc1a\ud835\udc1d\ud835\udc0d\ud835\udc2e\ud835\udc1e\ud835\udc2c\ud835\udc2d\ud835\udc2b\ud835\udc1a\ud835\udc0c\ud835\udc22\ud835\udc2c\ud835\udc22\ud835\udc28\u0301\ud835\udc27\ud835\udc13\ud835\udc2e\ud835\udc0c\ud835\udc22\ud835\udc2c\ud835\udc22\ud835\udc28\u0301\ud835\udc27\ud835\udc0b\ud835\udc1a\ud835\udc0f\ud835\udc2b\ud835\udc1e\ud835\udc2f\ud835\udc1e\ud835\udc27\ud835\udc1c\ud835\udc22\ud835\udc28\u0301\ud835\udc27<\/p>\n","protected":false},"excerpt":{"rendered":"<p>#informativoelvalledeaguascalientes #novaradioaguascalientes La Secretar\u00eda de Seguridad P\u00fablica y Vialidad Municipal a trav\u00e9s del \u00c1rea de Prevenci\u00f3n del Delito pusieron en marcha el programa \ud835\udc0c\ud835\udc22 \ud835\udc00\ud835\udc26\ud835\udc22\ud835\udc20\ud835\udc28 \ud835\udc0f\ud835\udc28\ud835\udc25\ud835\udc22\ud835\udc1c\ud835\udc22\u0301\ud835\udc1a en la Escuela Primaria Miguel Hidalgo de la cabecera municipal. Con un participaci\u00f3n de 25 ni\u00f1as y ni\u00f1os y un docente se realiz\u00f3 este programa mediante el cual se [&hellip;]<\/p>\n","protected":false},"author":1,"featured_media":38444,"comment_status":"closed","ping_status":"open","sticky":false,"template":"","format":"standard","meta":{"advanced_seo_description":"","jetpack_seo_html_title":"","jetpack_seo_noindex":false,"_jetpack_memberships_contains_paid_content":false,"footnotes":"","jetpack_publicize_message":"","jetpack_publicize_feature_enabled":true,"jetpack_social_post_already_shared":true,"jetpack_social_options":{"image_generator_settings":{"template":"highway","default_image_id":0,"font":"","enabled":false},"version":2}},"categories":[21,13],"tags":[22,88,29],"class_list":["post-38443","post","type-post","status-publish","format-standard","has-post-thumbnail","hentry","category-aguascalientes","category-calvillo-aguascalientes","tag-aguascalientes","tag-calvillo","tag-calvillo-aguascalientes"],"jetpack_publicize_connections":[],"jetpack_featured_media_url":"https:\/\/i0.wp.com\/informativoelvalledeaguascalientes.online\/wp-content\/uploads\/2022\/12\/5d60c9fc-785b-4a7b-a1e9-c1133675c772.jpg?fit=1024%2C768&ssl=1","jetpack-related-posts":[],"jetpack_sharing_enabled":true,"jetpack_likes_enabled":true,"_links":{"self":[{"href":"https:\/\/informativoelvalledeaguascalientes.online\/index.php?rest_route=\/wp\/v2\/posts\/38443","targetHints":{"allow":["GET"]}}],"collection":[{"href":"https:\/\/informativoelvalledeaguascalientes.online\/index.php?rest_route=\/wp\/v2\/posts"}],"about":[{"href":"https:\/\/informativoelvalledeaguascalientes.online\/index.php?rest_route=\/wp\/v2\/types\/post"}],"author":[{"embeddable":true,"href":"https:\/\/informativoelvalledeaguascalientes.online\/index.php?rest_route=\/wp\/v2\/users\/1"}],"replies":[{"embeddable":true,"href":"https:\/\/informativoelvalledeaguascalientes.online\/index.php?rest_route=%2Fwp%2Fv2%2Fcomments&post=38443"}],"version-history":[{"count":1,"href":"https:\/\/informativoelvalledeaguascalientes.online\/index.php?rest_route=\/wp\/v2\/posts\/38443\/revisions"}],"predecessor-version":[{"id":38445,"href":"https:\/\/informativoelvalledeaguascalientes.online\/index.php?rest_route=\/wp\/v2\/posts\/38443\/revisions\/38445"}],"wp:featuredmedia":[{"embeddable":true,"href":"https:\/\/informativoelvalledeaguascalientes.online\/index.php?rest_route=\/wp\/v2\/media\/38444"}],"wp:attachment":[{"href":"https:\/\/informativoelvalledeaguascalientes.online\/index.php?rest_route=%2Fwp%2Fv2%2Fmedia&parent=38443"}],"wp:term":[{"taxonomy":"category","embeddable":true,"href":"https:\/\/informativoelvalledeaguascalientes.online\/index.php?rest_route=%2Fwp%2Fv2%2Fcategories&post=38443"},{"taxonomy":"post_tag","embeddable":true,"href":"https:\/\/informativoelvalledeaguascalientes.online\/index.php?rest_route=%2Fwp%2Fv2%2Ftags&post=38443"}],"curies":[{"name":"wp","href":"https:\/\/api.w.org\/{rel}","templated":true}]}}