{"id":38427,"date":"2022-12-05T14:21:04","date_gmt":"2022-12-05T20:21:04","guid":{"rendered":"https:\/\/informativoelvalledeaguascalientes.online\/?p=38427"},"modified":"2022-12-05T14:21:04","modified_gmt":"2022-12-05T20:21:04","slug":"la-proespa-emprende-campana-de-acopio-de-aparatos-electronicos-en-desuso","status":"publish","type":"post","link":"https:\/\/informativoelvalledeaguascalientes.online\/?p=38427","title":{"rendered":"LA PROESPA EMPRENDE CAMPA\u00d1A DE ACOPIO DE APARATOS ELECTR\u00d3NICOS EN DESUSO"},"content":{"rendered":"<p><strong><a href=\"https:\/\/www.facebook.com\/hashtag\/informativoelvalledeaguascalientes\">#informativoelvalledeaguascalientes<\/a> <\/strong><\/p>\n<p><strong><a href=\"https:\/\/www.facebook.com\/hashtag\/novaradioaguascalientes\">#novaradioaguascalientes<\/a><\/strong><\/p>\n<p><strong><a href=\"https:\/\/www.facebook.com\/GobiernodeAguascalientes\">#ElGiganteDeMexico<\/a><\/strong><\/p>\n<div id=\"bgLayers_comp-l7sh9ubr2\" class=\"_3wnIc\" data-hook=\"bgLayers\">\n<div id=\"bgMedia_comp-l7sh9ubr2\" class=\"_2GUhU\"><\/div>\n<\/div>\n<div class=\"\" data-mesh-id=\"comp-l7sh9ubr2inlineContent\" data-testid=\"inline-content\">\n<div data-mesh-id=\"comp-l7sh9ubr2inlineContent-gridContainer\" data-testid=\"mesh-container-content\">\n<div id=\"comp-l7yvxqnz\" class=\"XUUsC _2S73V\"><\/div>\n<div id=\"comp-l7yvxqo5\" class=\"XUUsC _2S73V\"><\/div>\n<div id=\"comp-l7yvxqo2\" class=\"XUUsC\">\n<div class=\"xQ_iF\" data-testid=\"linkElement\"><\/div>\n<\/div>\n<div id=\"comp-l7sh9ubx\" class=\"_2PSyL\">\n<div class=\"comp-l7sh9ubx\">\n<div class=\"s1IW4bz\" data-hook=\"ricosviewer-wrapper\">\n<div class=\"kvdbP _1O7aH\" dir=\"ltr\" data-id=\"rich-content-viewer\">\n<div class=\"_1hN1O _3EPBy\">\n<ul class=\"public-DraftStyleDefault-ul\">\n<li id=\"viewer-foo\" class=\"_3Kjjs _78FBa public-DraftStyleDefault-unorderedListItem public-DraftStyleDefault-depth0 public-DraftStyleDefault-list-ltr fixed-tab-size public-DraftStyleDefault-reset _1FoOD _78FBa\">\n<p class=\"_1j-51 _1FoOD _78FBa undefined\"><strong><em>A partir del 6 de diciembre se recibir\u00e1n los aparatos electr\u00f3nicos<\/em><\/strong><\/p>\n<\/li>\n<li id=\"viewer-4v1sb9710\" class=\"_3Kjjs _78FBa public-DraftStyleDefault-unorderedListItem public-DraftStyleDefault-depth0 public-DraftStyleDefault-list-ltr fixed-tab-size _1FoOD _78FBa\">\n<p class=\"_1j-51 _1FoOD _78FBa undefined\"><strong><em>La recolecci\u00f3n es con causa, pues lo que se recaude con el reciclaje se destinar\u00e1 a programas sociales de bienestar animal<\/em><\/strong><\/p>\n<\/li>\n<li id=\"viewer-b3kmi9713\" class=\"_3Kjjs _78FBa public-DraftStyleDefault-unorderedListItem public-DraftStyleDefault-depth0 public-DraftStyleDefault-list-ltr fixed-tab-size _1FoOD _78FBa\">\n<p class=\"_1j-51 _1FoOD _78FBa undefined\"><strong><em>Los aparatos que se pueden entregar son: celulares, cargadores, tabletas, teclados, monitores, radios, televisores, entre otros<\/em><\/strong><\/p>\n<\/li>\n<\/ul>\n<div id=\"viewer-5u4k510091\" class=\"mm8Nw _1j-51 _1FoOD _78FBa public-DraftStyleDefault-block-depth0 fixed-tab-size public-DraftStyleDefault-text-ltr\"><span class=\"_2PHJq public-DraftStyleDefault-ltr\">\u00a0<\/span><\/div>\n<p id=\"viewer-8f7v29715\" class=\"mm8Nw _1j-51 _1FoOD _78FBa public-DraftStyleDefault-block-depth0 fixed-tab-size public-DraftStyleDefault-text-ltr\"><span class=\"_2PHJq public-DraftStyleDefault-ltr\">\u00bfTienes aparatos electr\u00f3nicos que no utilices o no sirvan y no sabes qu\u00e9 hacer con ellos?, la Procuradur\u00eda Estatal de Protecci\u00f3n al Ambiente (Proespa) emprender\u00e1 una campa\u00f1a de acopio de aparatos electr\u00f3nicos en desuso, ya que los dispositivos electr\u00f3nicos tienen componentes que, si son arrojados y dejados a la intemperie sin el tratamiento adecuado, ocasionan da\u00f1os graves al medio ambiente.<\/span><\/p>\n<div id=\"viewer-pof6z9717\" class=\"mm8Nw _1j-51 _1FoOD _78FBa public-DraftStyleDefault-block-depth0 fixed-tab-size public-DraftStyleDefault-text-ltr\"><span class=\"_2PHJq public-DraftStyleDefault-ltr\">\u00a0<\/span><\/div>\n<p id=\"viewer-xj4ec9718\" class=\"mm8Nw _1j-51 _1FoOD _78FBa public-DraftStyleDefault-block-depth0 fixed-tab-size public-DraftStyleDefault-text-ltr\"><span class=\"_2PHJq public-DraftStyleDefault-ltr\">Los aparatos que se pueden entregar son: celulares, cargadores, tabletas, teclados, monitores, radios, televisores, entre otros, y ser\u00e1n recibidos en las instalaciones de la Proespa, ubicadas en Jard\u00edn del Encino #106 A, Jardines de Aguascalientes, de lunes a viernes, de las 8:00 a las 16:00 horas.\u00a0<\/span><\/p>\n<div id=\"viewer-nyg8c10679\" class=\"mm8Nw _1j-51 _1FoOD _78FBa public-DraftStyleDefault-block-depth0 fixed-tab-size public-DraftStyleDefault-text-ltr\"><span class=\"_2PHJq public-DraftStyleDefault-ltr\">\u00a0<\/span><\/div>\n<p id=\"viewer-t70xk9720\" class=\"mm8Nw _1j-51 _1FoOD _78FBa public-DraftStyleDefault-block-depth0 fixed-tab-size public-DraftStyleDefault-text-ltr\"><span class=\"_2PHJq public-DraftStyleDefault-ltr\">La Proespa invita a la ciudadan\u00eda a sumarse a esta campa\u00f1a que no s\u00f3lo es a favor del medio ambiente, sino tambi\u00e9n de las mascotas, pues con lo recolectado se apoyar\u00e1 a los due\u00f1os que no tienen la posibilidad de adquirir croquetas y casitas para sus michis y lomitos.<\/span><\/p>\n<div id=\"viewer-7hdq410811\" class=\"mm8Nw _1j-51 _1FoOD _78FBa public-DraftStyleDefault-block-depth0 fixed-tab-size public-DraftStyleDefault-text-ltr\"><span class=\"_2PHJq public-DraftStyleDefault-ltr\">\u00a0<\/span><\/div>\n<p id=\"viewer-vr5gu9722\" class=\"mm8Nw _1j-51 _1FoOD _78FBa public-DraftStyleDefault-block-depth0 fixed-tab-size public-DraftStyleDefault-text-ltr\"><span class=\"_2PHJq public-DraftStyleDefault-ltr\">Cabe mencionar que todos los aparatos recopilados tendr\u00e1n un final adecuado, pues con el reciclaje se pueden recuperar materiales de esos dispositivos y usarlos en otros productos, lo cual contribuye a disminuir la basura electr\u00f3nica da\u00f1ina y lograr una mayor sostenibilidad.\u00a0<\/span><\/p>\n<div id=\"viewer-485b710943\" class=\"mm8Nw _1j-51 _1FoOD _78FBa public-DraftStyleDefault-block-depth0 fixed-tab-size public-DraftStyleDefault-text-ltr\"><span class=\"_2PHJq public-DraftStyleDefault-ltr\">\u00a0<\/span><\/div>\n<p id=\"viewer-msc3d9724\" class=\"mm8Nw _1j-51 _1FoOD _78FBa public-DraftStyleDefault-block-depth0 fixed-tab-size public-DraftStyleDefault-text-ltr\"><span class=\"_2PHJq public-DraftStyleDefault-ltr\">La campa\u00f1a concluir\u00e1 el 13 de enero de 2023; para mayor informaci\u00f3n se pueden comunicar al 449 917 10 51.<\/span><\/p>\n<p id=\"viewer-tznuz9726\" class=\"mm8Nw _1j-51 _1FoOD _78FBa public-DraftStyleDefault-block-depth0 fixed-tab-size public-DraftStyleDefault-text-ltr\"><span class=\"_2PHJq public-DraftStyleDefault-ltr\">\u00a0<\/span><\/p>\n<\/div>\n<\/div>\n<\/div>\n<\/div>\n<\/div>\n<\/div>\n<\/div>\n","protected":false},"excerpt":{"rendered":"<p>#informativoelvalledeaguascalientes #novaradioaguascalientes #ElGiganteDeMexico A partir del 6 de diciembre se recibir\u00e1n los aparatos electr\u00f3nicos La recolecci\u00f3n es con causa, pues lo que se recaude con el reciclaje se destinar\u00e1 a programas sociales de bienestar animal Los aparatos que se pueden entregar son: celulares, cargadores, tabletas, teclados, monitores, radios, televisores, entre otros \u00a0 \u00bfTienes aparatos electr\u00f3nicos [&hellip;]<\/p>\n","protected":false},"author":1,"featured_media":38428,"comment_status":"closed","ping_status":"open","sticky":false,"template":"","format":"standard","meta":{"advanced_seo_description":"","jetpack_seo_html_title":"","jetpack_seo_noindex":false,"_jetpack_memberships_contains_paid_content":false,"footnotes":"","jetpack_publicize_message":"","jetpack_publicize_feature_enabled":true,"jetpack_social_post_already_shared":true,"jetpack_social_options":{"image_generator_settings":{"template":"highway","default_image_id":0,"font":"","enabled":false},"version":2}},"categories":[21,4],"tags":[22,161,86,320],"class_list":["post-38427","post","type-post","status-publish","format-standard","has-post-thumbnail","hentry","category-aguascalientes","category-gobierno-del-estado-aguascalientes","tag-aguascalientes","tag-gobierno-del-estado-aguascalientes","tag-proespa","tag-tere-jimenez"],"jetpack_publicize_connections":[],"jetpack_featured_media_url":"https:\/\/i0.wp.com\/informativoelvalledeaguascalientes.online\/wp-content\/uploads\/2022\/12\/whatsapp-image-2022-12-02-at-3.52.33-pm.jpeg?fit=999%2C787&ssl=1","jetpack-related-posts":[],"jetpack_sharing_enabled":true,"jetpack_likes_enabled":true,"_links":{"self":[{"href":"https:\/\/informativoelvalledeaguascalientes.online\/index.php?rest_route=\/wp\/v2\/posts\/38427","targetHints":{"allow":["GET"]}}],"collection":[{"href":"https:\/\/informativoelvalledeaguascalientes.online\/index.php?rest_route=\/wp\/v2\/posts"}],"about":[{"href":"https:\/\/informativoelvalledeaguascalientes.online\/index.php?rest_route=\/wp\/v2\/types\/post"}],"author":[{"embeddable":true,"href":"https:\/\/informativoelvalledeaguascalientes.online\/index.php?rest_route=\/wp\/v2\/users\/1"}],"replies":[{"embeddable":true,"href":"https:\/\/informativoelvalledeaguascalientes.online\/index.php?rest_route=%2Fwp%2Fv2%2Fcomments&post=38427"}],"version-history":[{"count":1,"href":"https:\/\/informativoelvalledeaguascalientes.online\/index.php?rest_route=\/wp\/v2\/posts\/38427\/revisions"}],"predecessor-version":[{"id":38429,"href":"https:\/\/informativoelvalledeaguascalientes.online\/index.php?rest_route=\/wp\/v2\/posts\/38427\/revisions\/38429"}],"wp:featuredmedia":[{"embeddable":true,"href":"https:\/\/informativoelvalledeaguascalientes.online\/index.php?rest_route=\/wp\/v2\/media\/38428"}],"wp:attachment":[{"href":"https:\/\/informativoelvalledeaguascalientes.online\/index.php?rest_route=%2Fwp%2Fv2%2Fmedia&parent=38427"}],"wp:term":[{"taxonomy":"category","embeddable":true,"href":"https:\/\/informativoelvalledeaguascalientes.online\/index.php?rest_route=%2Fwp%2Fv2%2Fcategories&post=38427"},{"taxonomy":"post_tag","embeddable":true,"href":"https:\/\/informativoelvalledeaguascalientes.online\/index.php?rest_route=%2Fwp%2Fv2%2Ftags&post=38427"}],"curies":[{"name":"wp","href":"https:\/\/api.w.org\/{rel}","templated":true}]}}