{"id":38420,"date":"2022-12-05T13:43:59","date_gmt":"2022-12-05T19:43:59","guid":{"rendered":"https:\/\/informativoelvalledeaguascalientes.online\/?p=38420"},"modified":"2022-12-05T13:43:59","modified_gmt":"2022-12-05T19:43:59","slug":"tere-jimenez-inaugura-estancia-y-comedor-para-adultos-mayores-en-jesus-maria","status":"publish","type":"post","link":"https:\/\/informativoelvalledeaguascalientes.online\/?p=38420","title":{"rendered":"TERE JIM\u00c9NEZ INAUGURA ESTANCIA Y COMEDOR PARA ADULTOS MAYORES EN JES\u00daS MAR\u00cdA"},"content":{"rendered":"<p><strong><a href=\"https:\/\/www.facebook.com\/hashtag\/informativoelvalledeaguascalientes\">#informativoelvalledeaguascalientes<\/a> <\/strong><\/p>\n<p><strong><a href=\"https:\/\/www.facebook.com\/hashtag\/novaradioaguascalientes\">#novaradioaguascalientes<\/a><\/strong><\/p>\n<p><strong><a href=\"https:\/\/www.facebook.com\/GobiernodeAguascalientes\">#ElGiganteDeMexico<\/a><\/strong><\/p>\n<div id=\"bgLayers_comp-l7sh9ubr2\" class=\"_3wnIc\" data-hook=\"bgLayers\">\n<div id=\"bgMedia_comp-l7sh9ubr2\" class=\"_2GUhU\"><\/div>\n<\/div>\n<div class=\"\" data-mesh-id=\"comp-l7sh9ubr2inlineContent\" data-testid=\"inline-content\">\n<div data-mesh-id=\"comp-l7sh9ubr2inlineContent-gridContainer\" data-testid=\"mesh-container-content\">\n<div id=\"comp-l7yvxqnz\" class=\"XUUsC _2S73V\"><\/div>\n<div id=\"comp-l7yvxqo5\" class=\"XUUsC _2S73V\"><\/div>\n<div id=\"comp-l7yvxqo2\" class=\"XUUsC\">\n<div class=\"xQ_iF\" data-testid=\"linkElement\"><\/div>\n<\/div>\n<div id=\"comp-l7sh9ubx\" class=\"_2PSyL\">\n<div class=\"comp-l7sh9ubx\">\n<div class=\"s1IW4bz\" data-hook=\"ricosviewer-wrapper\">\n<div class=\"kvdbP _1O7aH\" dir=\"ltr\" data-id=\"rich-content-viewer\">\n<div class=\"_1hN1O _3EPBy\">\n<p id=\"viewer-foo\" class=\"mm8Nw _1j-51 _1FoOD _78FBa public-DraftStyleDefault-block-depth0 fixed-tab-size public-DraftStyleDefault-text-ltr\"><span class=\"_2PHJq public-DraftStyleDefault-ltr\">La gobernadora de Aguascalientes, Tere Jim\u00e9nez, inaugur\u00f3 la Estancia y Comedor para Adultos Mayores en Jes\u00fas Mar\u00eda, donde las y los abuelitos de este municipio podr\u00e1n realizar una serie de actividades productivas y recreativas en un entorno seguro, adem\u00e1s de recibir alimentos nutritivos y balanceados.\u00a0<\/span><\/p>\n<div id=\"viewer-slqjz14033\" class=\"mm8Nw _1j-51 _1FoOD _78FBa public-DraftStyleDefault-block-depth0 fixed-tab-size public-DraftStyleDefault-text-ltr\"><span class=\"_2PHJq public-DraftStyleDefault-ltr\">\u00a0<\/span><\/div>\n<p id=\"viewer-r8h0214034\" class=\"mm8Nw _1j-51 _1FoOD _78FBa public-DraftStyleDefault-block-depth0 fixed-tab-size public-DraftStyleDefault-text-ltr\"><span class=\"_2PHJq public-DraftStyleDefault-ltr\">\u201cUstedes siempre nos contagian con su alegr\u00eda e ilusiones, por ello vamos a traerles muchas actividades y proyectos para que puedan seguir prepar\u00e1ndose y hacer las actividades que les gustan; les pido que sigamos estudiando y capacit\u00e1ndonos, que le echemos todas las ganas para ser mejores cada d\u00eda, cuenten con el Gobierno del Estado para seguir caminando hacia adelante\u201d, recalc\u00f3 la gobernadora.<\/span><\/p>\n<div id=\"viewer-ysu2s14036\" class=\"mm8Nw _1j-51 _1FoOD _78FBa public-DraftStyleDefault-block-depth0 fixed-tab-size public-DraftStyleDefault-text-ltr\"><span class=\"_2PHJq public-DraftStyleDefault-ltr\">\u00a0<\/span><\/div>\n<p id=\"viewer-uu4fz14037\" class=\"mm8Nw _1j-51 _1FoOD _78FBa public-DraftStyleDefault-block-depth0 fixed-tab-size public-DraftStyleDefault-text-ltr\"><span class=\"_2PHJq public-DraftStyleDefault-ltr\">Dijo que con estas acciones se impulsa una verdadera cultura gerontol\u00f3gica para garantizar la atenci\u00f3n integral de este sector de la poblaci\u00f3n, adem\u00e1s de ofrecer alternativas de desarrollo para mejorar su calidad de vida.<\/span><\/p>\n<div id=\"viewer-p046r14040\" class=\"mm8Nw _1j-51 _1FoOD _78FBa public-DraftStyleDefault-block-depth0 fixed-tab-size public-DraftStyleDefault-text-ltr\"><span class=\"_2PHJq public-DraftStyleDefault-ltr\">\u00a0<\/span><\/div>\n<p id=\"viewer-d1aa014041\" class=\"mm8Nw _1j-51 _1FoOD _78FBa public-DraftStyleDefault-block-depth0 fixed-tab-size public-DraftStyleDefault-text-ltr\"><span class=\"_2PHJq public-DraftStyleDefault-ltr\">Antonio Ar\u00e1mbula L\u00f3pez, presidente municipal de Jes\u00fas Mar\u00eda, destac\u00f3 que dentro de las pol\u00edticas p\u00fablicas del gobierno que encabeza Tere Jim\u00e9nez, los adultos mayores son una prioridad, prueba de ello es la creaci\u00f3n del Instituto Aguascalentense de las Personas Adultas Mayores y los espacios que hoy se inauguraron.\u00a0<\/span><\/p>\n<div id=\"viewer-mlc6d14043\" class=\"mm8Nw _1j-51 _1FoOD _78FBa public-DraftStyleDefault-block-depth0 fixed-tab-size public-DraftStyleDefault-text-ltr\"><span class=\"_2PHJq public-DraftStyleDefault-ltr\">\u00a0<\/span><\/div>\n<p id=\"viewer-f1xd514044\" class=\"mm8Nw _1j-51 _1FoOD _78FBa public-DraftStyleDefault-block-depth0 fixed-tab-size public-DraftStyleDefault-text-ltr\"><span class=\"_2PHJq public-DraftStyleDefault-ltr\">\u201cDe ese tama\u00f1o es la importancia que nuestra gobernadora le da a los adultos mayores; por ello vamos a trabajar de la mano por mejorar sus condiciones de vida, pues ya pasaron muchos a\u00f1os trabajando y es momento de que reciban una buena atenci\u00f3n y utilicen su tiempo en actividades de recreaci\u00f3n\u201d, sostuvo Ar\u00e1mbula L\u00f3pez.\u00a0<\/span><\/p>\n<div id=\"viewer-xf4pr14046\" class=\"mm8Nw _1j-51 _1FoOD _78FBa public-DraftStyleDefault-block-depth0 fixed-tab-size public-DraftStyleDefault-text-ltr\"><span class=\"_2PHJq public-DraftStyleDefault-ltr\">\u00a0<\/span><\/div>\n<p id=\"viewer-o8yxa14047\" class=\"mm8Nw _1j-51 _1FoOD _78FBa public-DraftStyleDefault-block-depth0 fixed-tab-size public-DraftStyleDefault-text-ltr\"><span class=\"_2PHJq public-DraftStyleDefault-ltr\">La estancia que se ubica en el centro recreativo Shalom, dentro del fraccionamiento La Cartuja, ofrece un sinn\u00famero de actividades para las personas de la tercera edad, como cine, canto, baile, gimnasia cerebral, masajes y est\u00e9tica, de lunes a viernes, de 9:00 a. m. a 3:30 p. m.<\/span><\/p>\n<div id=\"viewer-y0a3014049\" class=\"mm8Nw _1j-51 _1FoOD _78FBa public-DraftStyleDefault-block-depth0 fixed-tab-size public-DraftStyleDefault-text-ltr\"><span class=\"_2PHJq public-DraftStyleDefault-ltr\">\u00a0<\/span><\/div>\n<p id=\"viewer-r2qjg14050\" class=\"mm8Nw _1j-51 _1FoOD _78FBa public-DraftStyleDefault-block-depth0 fixed-tab-size public-DraftStyleDefault-text-ltr\"><span class=\"_2PHJq public-DraftStyleDefault-ltr\">Al evento tambi\u00e9n asistieron Mar\u00eda de Jes\u00fas Ram\u00edrez Castro, directora del Instituto Aguascalentense de las Personas Adultas Mayores; Aurora Jim\u00e9nez Esquivel, presidenta del DIF Estatal; Liliana Coronado de Ar\u00e1mbula, presidenta del DIF Municipal de Jes\u00fas Mar\u00eda; la diputada Laura Patricia Ponce Luna; Ma. Patricia Alvarado Mart\u00ednez, directora del DIF Municipal de Jes\u00fas Mar\u00eda; Rita Ver\u00f3nica Cruz Medina, directora general del DIF Estatal, y Jos\u00e9 David G\u00f3mez Pastrana, beneficiario.<\/span><\/p>\n<div id=\"viewer-li85d14052\" class=\"mm8Nw _1j-51 _1FoOD _78FBa public-DraftStyleDefault-block-depth0 fixed-tab-size public-DraftStyleDefault-text-ltr\"><\/div>\n<\/div>\n<\/div>\n<\/div>\n<\/div>\n<\/div>\n<\/div>\n<\/div>\n","protected":false},"excerpt":{"rendered":"<p>#informativoelvalledeaguascalientes #novaradioaguascalientes #ElGiganteDeMexico La gobernadora de Aguascalientes, Tere Jim\u00e9nez, inaugur\u00f3 la Estancia y Comedor para Adultos Mayores en Jes\u00fas Mar\u00eda, donde las y los abuelitos de este municipio podr\u00e1n realizar una serie de actividades productivas y recreativas en un entorno seguro, adem\u00e1s de recibir alimentos nutritivos y balanceados.\u00a0 \u00a0 \u201cUstedes siempre nos contagian con su [&hellip;]<\/p>\n","protected":false},"author":1,"featured_media":38421,"comment_status":"closed","ping_status":"open","sticky":false,"template":"","format":"standard","meta":{"advanced_seo_description":"","jetpack_seo_html_title":"","jetpack_seo_noindex":false,"_jetpack_memberships_contains_paid_content":false,"footnotes":"","jetpack_publicize_message":"","jetpack_publicize_feature_enabled":true,"jetpack_social_post_already_shared":true,"jetpack_social_options":{"image_generator_settings":{"template":"highway","default_image_id":0,"font":"","enabled":false},"version":2}},"categories":[21,4],"tags":[22,161,320],"class_list":["post-38420","post","type-post","status-publish","format-standard","has-post-thumbnail","hentry","category-aguascalientes","category-gobierno-del-estado-aguascalientes","tag-aguascalientes","tag-gobierno-del-estado-aguascalientes","tag-tere-jimenez"],"jetpack_publicize_connections":[],"jetpack_featured_media_url":"https:\/\/i0.wp.com\/informativoelvalledeaguascalientes.online\/wp-content\/uploads\/2022\/12\/20221203122832_img_8455.jpeg?fit=2400%2C1600&ssl=1","jetpack-related-posts":[],"jetpack_sharing_enabled":true,"jetpack_likes_enabled":true,"_links":{"self":[{"href":"https:\/\/informativoelvalledeaguascalientes.online\/index.php?rest_route=\/wp\/v2\/posts\/38420","targetHints":{"allow":["GET"]}}],"collection":[{"href":"https:\/\/informativoelvalledeaguascalientes.online\/index.php?rest_route=\/wp\/v2\/posts"}],"about":[{"href":"https:\/\/informativoelvalledeaguascalientes.online\/index.php?rest_route=\/wp\/v2\/types\/post"}],"author":[{"embeddable":true,"href":"https:\/\/informativoelvalledeaguascalientes.online\/index.php?rest_route=\/wp\/v2\/users\/1"}],"replies":[{"embeddable":true,"href":"https:\/\/informativoelvalledeaguascalientes.online\/index.php?rest_route=%2Fwp%2Fv2%2Fcomments&post=38420"}],"version-history":[{"count":1,"href":"https:\/\/informativoelvalledeaguascalientes.online\/index.php?rest_route=\/wp\/v2\/posts\/38420\/revisions"}],"predecessor-version":[{"id":38422,"href":"https:\/\/informativoelvalledeaguascalientes.online\/index.php?rest_route=\/wp\/v2\/posts\/38420\/revisions\/38422"}],"wp:featuredmedia":[{"embeddable":true,"href":"https:\/\/informativoelvalledeaguascalientes.online\/index.php?rest_route=\/wp\/v2\/media\/38421"}],"wp:attachment":[{"href":"https:\/\/informativoelvalledeaguascalientes.online\/index.php?rest_route=%2Fwp%2Fv2%2Fmedia&parent=38420"}],"wp:term":[{"taxonomy":"category","embeddable":true,"href":"https:\/\/informativoelvalledeaguascalientes.online\/index.php?rest_route=%2Fwp%2Fv2%2Fcategories&post=38420"},{"taxonomy":"post_tag","embeddable":true,"href":"https:\/\/informativoelvalledeaguascalientes.online\/index.php?rest_route=%2Fwp%2Fv2%2Ftags&post=38420"}],"curies":[{"name":"wp","href":"https:\/\/api.w.org\/{rel}","templated":true}]}}