{"id":38417,"date":"2022-12-05T13:25:36","date_gmt":"2022-12-05T19:25:36","guid":{"rendered":"https:\/\/informativoelvalledeaguascalientes.online\/?p=38417"},"modified":"2022-12-05T13:25:36","modified_gmt":"2022-12-05T19:25:36","slug":"por-primera-vez-en-aguascalientes-9-mujeres-reciben-su-cartilla-de-servicio-militar","status":"publish","type":"post","link":"https:\/\/informativoelvalledeaguascalientes.online\/?p=38417","title":{"rendered":"POR PRIMERA VEZ EN AGUASCALIENTES 9 MUJERES RECIBEN SU CARTILLA DE SERVICIO MILITAR"},"content":{"rendered":"<div id=\"bgLayers_comp-l7sh9ubr2\" class=\"_3wnIc\" data-hook=\"bgLayers\">\n<div id=\"bgMedia_comp-l7sh9ubr2\" class=\"_2GUhU\">\n<p><strong><a href=\"https:\/\/www.facebook.com\/hashtag\/informativoelvalledeaguascalientes\">#informativoelvalledeaguascalientes<\/a> <\/strong><\/p>\n<p><strong><a href=\"https:\/\/www.facebook.com\/hashtag\/novaradioaguascalientes\">#novaradioaguascalientes<\/a><\/strong><\/p>\n<p><strong><a href=\"https:\/\/www.facebook.com\/GobiernodeAguascalientes\">#ElGiganteDeMexico<\/a><\/strong><\/p>\n<p>&nbsp;<\/p>\n<\/div>\n<\/div>\n<div class=\"\" data-mesh-id=\"comp-l7sh9ubr2inlineContent\" data-testid=\"inline-content\">\n<div data-mesh-id=\"comp-l7sh9ubr2inlineContent-gridContainer\" data-testid=\"mesh-container-content\">\n<div id=\"comp-l7yvxqnz\" class=\"XUUsC _2S73V\"><\/div>\n<div id=\"comp-l7yvxqo5\" class=\"XUUsC _2S73V\"><\/div>\n<div id=\"comp-l7yvxqo2\" class=\"XUUsC\">\n<div class=\"xQ_iF\" data-testid=\"linkElement\"><\/div>\n<\/div>\n<div id=\"comp-l7sh9ubx\" class=\"_2PSyL\">\n<div class=\"comp-l7sh9ubx\">\n<div class=\"s1IW4bz\" data-hook=\"ricosviewer-wrapper\">\n<div class=\"kvdbP _1O7aH\" dir=\"ltr\" data-id=\"rich-content-viewer\">\n<div class=\"_1hN1O _3EPBy\">\n<p id=\"viewer-foo\" class=\"mm8Nw _1j-51 _1FoOD _78FBa public-DraftStyleDefault-block-depth0 fixed-tab-size public-DraftStyleDefault-text-ltr\"><span class=\"_2PHJq public-DraftStyleDefault-ltr\">Para la administraci\u00f3n que encabeza la gobernadora de Aguascalientes, Tere Jim\u00e9nez, la igualdad de oportunidades entre hombres y mujeres en cualquier \u00e1mbito es primordial; as\u00ed lo constat\u00f3 al asistir a la entrega de cartillas del Servicio Militar Nacional, donde por primera vez, un grupo de mujeres recibi\u00f3 este documento.<\/span><\/p>\n<div id=\"viewer-2ar1t7743\" class=\"mm8Nw _1j-51 _1FoOD _78FBa public-DraftStyleDefault-block-depth0 fixed-tab-size public-DraftStyleDefault-text-ltr\"><span class=\"_2PHJq public-DraftStyleDefault-ltr\">\u00a0<\/span><\/div>\n<p id=\"viewer-7476y7744\" class=\"mm8Nw _1j-51 _1FoOD _78FBa public-DraftStyleDefault-block-depth0 fixed-tab-size public-DraftStyleDefault-text-ltr\"><span class=\"_2PHJq public-DraftStyleDefault-ltr\">La gobernadora, junto con el general de Brigada Diplomado de Estado Mayor, Rub\u00e9n Barraza Rodr\u00edguez, comandante de la 14a. Zona Militar, hizo entrega de cartillas a 191 hombres y 9 mujeres, quienes pasar\u00e1n a la historia como las primeras en recibir dicha identificaci\u00f3n militar en el estado.<\/span><\/p>\n<div id=\"viewer-vofef7748\" class=\"mm8Nw _1j-51 _1FoOD _78FBa public-DraftStyleDefault-block-depth0 fixed-tab-size public-DraftStyleDefault-text-ltr\"><span class=\"_2PHJq public-DraftStyleDefault-ltr\">\u00a0<\/span><\/div>\n<p id=\"viewer-lwavt7749\" class=\"mm8Nw _1j-51 _1FoOD _78FBa public-DraftStyleDefault-block-depth0 fixed-tab-size public-DraftStyleDefault-text-ltr\"><span class=\"_2PHJq public-DraftStyleDefault-ltr\">\u201cUna de nuestras metas era demostrar que las mujeres somos capaces de realizar actividades que la sociedad consideraba exclusivas de los hombres. Gracias a la Zona Militar por permitirnos trabajar hombro con hombro con los hombres y fijarnos sue\u00f1os cada vez m\u00e1s grandes\u201d, dijo Celicia Casta\u00f1eda Alf\u00e9rez, mujer voluntaria del Servicio Militar Nacional.<\/span><\/p>\n<div id=\"viewer-aczgz7751\" class=\"mm8Nw _1j-51 _1FoOD _78FBa public-DraftStyleDefault-block-depth0 fixed-tab-size public-DraftStyleDefault-text-ltr\"><span class=\"_2PHJq public-DraftStyleDefault-ltr\">\u00a0<\/span><\/div>\n<p id=\"viewer-53wfv7752\" class=\"mm8Nw _1j-51 _1FoOD _78FBa public-DraftStyleDefault-block-depth0 fixed-tab-size public-DraftStyleDefault-text-ltr\"><span class=\"_2PHJq public-DraftStyleDefault-ltr\">En este sentido, Carlos Elizondo Serrano, coronel del Arma Blindada Diplomado de Estado Mayor, mencion\u00f3 que la participaci\u00f3n de la mujer en la milicia es sumamente importante, por lo que a diario se trabaja para fortalecer la equidad de g\u00e9nero en el \u00e1mbito militar, ya que la naci\u00f3n requiere de su empuje y esfuerzo para lograr el M\u00e9xico que todos queremos.<\/span><\/p>\n<div id=\"viewer-ixbrg7754\" class=\"mm8Nw _1j-51 _1FoOD _78FBa public-DraftStyleDefault-block-depth0 fixed-tab-size public-DraftStyleDefault-text-ltr\"><span class=\"_2PHJq public-DraftStyleDefault-ltr\">\u00a0<\/span><\/div>\n<p id=\"viewer-je9oa7755\" class=\"mm8Nw _1j-51 _1FoOD _78FBa public-DraftStyleDefault-block-depth0 fixed-tab-size public-DraftStyleDefault-text-ltr\"><span class=\"_2PHJq public-DraftStyleDefault-ltr\">Al evento tambi\u00e9n asistieron Leonardo Monta\u00f1ez Castro, presidente municipal de Aguascalientes; Salvador Ortiz Esparza, director de Seguridad P\u00fablica del Estado, y \u00d3scar Arturo Guti\u00e9rrez Acevedo, encargado del Departamento de la Junta Municipal de Reclutamiento de Aguascalientes.<\/span><\/p>\n<\/div>\n<\/div>\n<\/div>\n<\/div>\n<\/div>\n<\/div>\n<\/div>\n","protected":false},"excerpt":{"rendered":"<p>#informativoelvalledeaguascalientes #novaradioaguascalientes #ElGiganteDeMexico &nbsp; Para la administraci\u00f3n que encabeza la gobernadora de Aguascalientes, Tere Jim\u00e9nez, la igualdad de oportunidades entre hombres y mujeres en cualquier \u00e1mbito es primordial; as\u00ed lo constat\u00f3 al asistir a la entrega de cartillas del Servicio Militar Nacional, donde por primera vez, un grupo de mujeres recibi\u00f3 este documento. \u00a0 La [&hellip;]<\/p>\n","protected":false},"author":1,"featured_media":38418,"comment_status":"closed","ping_status":"open","sticky":false,"template":"","format":"standard","meta":{"advanced_seo_description":"","jetpack_seo_html_title":"","jetpack_seo_noindex":false,"_jetpack_memberships_contains_paid_content":false,"footnotes":"","jetpack_publicize_message":"","jetpack_publicize_feature_enabled":true,"jetpack_social_post_already_shared":true,"jetpack_social_options":{"image_generator_settings":{"template":"highway","default_image_id":0,"font":"","enabled":false},"version":2}},"categories":[21,4],"tags":[22,161,320],"class_list":["post-38417","post","type-post","status-publish","format-standard","has-post-thumbnail","hentry","category-aguascalientes","category-gobierno-del-estado-aguascalientes","tag-aguascalientes","tag-gobierno-del-estado-aguascalientes","tag-tere-jimenez"],"jetpack_publicize_connections":[],"jetpack_featured_media_url":"https:\/\/i0.wp.com\/informativoelvalledeaguascalientes.online\/wp-content\/uploads\/2022\/12\/20221203104450_5dm42622.jpeg?fit=1600%2C912&ssl=1","jetpack-related-posts":[],"jetpack_sharing_enabled":true,"jetpack_likes_enabled":true,"_links":{"self":[{"href":"https:\/\/informativoelvalledeaguascalientes.online\/index.php?rest_route=\/wp\/v2\/posts\/38417","targetHints":{"allow":["GET"]}}],"collection":[{"href":"https:\/\/informativoelvalledeaguascalientes.online\/index.php?rest_route=\/wp\/v2\/posts"}],"about":[{"href":"https:\/\/informativoelvalledeaguascalientes.online\/index.php?rest_route=\/wp\/v2\/types\/post"}],"author":[{"embeddable":true,"href":"https:\/\/informativoelvalledeaguascalientes.online\/index.php?rest_route=\/wp\/v2\/users\/1"}],"replies":[{"embeddable":true,"href":"https:\/\/informativoelvalledeaguascalientes.online\/index.php?rest_route=%2Fwp%2Fv2%2Fcomments&post=38417"}],"version-history":[{"count":1,"href":"https:\/\/informativoelvalledeaguascalientes.online\/index.php?rest_route=\/wp\/v2\/posts\/38417\/revisions"}],"predecessor-version":[{"id":38419,"href":"https:\/\/informativoelvalledeaguascalientes.online\/index.php?rest_route=\/wp\/v2\/posts\/38417\/revisions\/38419"}],"wp:featuredmedia":[{"embeddable":true,"href":"https:\/\/informativoelvalledeaguascalientes.online\/index.php?rest_route=\/wp\/v2\/media\/38418"}],"wp:attachment":[{"href":"https:\/\/informativoelvalledeaguascalientes.online\/index.php?rest_route=%2Fwp%2Fv2%2Fmedia&parent=38417"}],"wp:term":[{"taxonomy":"category","embeddable":true,"href":"https:\/\/informativoelvalledeaguascalientes.online\/index.php?rest_route=%2Fwp%2Fv2%2Fcategories&post=38417"},{"taxonomy":"post_tag","embeddable":true,"href":"https:\/\/informativoelvalledeaguascalientes.online\/index.php?rest_route=%2Fwp%2Fv2%2Ftags&post=38417"}],"curies":[{"name":"wp","href":"https:\/\/api.w.org\/{rel}","templated":true}]}}