{"id":38295,"date":"2022-11-30T16:54:31","date_gmt":"2022-11-30T22:54:31","guid":{"rendered":"https:\/\/informativoelvalledeaguascalientes.online\/?p=38295"},"modified":"2022-11-30T16:54:31","modified_gmt":"2022-11-30T22:54:31","slug":"%f0%9d%90%8b%f0%9d%90%a2%f0%9d%90%a0%f0%9d%90%9a%f0%9d%90%ac-%f0%9d%90%83%f0%9d%90%9e%f0%9d%90%a9%f0%9d%90%a8%f0%9d%90%ab%f0%9d%90%ad%f0%9d%90%a2%f0%9d%90%af%f0%9d%90%9a%f0%9d%90%ac-%f0%9d%90%84","status":"publish","type":"post","link":"https:\/\/informativoelvalledeaguascalientes.online\/?p=38295","title":{"rendered":"\ud835\udc0b\ud835\udc22\ud835\udc20\ud835\udc1a\ud835\udc2c \ud835\udc03\ud835\udc1e\ud835\udc29\ud835\udc28\ud835\udc2b\ud835\udc2d\ud835\udc22\ud835\udc2f\ud835\udc1a\ud835\udc2c \ud835\udc04\ud835\udc2c\ud835\udc1c\ud835\udc28\ud835\udc25\ud835\udc1a\ud835\udc2b\ud835\udc1e\ud835\udc2c 2022- 2023 en Calvillo"},"content":{"rendered":"<p><strong><a href=\"https:\/\/www.facebook.com\/hashtag\/informativoelvalledeaguascalientes\">#informativoelvalledeaguascalientes<\/a><\/strong><\/p>\n<p><strong><a href=\"https:\/\/www.facebook.com\/hashtag\/novaradioaguascalientes\">#novaradioaguascalientes<\/a><\/strong><\/p>\n<p>\ud83c\udfc3\ud83c\udffb\u200d\u2642\ufe0f\ud83c\udfc3\ud83c\udffb\u200d\u2640\ufe0f\ud83e\udd3e\ud83c\udffb\u200d\u2642\ufe0fEl Gobierno de Calvillo en coordinaci\u00f3n con el Instituto de Educaci\u00f3n de Aguascalientes, el Departamento de Educaci\u00f3n F\u00edsica , el Sistema de Asesor\u00eda y Acompa\u00f1amiento a la Escuela de Calvillo, la Zona 13 de Educaci\u00f3n F\u00edsica y el Instituto del Deporte Calvillo llevaron a cabo las \ud835\udc0b\ud835\udc22\ud835\udc20\ud835\udc1a\ud835\udc2c \ud835\udc03\ud835\udc1e\ud835\udc29\ud835\udc28\ud835\udc2b\ud835\udc2d\ud835\udc22\ud835\udc2f\ud835\udc1a\ud835\udc2c \ud835\udc04\ud835\udc2c\ud835\udc1c\ud835\udc28\ud835\udc25\ud835\udc1a\ud835\udc2b\ud835\udc1e\ud835\udc2c 2022- 2023 en Calvillo de la Etapa de Zona 13 de Educaci\u00f3n F\u00edsica con el objetivo de fomentar en los alumnos de 4\u00b0, 5\u00b0 y 6\u00b0 de primaria la practica deportiva en sus diferentes disciplinas contribuyendo a su salud f\u00edsica, la sana convivencia y motivando el esp\u00edritu de superaci\u00f3n personal de las y los alumnos.<\/p>\n<p>Daniel Romo Urrutia, presidente municipal de Calvillo deseo \u00e9xito a todas y todos los competidores en cada una de las pruebas y los motiv\u00f3 a seguir practicando el deporte de su preferencia como una parte importante de sus vidas para mantenerse sanos f\u00edsica y mentalmente.<\/p>\n<p>En esta etapa participaron 1480 alumnas y alumnos de primaria que en lo que va del ciclo escolar se han estado preparando con una serie de actividades propias de educaci\u00f3n f\u00edsica, resultando finalistas 148 participantes todos ellos en el deporte de atletismo, que comprendieron 4 pruebas: velocidad 75mts planos, 150 mts. planos, relevos 4 x 75mts., salto de longitud y lanzamiento de pelota en ramas varonil y femenil, de aqu\u00ed saldr\u00e1n los seleccionados que representar\u00e1n a Calvillo en la etapa regional.<\/p>\n<p>#TierraQueTrasciende<\/p>\n","protected":false},"excerpt":{"rendered":"<p>#informativoelvalledeaguascalientes #novaradioaguascalientes \ud83c\udfc3\ud83c\udffb\u200d\u2642\ufe0f\ud83c\udfc3\ud83c\udffb\u200d\u2640\ufe0f\ud83e\udd3e\ud83c\udffb\u200d\u2642\ufe0fEl Gobierno de Calvillo en coordinaci\u00f3n con el Instituto de Educaci\u00f3n de Aguascalientes, el Departamento de Educaci\u00f3n F\u00edsica , el Sistema de Asesor\u00eda y Acompa\u00f1amiento a la Escuela de Calvillo, la Zona 13 de Educaci\u00f3n F\u00edsica y el Instituto del Deporte Calvillo llevaron a cabo las \ud835\udc0b\ud835\udc22\ud835\udc20\ud835\udc1a\ud835\udc2c \ud835\udc03\ud835\udc1e\ud835\udc29\ud835\udc28\ud835\udc2b\ud835\udc2d\ud835\udc22\ud835\udc2f\ud835\udc1a\ud835\udc2c \ud835\udc04\ud835\udc2c\ud835\udc1c\ud835\udc28\ud835\udc25\ud835\udc1a\ud835\udc2b\ud835\udc1e\ud835\udc2c 2022- 2023 en Calvillo [&hellip;]<\/p>\n","protected":false},"author":1,"featured_media":38296,"comment_status":"closed","ping_status":"open","sticky":false,"template":"","format":"standard","meta":{"advanced_seo_description":"","jetpack_seo_html_title":"","jetpack_seo_noindex":false,"_jetpack_memberships_contains_paid_content":false,"footnotes":"","jetpack_publicize_message":"","jetpack_publicize_feature_enabled":true,"jetpack_social_post_already_shared":true,"jetpack_social_options":{"image_generator_settings":{"template":"highway","default_image_id":0,"font":"","enabled":false},"version":2}},"categories":[21,13],"tags":[22,88,29],"class_list":["post-38295","post","type-post","status-publish","format-standard","has-post-thumbnail","hentry","category-aguascalientes","category-calvillo-aguascalientes","tag-aguascalientes","tag-calvillo","tag-calvillo-aguascalientes"],"jetpack_publicize_connections":[],"jetpack_featured_media_url":"https:\/\/i0.wp.com\/informativoelvalledeaguascalientes.online\/wp-content\/uploads\/2022\/11\/36b709b7-d318-4fdc-bf79-19d2d3112de3.jpg?fit=1024%2C682&ssl=1","jetpack-related-posts":[],"jetpack_sharing_enabled":true,"jetpack_likes_enabled":true,"_links":{"self":[{"href":"https:\/\/informativoelvalledeaguascalientes.online\/index.php?rest_route=\/wp\/v2\/posts\/38295","targetHints":{"allow":["GET"]}}],"collection":[{"href":"https:\/\/informativoelvalledeaguascalientes.online\/index.php?rest_route=\/wp\/v2\/posts"}],"about":[{"href":"https:\/\/informativoelvalledeaguascalientes.online\/index.php?rest_route=\/wp\/v2\/types\/post"}],"author":[{"embeddable":true,"href":"https:\/\/informativoelvalledeaguascalientes.online\/index.php?rest_route=\/wp\/v2\/users\/1"}],"replies":[{"embeddable":true,"href":"https:\/\/informativoelvalledeaguascalientes.online\/index.php?rest_route=%2Fwp%2Fv2%2Fcomments&post=38295"}],"version-history":[{"count":1,"href":"https:\/\/informativoelvalledeaguascalientes.online\/index.php?rest_route=\/wp\/v2\/posts\/38295\/revisions"}],"predecessor-version":[{"id":38297,"href":"https:\/\/informativoelvalledeaguascalientes.online\/index.php?rest_route=\/wp\/v2\/posts\/38295\/revisions\/38297"}],"wp:featuredmedia":[{"embeddable":true,"href":"https:\/\/informativoelvalledeaguascalientes.online\/index.php?rest_route=\/wp\/v2\/media\/38296"}],"wp:attachment":[{"href":"https:\/\/informativoelvalledeaguascalientes.online\/index.php?rest_route=%2Fwp%2Fv2%2Fmedia&parent=38295"}],"wp:term":[{"taxonomy":"category","embeddable":true,"href":"https:\/\/informativoelvalledeaguascalientes.online\/index.php?rest_route=%2Fwp%2Fv2%2Fcategories&post=38295"},{"taxonomy":"post_tag","embeddable":true,"href":"https:\/\/informativoelvalledeaguascalientes.online\/index.php?rest_route=%2Fwp%2Fv2%2Ftags&post=38295"}],"curies":[{"name":"wp","href":"https:\/\/api.w.org\/{rel}","templated":true}]}}