{"id":38293,"date":"2022-11-30T16:51:59","date_gmt":"2022-11-30T22:51:59","guid":{"rendered":"https:\/\/informativoelvalledeaguascalientes.online\/?p=38293"},"modified":"2022-11-30T16:51:59","modified_gmt":"2022-11-30T22:51:59","slug":"heroes-de-la-salud-reciben-reconocimiento-por-su-esfuerzo-y-anos-de-servicio","status":"publish","type":"post","link":"https:\/\/informativoelvalledeaguascalientes.online\/?p=38293","title":{"rendered":"H\u00c9ROES DE LA SALUD RECIBEN RECONOCIMIENTO POR SU ESFUERZO Y A\u00d1OS DE SERVICIO"},"content":{"rendered":"<div id=\"bgLayers_comp-l7sh9ubr2\" class=\"_3wnIc\" data-hook=\"bgLayers\">\n<div id=\"bgMedia_comp-l7sh9ubr2\" class=\"_2GUhU\"><\/div>\n<\/div>\n<div class=\"\" data-mesh-id=\"comp-l7sh9ubr2inlineContent\" data-testid=\"inline-content\">\n<div data-mesh-id=\"comp-l7sh9ubr2inlineContent-gridContainer\" data-testid=\"mesh-container-content\">\n<div id=\"comp-l7yvxqo2\" class=\"XUUsC\">\n<div class=\"xQ_iF\" data-testid=\"linkElement\">\n<p><strong><a href=\"https:\/\/www.facebook.com\/hashtag\/informativoelvalledeaguascalientes\">#informativoelvalledeaguascalientes<\/a><\/strong><\/p>\n<p><strong><a href=\"https:\/\/www.facebook.com\/hashtag\/novaradioaguascalientes\">#novaradioaguascalientes<\/a><\/strong><\/p>\n<p><strong><a href=\"https:\/\/www.facebook.com\/GobiernodeAguascalientes\">#ElGiganteDeMexico<\/a><\/strong><\/p>\n<p>&nbsp;<\/p>\n<\/div>\n<\/div>\n<div id=\"comp-l7sh9ubx\" class=\"_2PSyL\">\n<div class=\"comp-l7sh9ubx\">\n<div class=\"s1IW4bz\" data-hook=\"ricosviewer-wrapper\">\n<div class=\"kvdbP _1O7aH\" dir=\"ltr\" data-id=\"rich-content-viewer\">\n<div class=\"_1hN1O _3EPBy\">\n<p id=\"viewer-foo\" class=\"mm8Nw _1j-51 _1FoOD _78FBa public-DraftStyleDefault-block-depth0 fixed-tab-size public-DraftStyleDefault-text-ltr\"><span class=\"_2PHJq public-DraftStyleDefault-ltr\">La trayectoria de aquellas personas que han dedicado su vida al servicio de la gente en el sector salud en la entidad, fue reconocida por la gobernadora de Aguascalientes, Tere Jim\u00e9nez, quien les agradeci\u00f3 su esfuerzo, entrega\u00a0 y calidad con la que han hecho su trabajo durante todos estos a\u00f1os.<\/span><\/p>\n<div id=\"viewer-ciwif12533\" class=\"mm8Nw _1j-51 _1FoOD _78FBa public-DraftStyleDefault-block-depth0 fixed-tab-size public-DraftStyleDefault-text-ltr\"><span class=\"_2PHJq public-DraftStyleDefault-ltr\">\u00a0<\/span><\/div>\n<p id=\"viewer-ewbu112534\" class=\"mm8Nw _1j-51 _1FoOD _78FBa public-DraftStyleDefault-block-depth0 fixed-tab-size public-DraftStyleDefault-text-ltr\"><span class=\"_2PHJq public-DraftStyleDefault-ltr\">\u201cEl sector salud es prioritario para mi gobierno, y as\u00ed como ustedes se esfuerzan y luchan para dar el mejor trato a nuestra gente, desde el gobierno trabajaremos d\u00eda y noche para que las personas de Aguascalientes tengan un digno sistema de salud, adem\u00e1s de que buscaremos que sea gratuito para todas y todos\u201d, puntualiz\u00f3 Tere Jim\u00e9nez.<\/span><\/p>\n<div id=\"viewer-hkc9c12536\" class=\"mm8Nw _1j-51 _1FoOD _78FBa public-DraftStyleDefault-block-depth0 fixed-tab-size public-DraftStyleDefault-text-ltr\"><span class=\"_2PHJq public-DraftStyleDefault-ltr\">\u00a0<\/span><\/div>\n<p id=\"viewer-9pb1712537\" class=\"mm8Nw _1j-51 _1FoOD _78FBa public-DraftStyleDefault-block-depth0 fixed-tab-size public-DraftStyleDefault-text-ltr\"><span class=\"_2PHJq public-DraftStyleDefault-ltr\">En este sentido, detall\u00f3 que ya se trabaja en proyectos que beneficiar\u00e1n a la poblaci\u00f3n de los municipios, como el Hospital General de Pabell\u00f3n de Arteaga, por lo que invit\u00f3 al personal m\u00e9dico a no bajar la guardia y trabajar en equipo por el bien de la poblaci\u00f3n.\u00a0<\/span><\/p>\n<div id=\"viewer-ydzh312539\" class=\"mm8Nw _1j-51 _1FoOD _78FBa public-DraftStyleDefault-block-depth0 fixed-tab-size public-DraftStyleDefault-text-ltr\"><span class=\"_2PHJq public-DraftStyleDefault-ltr\">\u00a0<\/span><\/div>\n<p id=\"viewer-gppgo12540\" class=\"mm8Nw _1j-51 _1FoOD _78FBa public-DraftStyleDefault-block-depth0 fixed-tab-size public-DraftStyleDefault-text-ltr\"><span class=\"_2PHJq public-DraftStyleDefault-ltr\">Asimismo, Rub\u00e9n Galaviz Trist\u00e1n, secretario de salud del Estado, dijo que al paso de los a\u00f1os, lo m\u00e1s importante de este sector es el capital humano que labora en \u00e9l; un conjunto de profesionales a los que denomin\u00f3 \u201ch\u00e9roes de la salud\u201d.<\/span><\/p>\n<div id=\"viewer-yrvfi12542\" class=\"mm8Nw _1j-51 _1FoOD _78FBa public-DraftStyleDefault-block-depth0 fixed-tab-size public-DraftStyleDefault-text-ltr\"><span class=\"_2PHJq public-DraftStyleDefault-ltr\">\u00a0<\/span><\/div>\n<p id=\"viewer-w2zal12543\" class=\"mm8Nw _1j-51 _1FoOD _78FBa public-DraftStyleDefault-block-depth0 fixed-tab-size public-DraftStyleDefault-text-ltr\"><span class=\"_2PHJq public-DraftStyleDefault-ltr\">Durante el evento se entregaron reconocimientos a las personas con m\u00e1s a\u00f1os de servicio dentro del Instituto de Servicios de Salud del Estado de Aguascalientes (ISSEA). Irma Norma Lu\u00e9vano Ortiz recibi\u00f3 por 50 a\u00f1os; Gloria Elena Hern\u00e1ndez P\u00e9rez por 40; Gustavo Rodolfo Rodr\u00edguez Tapia por 35; Imelda Serna L\u00f3pez por 30; Nicol\u00e1s Rodr\u00edguez Rangel por 25; y Juana Patricia Flores Jim\u00e9nez por 20 a\u00f1os.<\/span><\/p>\n<div id=\"viewer-ifh9z12545\" class=\"mm8Nw _1j-51 _1FoOD _78FBa public-DraftStyleDefault-block-depth0 fixed-tab-size public-DraftStyleDefault-text-ltr\"><span class=\"_2PHJq public-DraftStyleDefault-ltr\">\u00a0<\/span><\/div>\n<p id=\"viewer-vy6t012546\" class=\"mm8Nw _1j-51 _1FoOD _78FBa public-DraftStyleDefault-block-depth0 fixed-tab-size public-DraftStyleDefault-text-ltr\"><span class=\"_2PHJq public-DraftStyleDefault-ltr\">En el evento estuvieron autoridades y personal del ISSEA, as\u00ed como representantes del Congreso del Estado y de la Secci\u00f3n 38 del Sindicato Nacional de Trabajadores de la Salud.<\/span><\/p>\n<\/div>\n<\/div>\n<\/div>\n<\/div>\n<\/div>\n<\/div>\n<\/div>\n","protected":false},"excerpt":{"rendered":"<p>#informativoelvalledeaguascalientes #novaradioaguascalientes #ElGiganteDeMexico &nbsp; La trayectoria de aquellas personas que han dedicado su vida al servicio de la gente en el sector salud en la entidad, fue reconocida por la gobernadora de Aguascalientes, Tere Jim\u00e9nez, quien les agradeci\u00f3 su esfuerzo, entrega\u00a0 y calidad con la que han hecho su trabajo durante todos estos a\u00f1os. \u00a0 [&hellip;]<\/p>\n","protected":false},"author":1,"featured_media":0,"comment_status":"closed","ping_status":"open","sticky":false,"template":"","format":"standard","meta":{"advanced_seo_description":"","jetpack_seo_html_title":"","jetpack_seo_noindex":false,"_jetpack_memberships_contains_paid_content":false,"footnotes":"","jetpack_publicize_message":"","jetpack_publicize_feature_enabled":true,"jetpack_social_post_already_shared":true,"jetpack_social_options":{"image_generator_settings":{"template":"highway","default_image_id":0,"font":"","enabled":false},"version":2}},"categories":[21,4],"tags":[22,161,30,320],"class_list":["post-38293","post","type-post","status-publish","format-standard","hentry","category-aguascalientes","category-gobierno-del-estado-aguascalientes","tag-aguascalientes","tag-gobierno-del-estado-aguascalientes","tag-issea","tag-tere-jimenez"],"jetpack_publicize_connections":[],"jetpack_featured_media_url":"","jetpack-related-posts":[],"jetpack_sharing_enabled":true,"jetpack_likes_enabled":true,"_links":{"self":[{"href":"https:\/\/informativoelvalledeaguascalientes.online\/index.php?rest_route=\/wp\/v2\/posts\/38293","targetHints":{"allow":["GET"]}}],"collection":[{"href":"https:\/\/informativoelvalledeaguascalientes.online\/index.php?rest_route=\/wp\/v2\/posts"}],"about":[{"href":"https:\/\/informativoelvalledeaguascalientes.online\/index.php?rest_route=\/wp\/v2\/types\/post"}],"author":[{"embeddable":true,"href":"https:\/\/informativoelvalledeaguascalientes.online\/index.php?rest_route=\/wp\/v2\/users\/1"}],"replies":[{"embeddable":true,"href":"https:\/\/informativoelvalledeaguascalientes.online\/index.php?rest_route=%2Fwp%2Fv2%2Fcomments&post=38293"}],"version-history":[{"count":1,"href":"https:\/\/informativoelvalledeaguascalientes.online\/index.php?rest_route=\/wp\/v2\/posts\/38293\/revisions"}],"predecessor-version":[{"id":38294,"href":"https:\/\/informativoelvalledeaguascalientes.online\/index.php?rest_route=\/wp\/v2\/posts\/38293\/revisions\/38294"}],"wp:attachment":[{"href":"https:\/\/informativoelvalledeaguascalientes.online\/index.php?rest_route=%2Fwp%2Fv2%2Fmedia&parent=38293"}],"wp:term":[{"taxonomy":"category","embeddable":true,"href":"https:\/\/informativoelvalledeaguascalientes.online\/index.php?rest_route=%2Fwp%2Fv2%2Fcategories&post=38293"},{"taxonomy":"post_tag","embeddable":true,"href":"https:\/\/informativoelvalledeaguascalientes.online\/index.php?rest_route=%2Fwp%2Fv2%2Ftags&post=38293"}],"curies":[{"name":"wp","href":"https:\/\/api.w.org\/{rel}","templated":true}]}}