{"id":38237,"date":"2022-11-29T17:52:57","date_gmt":"2022-11-29T23:52:57","guid":{"rendered":"https:\/\/informativoelvalledeaguascalientes.online\/?p=38237"},"modified":"2022-11-29T17:52:57","modified_gmt":"2022-11-29T23:52:57","slug":"se-inauguro-en-el-vestibulo-del-congreso-de-aguascalientes-la-primera-exposicion-de-obras-de-autores-lgbtttiq-de-la-mano-del-diputade-juan-ugarte","status":"publish","type":"post","link":"https:\/\/informativoelvalledeaguascalientes.online\/?p=38237","title":{"rendered":"Se inaugur\u00f3 en el vest\u00edbulo del Congreso de Aguascalientes la Primera Exposici\u00f3n de Obras de Autores LGBTTTIQ+, de la mano del Diputade Juan Ugarte."},"content":{"rendered":"<p><strong><a href=\"https:\/\/www.facebook.com\/hashtag\/informativoelvalledeaguascalientes\">#informativoelvalledeaguascalientes<\/a><\/strong><\/p>\n<p><strong><a href=\"https:\/\/www.facebook.com\/hashtag\/novaradioaguascalientes\">#novaradioaguascalientes<\/a><\/strong><\/p>\n<p>&nbsp;<\/p>\n<p>La tarde de ayer 28 de noviembre, se inaugur\u00f3 en el vest\u00edbulo del Congreso de Aguascalientes la Primera Exposici\u00f3n de Obras de Autores LGBTTTIQ+, de la mano del Diputade Juan Ugarte.<\/p>\n<p>Al rededor de 11 autores se sumaron a esta exposici\u00f3n para dar a conocer sus obras bajo diferentes t\u00e9cnicas, como la fotograf\u00eda y el dise\u00f1o digital.<\/p>\n<p>Tracsy L\u00f3pez \u201cTeCe\u201d present\u00f3 su obra \u201c\u00bfQui\u00e9n lo Rob\u00f3?\u201d, una fotograf\u00eda que enmarca la lucha y la discriminaci\u00f3n que sufre una comunidad, a su vez el autor Abraham Romo present\u00f3 \u201cEquilibrio\u201d, una creaci\u00f3n digital donde busca llegar a un equilibrio entre los demonios de la ansiedad y la paz que pueda tener el ser humano.<\/p>\n<p>Entre otros autores y sus obras, se encuentran los siguientes:<\/p>\n<p>\u2022 Tracsy L\u00f3pez \u201cTeCe\u201d: \u201c\u00bfQui\u00e9n lo Rob\u00f3?<br \/>\n\u2022 Erika Luevano \u201cM\u00e1gica\u201d: \u201cEl \u00fanico acertijo sin respuesta\u201d y \u201c:P\u201d<br \/>\n\u2022 Abraham Mar\u00edn: \u201cValen m\u00e1s\u201d<br \/>\n\u2022 Oscar Lim\u00f3n: \u201cCielo de mi Tierra\u201d y \u201cSilencio\u201d<br \/>\n\u2022 Emilio Gonz\u00e1lez: \u201cTransferencia\u201d<br \/>\n\u2022 Josu\u00e9 G\u00f3mez: \u201cLx Novix\u201d y \u201cChula Zapata\u201d<br \/>\n\u2022 Bismarck Ror\u00edguez: \u201cConf\u00edn de Cordura\u201d<br \/>\n\u2022 Kevin M\u00dcrhe: \u201cCarne Fresca\u201d<br \/>\n\u2022 Abraham Romo: \u201cEquilibrio\u201d<br \/>\n\u2022 Pafro Norvo: \u201cNew Shapes\u201d<\/p>\n<p>El diputade explic\u00f3 que \u201cesta es la primera exposici\u00f3n de arte de esta naturaleza, son autores de Aguascalientes y es una oportunidad que le estamos dando a las, los y les artistas para que se expresen mostrando su trabajo; que la ciudadan\u00eda conozca lo que realizan. Tenemos mucho talento en nuestro Estado, y nos caracteriza el fomento del arte y la cultura\u201d.<\/p>\n<p>Finalmente, la exposici\u00f3n de obras de arte estar\u00e1 vigente hasta el 2 de diciembre, y est\u00e1 abierto a todo el p\u00fablico; concluy\u00f3.<\/p>\n","protected":false},"excerpt":{"rendered":"<p>#informativoelvalledeaguascalientes #novaradioaguascalientes &nbsp; La tarde de ayer 28 de noviembre, se inaugur\u00f3 en el vest\u00edbulo del Congreso de Aguascalientes la Primera Exposici\u00f3n de Obras de Autores LGBTTTIQ+, de la mano del Diputade Juan Ugarte. Al rededor de 11 autores se sumaron a esta exposici\u00f3n para dar a conocer sus obras bajo diferentes t\u00e9cnicas, como la [&hellip;]<\/p>\n","protected":false},"author":1,"featured_media":38238,"comment_status":"closed","ping_status":"open","sticky":false,"template":"","format":"standard","meta":{"advanced_seo_description":"","jetpack_seo_html_title":"","jetpack_seo_noindex":false,"_jetpack_memberships_contains_paid_content":false,"footnotes":"","jetpack_publicize_message":"","jetpack_publicize_feature_enabled":true,"jetpack_social_post_already_shared":true,"jetpack_social_options":{"image_generator_settings":{"template":"highway","default_image_id":0,"font":"","enabled":false},"version":2}},"categories":[21,5],"tags":[22,520],"class_list":["post-38237","post","type-post","status-publish","format-standard","has-post-thumbnail","hentry","category-aguascalientes","category-h-congreso-del-estado-aguascalientes","tag-aguascalientes","tag-lxv-legislatura-aguascalientes"],"jetpack_publicize_connections":[],"jetpack_featured_media_url":"https:\/\/i0.wp.com\/informativoelvalledeaguascalientes.online\/wp-content\/uploads\/2022\/11\/hce-ags-expo-diputade.jpg?fit=1296%2C864&ssl=1","jetpack-related-posts":[],"jetpack_sharing_enabled":true,"jetpack_likes_enabled":true,"_links":{"self":[{"href":"https:\/\/informativoelvalledeaguascalientes.online\/index.php?rest_route=\/wp\/v2\/posts\/38237","targetHints":{"allow":["GET"]}}],"collection":[{"href":"https:\/\/informativoelvalledeaguascalientes.online\/index.php?rest_route=\/wp\/v2\/posts"}],"about":[{"href":"https:\/\/informativoelvalledeaguascalientes.online\/index.php?rest_route=\/wp\/v2\/types\/post"}],"author":[{"embeddable":true,"href":"https:\/\/informativoelvalledeaguascalientes.online\/index.php?rest_route=\/wp\/v2\/users\/1"}],"replies":[{"embeddable":true,"href":"https:\/\/informativoelvalledeaguascalientes.online\/index.php?rest_route=%2Fwp%2Fv2%2Fcomments&post=38237"}],"version-history":[{"count":1,"href":"https:\/\/informativoelvalledeaguascalientes.online\/index.php?rest_route=\/wp\/v2\/posts\/38237\/revisions"}],"predecessor-version":[{"id":38239,"href":"https:\/\/informativoelvalledeaguascalientes.online\/index.php?rest_route=\/wp\/v2\/posts\/38237\/revisions\/38239"}],"wp:featuredmedia":[{"embeddable":true,"href":"https:\/\/informativoelvalledeaguascalientes.online\/index.php?rest_route=\/wp\/v2\/media\/38238"}],"wp:attachment":[{"href":"https:\/\/informativoelvalledeaguascalientes.online\/index.php?rest_route=%2Fwp%2Fv2%2Fmedia&parent=38237"}],"wp:term":[{"taxonomy":"category","embeddable":true,"href":"https:\/\/informativoelvalledeaguascalientes.online\/index.php?rest_route=%2Fwp%2Fv2%2Fcategories&post=38237"},{"taxonomy":"post_tag","embeddable":true,"href":"https:\/\/informativoelvalledeaguascalientes.online\/index.php?rest_route=%2Fwp%2Fv2%2Ftags&post=38237"}],"curies":[{"name":"wp","href":"https:\/\/api.w.org\/{rel}","templated":true}]}}