{"id":38234,"date":"2022-11-29T17:44:13","date_gmt":"2022-11-29T23:44:13","guid":{"rendered":"https:\/\/informativoelvalledeaguascalientes.online\/?p=38234"},"modified":"2022-11-29T17:44:13","modified_gmt":"2022-11-29T23:44:13","slug":"el-dia-que-sea-a-la-hora-que-sea-el-pri-va-a-votar-en-contra-alejandro-moreno","status":"publish","type":"post","link":"https:\/\/informativoelvalledeaguascalientes.online\/?p=38234","title":{"rendered":"EL D\u00cdA QUE SEA, A LA HORA QUE SEA, EL PRI VA A VOTAR EN CONTRA: ALEJANDRO MORENO"},"content":{"rendered":"<p><strong><a href=\"https:\/\/www.facebook.com\/hashtag\/informativoelvalledeaguascalientes\">#informativoelvalledeaguascalientes<\/a><\/strong><\/p>\n<p><strong><a href=\"https:\/\/www.facebook.com\/hashtag\/novaradioaguascalientes\">#novaradioaguascalientes<\/a><\/strong><\/p>\n<p>&nbsp;<\/p>\n<p>&nbsp;<\/p>\n<p>El l\u00edder nacional del PRI dej\u00f3 en claro el rotundo rechazo del tricolor a la iniciativa de reforma electoral del gobierno federal y de Morena.<\/p>\n<p>Alejandro Moreno, Presidente del Comit\u00e9 Ejecutivo Nacional (CEN) del Partido Revolucionario Institucional (PRI), afirm\u00f3 que hoy, ma\u00f1ana o la pr\u00f3xima semana, el d\u00eda que se presente en la C\u00e1mara de Diputados, \u201cvotaremos en contra\u201d de la reforma electoral del gobierno federal y Morena.<\/p>\n<p>En compa\u00f1\u00eda del Coordinador del Grupo Parlamentario del PRI en la C\u00e1mara Baja, Rub\u00e9n Moreira y de los integrantes de la bancada priista, el l\u00edder nacional de este instituto pol\u00edtico encabez\u00f3 una conferencia de prensa, en la que subray\u00f3: \u201cqueremos reiterar, como ha sido nuestro partido y nuestro Grupo Parlamentario, dejar claro nuestro rotundo rechazo y que votaremos en contra del dictamen que se ha presentado\u201d.<\/p>\n<p>El Presidente Alejandro Moreno subray\u00f3 que \u201clo dejamos claro, lo dejamos muy firme ante ustedes, porque esa ser\u00e1 siempre la posici\u00f3n de nuestro partido, de nuestros legisladores, as\u00ed se mueva unos d\u00edas, dos d\u00edas, una semana, esa ser\u00e1 la posici\u00f3n del PRI\u201d.<\/p>\n<p>\u201cConocemos la propuesta y tenemos claro que lo m\u00e1s importante es defender al Instituto nacional Electoral (INE) al Tribunal Federal Electoral; jam\u00e1s restarles facultades o autonom\u00eda ni debilitarlos\u201d, agreg\u00f3.<\/p>\n<p>El l\u00edder nacional del PRI destac\u00f3 que tambi\u00e9n se debe dar un mensaje claro de que se requiere hacer a un lado en las pr\u00f3ximas elecciones que participe el crimen organizado.<\/p>\n<p>Recalc\u00f3 que tambi\u00e9n es imperativo detener la violencia de g\u00e9nero, al tiempo que reconoci\u00f3 la gran participaci\u00f3n de todos para fortalecer este proceso \u201cy no son los tiempos para enviar una iniciativa electoral\u201d.<\/p>\n<p>El tambi\u00e9n diputado federal y Presidente de la Conferencia Permanente de Partidos Pol\u00edticos de Am\u00e9rica Latina y el Caribe (COPPPAL) sostuvo que el pasado 13 de noviembre \u201cvivimos una jornada in\u00e9dita, de una gran participaci\u00f3n de la sociedad, para respaldar el modelo democr\u00e1tico, la democracia, las instituciones electorales\u201d.<\/p>\n<p>Por ello, dijo, nuestra posici\u00f3n derivar\u00e1 en embates, en ataques y se\u00f1alamientos, \u201cpero aqu\u00ed estaremos firmes. Aqu\u00ed est\u00e1 el Partido Revolucionario Institucional al lado de la gente, al lado de los \u00f3rganos electorales\u201d.<\/p>\n<p>En este marco, el Presidente del CEN del PRI reconoci\u00f3 que \u201cM\u00e9xico vive una urgente necesidad de inaugurar una nueva etapa pol\u00edtica, un r\u00e9gimen pol\u00edtico que se fortalezca con el cumplimiento de los ciudadanos\u201d.<\/p>\n<p>Una nueva etapa, dijo, que deje atr\u00e1s el presidencialismo autoritario que lastima, que no genera condiciones de competencia.<\/p>\n","protected":false},"excerpt":{"rendered":"<p>#informativoelvalledeaguascalientes #novaradioaguascalientes &nbsp; &nbsp; El l\u00edder nacional del PRI dej\u00f3 en claro el rotundo rechazo del tricolor a la iniciativa de reforma electoral del gobierno federal y de Morena. Alejandro Moreno, Presidente del Comit\u00e9 Ejecutivo Nacional (CEN) del Partido Revolucionario Institucional (PRI), afirm\u00f3 que hoy, ma\u00f1ana o la pr\u00f3xima semana, el d\u00eda que se presente [&hellip;]<\/p>\n","protected":false},"author":1,"featured_media":38235,"comment_status":"closed","ping_status":"open","sticky":false,"template":"","format":"standard","meta":{"advanced_seo_description":"","jetpack_seo_html_title":"","jetpack_seo_noindex":false,"_jetpack_memberships_contains_paid_content":false,"footnotes":"","jetpack_publicize_message":"","jetpack_publicize_feature_enabled":true,"jetpack_social_post_already_shared":true,"jetpack_social_options":{"image_generator_settings":{"template":"highway","default_image_id":0,"font":"","enabled":false},"version":2}},"categories":[21,19,6,9],"tags":[22,232,622,33,390],"class_list":["post-38234","post","type-post","status-publish","format-standard","has-post-thumbnail","hentry","category-aguascalientes","category-informacion-general","category-partidos-politicos","category-pri-aguascalientes","tag-aguascalientes","tag-informacion-general","tag-pri","tag-pri-aguascalientes-cde","tag-pri-aguascalientes-cen"],"jetpack_publicize_connections":[],"jetpack_featured_media_url":"https:\/\/i0.wp.com\/informativoelvalledeaguascalientes.online\/wp-content\/uploads\/2022\/11\/pri-nacional.jpg?fit=1280%2C854&ssl=1","jetpack-related-posts":[],"jetpack_sharing_enabled":true,"jetpack_likes_enabled":true,"_links":{"self":[{"href":"https:\/\/informativoelvalledeaguascalientes.online\/index.php?rest_route=\/wp\/v2\/posts\/38234","targetHints":{"allow":["GET"]}}],"collection":[{"href":"https:\/\/informativoelvalledeaguascalientes.online\/index.php?rest_route=\/wp\/v2\/posts"}],"about":[{"href":"https:\/\/informativoelvalledeaguascalientes.online\/index.php?rest_route=\/wp\/v2\/types\/post"}],"author":[{"embeddable":true,"href":"https:\/\/informativoelvalledeaguascalientes.online\/index.php?rest_route=\/wp\/v2\/users\/1"}],"replies":[{"embeddable":true,"href":"https:\/\/informativoelvalledeaguascalientes.online\/index.php?rest_route=%2Fwp%2Fv2%2Fcomments&post=38234"}],"version-history":[{"count":1,"href":"https:\/\/informativoelvalledeaguascalientes.online\/index.php?rest_route=\/wp\/v2\/posts\/38234\/revisions"}],"predecessor-version":[{"id":38236,"href":"https:\/\/informativoelvalledeaguascalientes.online\/index.php?rest_route=\/wp\/v2\/posts\/38234\/revisions\/38236"}],"wp:featuredmedia":[{"embeddable":true,"href":"https:\/\/informativoelvalledeaguascalientes.online\/index.php?rest_route=\/wp\/v2\/media\/38235"}],"wp:attachment":[{"href":"https:\/\/informativoelvalledeaguascalientes.online\/index.php?rest_route=%2Fwp%2Fv2%2Fmedia&parent=38234"}],"wp:term":[{"taxonomy":"category","embeddable":true,"href":"https:\/\/informativoelvalledeaguascalientes.online\/index.php?rest_route=%2Fwp%2Fv2%2Fcategories&post=38234"},{"taxonomy":"post_tag","embeddable":true,"href":"https:\/\/informativoelvalledeaguascalientes.online\/index.php?rest_route=%2Fwp%2Fv2%2Ftags&post=38234"}],"curies":[{"name":"wp","href":"https:\/\/api.w.org\/{rel}","templated":true}]}}